{"id":87331,"date":"2016-12-01T15:14:55","date_gmt":"2016-12-01T14:14:55","guid":{"rendered":"http:\/\/gazdasagportal.hu\/?p=87331"},"modified":"2016-12-01T15:14:55","modified_gmt":"2016-12-01T14:14:55","slug":"jogerosen-pert-nyert-orban-viktor-az-altus-zrt-ellen","status":"publish","type":"post","link":"https:\/\/gazdasagportal.hu\/index.php\/jogerosen-pert-nyert-orban-viktor-az-altus-zrt-ellen\/","title":{"rendered":"Joger\u0151sen pert nyert Orb\u00e1n Viktor az Altus Zrt. ellen"},"content":{"rendered":"<p><strong>A m\u00e1sodfokon elj\u00e1r\u00f3 F\u0151v\u00e1rosi \u00cdt\u00e9l\u0151t\u00e1bla megv\u00e1ltoztatta a kor\u00e1bbi els\u0151fok\u00fa \u00edt\u00e9letet, \u00edgy Orb\u00e1n Viktor joger\u0151sen pert nyert az Altus Zrt.-vel szemben &#8211; t\u00e1j\u00e9koztatta Havasi Bertalan, a korm\u00e1nyf\u0151 sajt\u00f3f\u0151n\u00f6ke cs\u00fct\u00f6rt\u00f6k\u00f6n az MTI-t.<\/strong><!--more--><\/p>\n<div class=\"ads-in-post1\"><div id=\"gazdasagportal.hu_fullbanner_wideboard\"><\/div>\r\n<\/div>\n<p>    Elmondta: Gyurcs\u00e1ny Ferenc\u00e9k az\u00e9rt pereltek, mert nem tetszett nekik, hogy a minisztereln\u00f6k sz\u00f3v\u00e1 tette az Altus Zrt. EU-s megb\u00edz\u00e1s\u00e1t.<br \/>\n    Orb\u00e1n Viktor 2015 m\u00e1jus\u00e1ban Strasbourgban tartott sajt\u00f3t\u00e1j\u00e9koztat\u00f3j\u00e1n \u00fagy fogalmazott: &#8222;ilyen p\u00e1rtfinansz\u00edroz\u00e1si botr\u00e1nyt, mint amibe keverte mag\u00e1t az EU&#8221;, m\u00e9g nem l\u00e1tott. &#8222;\u00dczleti megb\u00edzat\u00e1snak \u00e1lc\u00e1zott form\u00e1ban eur\u00f3pai uni\u00f3s p\u00e9nzt adnak egy olyan c\u00e9gnek, amely egy\u00e9rtelm\u0171en p\u00e1rtc\u00e9lokra is haszn\u00e1lja ezeket a forr\u00e1sokat.&#8221;<br \/>\n    A m\u00e1sodfokon elj\u00e1rt b\u00edr\u00f3s\u00e1g most megv\u00e1ltoztatta az id\u00e9n \u00e1prilisban meghozott, az Altusnak kedvez\u0151, nem joger\u0151s \u00edt\u00e9letet, \u00e9s teljes m\u00e9rt\u00e9kben elutas\u00edtotta az Altus Zrt. kereset\u00e9t Orb\u00e1n Viktorral szemben. A Gyurcs\u00e1ny-c\u00e9g k\u00f6teles Orb\u00e1n Viktor perk\u00f6lts\u00e9geit is megfizetni &#8211; k\u00f6z\u00f6lte a Minisztereln\u00f6ki Sajt\u00f3irod\u00e1t vezet\u0151 helyettes \u00e1llamtitk\u00e1r.(MTI)<\/p>\n","protected":false},"excerpt":{"rendered":"<p>A m\u00e1sodfokon elj\u00e1r\u00f3 F\u0151v\u00e1rosi \u00cdt\u00e9l\u0151t\u00e1bla megv\u00e1ltoztatta a kor\u00e1bbi els\u0151fok\u00fa \u00edt\u00e9letet, \u00edgy Orb\u00e1n Viktor joger\u0151sen pert nyert az Altus Zrt.-vel szemben &#8211; t\u00e1j\u00e9koztatta Havasi Bertalan, a korm\u00e1nyf\u0151 sajt\u00f3f\u0151n\u00f6ke cs\u00fct\u00f6rt\u00f6k\u00f6n az MTI-t.<\/p>\n","protected":false},"author":1,"featured_media":0,"comment_status":"open","ping_status":"closed","sticky":false,"template":"","format":"standard","meta":[],"categories":[4],"tags":[],"_links":{"self":[{"href":"https:\/\/gazdasagportal.hu\/index.php\/wp-json\/wp\/v2\/posts\/87331"}],"collection":[{"href":"https:\/\/gazdasagportal.hu\/index.php\/wp-json\/wp\/v2\/posts"}],"about":[{"href":"https:\/\/gazdasagportal.hu\/index.php\/wp-json\/wp\/v2\/types\/post"}],"author":[{"embeddable":true,"href":"https:\/\/gazdasagportal.hu\/index.php\/wp-json\/wp\/v2\/users\/1"}],"replies":[{"embeddable":true,"href":"https:\/\/gazdasagportal.hu\/index.php\/wp-json\/wp\/v2\/comments?post=87331"}],"version-history":[{"count":1,"href":"https:\/\/gazdasagportal.hu\/index.php\/wp-json\/wp\/v2\/posts\/87331\/revisions"}],"predecessor-version":[{"id":87332,"href":"https:\/\/gazdasagportal.hu\/index.php\/wp-json\/wp\/v2\/posts\/87331\/revisions\/87332"}],"wp:attachment":[{"href":"https:\/\/gazdasagportal.hu\/index.php\/wp-json\/wp\/v2\/media?parent=87331"}],"wp:term":[{"taxonomy":"category","embeddable":true,"href":"https:\/\/gazdasagportal.hu\/index.php\/wp-json\/wp\/v2\/categories?post=87331"},{"taxonomy":"post_tag","embeddable":true,"href":"https:\/\/gazdasagportal.hu\/index.php\/wp-json\/wp\/v2\/tags?post=87331"}],"curies":[{"name":"wp","href":"https:\/\/api.w.org\/{rel}","templated":true}]}}