{"id":87329,"date":"2016-12-01T14:39:13","date_gmt":"2016-12-01T13:39:13","guid":{"rendered":"http:\/\/gazdasagportal.hu\/?p=87329"},"modified":"2016-12-01T14:39:13","modified_gmt":"2016-12-01T13:39:13","slug":"a-fiatalok-penzugyi-ismereteit-fejlesztene-a-bet-es-a-penziranytu-alapitvany","status":"publish","type":"post","link":"https:\/\/gazdasagportal.hu\/index.php\/a-fiatalok-penzugyi-ismereteit-fejlesztene-a-bet-es-a-penziranytu-alapitvany\/","title":{"rendered":"A fiatalok p\u00e9nz\u00fcgyi ismereteit fejleszten\u00e9 a B\u00c9T \u00e9s a P\u00e9nzir\u00e1nyt\u0171 Alap\u00edtv\u00e1ny"},"content":{"rendered":"<p><strong>Egy\u00fcttm\u0171k\u00f6d\u00e9si meg\u00e1llapod\u00e1st k\u00f6t\u00f6tt a Budapesti \u00c9rt\u00e9kt\u0151zsde (B\u00c9T) \u00e9s a P\u00e9nzir\u00e1nyt\u0171 Alap\u00edtv\u00e1ny a k\u00f6z\u00e9piskol\u00e1sok p\u00e9nz\u00fcgyi, t\u0151zsdei ismereteinek b\u0151v\u00edt\u00e9s\u00e9re \u00e9s befektet\u0151i tudatoss\u00e1g\u00e1nak fejleszt\u00e9s\u00e9re.<\/strong><!--more--><\/p>\n<div class=\"ads-in-post1\"><div id=\"gazdasagportal.hu_fullbanner_wideboard\"><\/div>\r\n<\/div>\n<p>    A B\u00c9T az MTI-hez cs\u00fct\u00f6rt\u00f6k\u00f6n eljuttatott k\u00f6zlem\u00e9ny\u00e9ben kiemelte: a k\u00e9t szervezet a j\u00f6v\u0151ben szorosabbra f\u0171zi egy\u00fcttm\u0171k\u00f6d\u00e9s\u00e9t a 14-18 \u00e9ves koroszt\u00e1ly p\u00e9nz\u00fcgyi kult\u00far\u00e1j\u00e1t \u00e9s befektet\u0151i tudatoss\u00e1g\u00e1t fejleszt\u0151 tev\u00e9kenys\u00e9gei sor\u00e1n. Hozz\u00e1tett\u00e9k: a k\u00f6z\u00e9piskol\u00e1sok mindennapi tud\u00e1s\u00e1nak r\u00e9sz\u00e9v\u00e9 szeretn\u00e9k tenni az alapvet\u0151 megtakar\u00edt\u00e1si \u00e9s befektet\u00e9si ismereteket. A k\u00f6z\u00f6s c\u00e9lok k\u00f6z\u00f6tt szerepel tov\u00e1bb\u00e1 a fiatalok t\u0151zsdei ismereteinek sz\u00e9les\u00edt\u00e9se, \u00edgy a tervek szerint a P\u00e9nz7 rendezv\u00e9ny keret\u00e9ben a fiatalok sz\u00e1m\u00e1ra j\u00f6v\u0151 tavasszal nagyszab\u00e1s\u00fa t\u0151zsdej\u00e1t\u00e9kot ind\u00edtanak.<br \/>\n    &#8222;A fiatalkorban megszil\u00e1rd\u00edtott p\u00e9nz\u00fcgyi ismeretek stabil h\u00e1tteret adnak egy k\u00e9s\u0151bbi, megfelel\u0151 p\u00e9nz\u00fcgyi d\u00f6nt\u00e9s meghozatal\u00e1hoz&#8221; &#8211; hangs\u00falyozta V\u00e9gh Rich\u00e1rd, a Budapesti \u00c9rt\u00e9kt\u0151zsde vez\u00e9rigazgat\u00f3ja a k\u00f6zlem\u00e9nyben.<br \/>\n    A k\u00f6zlem\u00e9ny id\u00e9zi Mer\u00e9nyi Zsuzsann\u00e1t, a P\u00e9nzir\u00e1nyt\u0171 Alap\u00edtv\u00e1ny oktat\u00e1si igazgat\u00f3j\u00e1t is, aki szerint a p\u00e9nz\u00fcgyi \u00f6ngondoskod\u00e1s, valamint az egy\u00e9ni felel\u0151ss\u00e9gv\u00e1llal\u00e1s k\u00e9pess\u00e9ge legink\u00e1bb fiatal korban saj\u00e1t\u00edthat\u00f3 el, ez\u00e9rt az egy\u00fcttm\u0171k\u00f6d\u00e9sben kiemelt c\u00e9lcsoportnak tekintik az \u00e1ltal\u00e1nos- \u00e9s k\u00f6z\u00e9piskol\u00e1s koroszt\u00e1lyt.<br \/>\n    A P\u00e9nzir\u00e1nyt\u0171 Alap\u00edtv\u00e1nyt 2008-ban hozta l\u00e9tre a Magyar Nemzeti Bank, a Di\u00e1khitel K\u00f6zpont \u00e9s a Magyar Banksz\u00f6vets\u00e9g azzal a c\u00e9llal, hogy a hat\u00f3s\u00e1gokkal, civil szervezetekkel \u00e9s piaci szerepl\u0151kkel egy\u00fcttm\u0171k\u00f6dve p\u00e9nz\u00fcgyi tudatoss\u00e1got fejleszt\u0151 programokat dolgozzon ki \u00e9s val\u00f3s\u00edtson meg. Az alap\u00edtv\u00e1ny sz\u00e1mos programmal seg\u00edti a fiatalokat a gyakorlati p\u00e9nz\u00fcgyek felel\u0151s kezel\u00e9s\u00e9ben.(MTI)<\/p>\n","protected":false},"excerpt":{"rendered":"<p>Egy\u00fcttm\u0171k\u00f6d\u00e9si meg\u00e1llapod\u00e1st k\u00f6t\u00f6tt a Budapesti \u00c9rt\u00e9kt\u0151zsde (B\u00c9T) \u00e9s a P\u00e9nzir\u00e1nyt\u0171 Alap\u00edtv\u00e1ny a k\u00f6z\u00e9piskol\u00e1sok p\u00e9nz\u00fcgyi, t\u0151zsdei ismereteinek b\u0151v\u00edt\u00e9s\u00e9re \u00e9s befektet\u0151i tudatoss\u00e1g\u00e1nak fejleszt\u00e9s\u00e9re.<\/p>\n","protected":false},"author":1,"featured_media":0,"comment_status":"open","ping_status":"closed","sticky":false,"template":"","format":"standard","meta":[],"categories":[19],"tags":[],"_links":{"self":[{"href":"https:\/\/gazdasagportal.hu\/index.php\/wp-json\/wp\/v2\/posts\/87329"}],"collection":[{"href":"https:\/\/gazdasagportal.hu\/index.php\/wp-json\/wp\/v2\/posts"}],"about":[{"href":"https:\/\/gazdasagportal.hu\/index.php\/wp-json\/wp\/v2\/types\/post"}],"author":[{"embeddable":true,"href":"https:\/\/gazdasagportal.hu\/index.php\/wp-json\/wp\/v2\/users\/1"}],"replies":[{"embeddable":true,"href":"https:\/\/gazdasagportal.hu\/index.php\/wp-json\/wp\/v2\/comments?post=87329"}],"version-history":[{"count":1,"href":"https:\/\/gazdasagportal.hu\/index.php\/wp-json\/wp\/v2\/posts\/87329\/revisions"}],"predecessor-version":[{"id":87330,"href":"https:\/\/gazdasagportal.hu\/index.php\/wp-json\/wp\/v2\/posts\/87329\/revisions\/87330"}],"wp:attachment":[{"href":"https:\/\/gazdasagportal.hu\/index.php\/wp-json\/wp\/v2\/media?parent=87329"}],"wp:term":[{"taxonomy":"category","embeddable":true,"href":"https:\/\/gazdasagportal.hu\/index.php\/wp-json\/wp\/v2\/categories?post=87329"},{"taxonomy":"post_tag","embeddable":true,"href":"https:\/\/gazdasagportal.hu\/index.php\/wp-json\/wp\/v2\/tags?post=87329"}],"curies":[{"name":"wp","href":"https:\/\/api.w.org\/{rel}","templated":true}]}}