{"id":87323,"date":"2016-12-01T13:04:09","date_gmt":"2016-12-01T12:04:09","guid":{"rendered":"http:\/\/gazdasagportal.hu\/?p=87323"},"modified":"2016-12-01T13:04:09","modified_gmt":"2016-12-01T12:04:09","slug":"oroszorszag-is-csokkenti-a-koolajkitermelest","status":"publish","type":"post","link":"https:\/\/gazdasagportal.hu\/index.php\/oroszorszag-is-csokkenti-a-koolajkitermelest\/","title":{"rendered":"Oroszorsz\u00e1g is cs\u00f6kkenti a k\u0151olajkitermel\u00e9st"},"content":{"rendered":"<p><a href=\"https:\/\/gazdasagportal.hu\/wp-content\/uploads\/2015\/04\/olajtarolo.jpg\"><img decoding=\"async\" loading=\"lazy\" src=\"https:\/\/gazdasagportal.hu\/wp-content\/uploads\/2015\/04\/olajtarolo.jpg\" alt=\"olajtarolo\" width=\"600\" height=\"338\" class=\"aligncenter size-full wp-image-58789\" srcset=\"https:\/\/gazdasagportal.hu\/wp-content\/uploads\/2015\/04\/olajtarolo.jpg 600w, https:\/\/gazdasagportal.hu\/wp-content\/uploads\/2015\/04\/olajtarolo-300x169.jpg 300w\" sizes=\"(max-width: 600px) 100vw, 600px\" \/><\/a><br \/>\n<strong>Oroszorsz\u00e1g a november-decemberi szintet veszi alapul a k\u0151olaj kitermel\u00e9s\u00e9nek cs\u00f6kkent\u00e9s\u00e9t c\u00e9lz\u00f3 meg\u00e1llapod\u00e1sban &#8211; k\u00f6z\u00f6lte Alekszandr Novak energia\u00fcgyi miniszter cs\u00fct\u00f6rt\u00f6k\u00f6n \u00fajs\u00e1g\u00edr\u00f3kkal besz\u00e9lgetve.<\/strong><!--more--><\/p>\n<div class=\"ads-in-post1\"><div id=\"gazdasagportal.hu_fullbanner_wideboard\"><\/div>\r\n<\/div>\n<p>    Egy nappal kor\u00e1bban, szerd\u00e1n Novak meger\u0151s\u00edtette, hogy Oroszorsz\u00e1g k\u00e9sz napi 300 ezer hord\u00f3val visszafogni kitermel\u00e9s\u00e9t a j\u00f6v\u0151 \u00e9v els\u0151 fel\u00e9ben a K\u0151olaj-export\u00e1l\u00f3 Orsz\u00e1gok Szervezet\u00e9vel (OPEC) val\u00f3 meg\u00e1llapod\u00e1s r\u00e9szek\u00e9nt.<br \/>\n    Az OPEC tag\u00e1llamai szerd\u00e1n \u00fagy d\u00f6nt\u00f6ttek, hogy janu\u00e1r 1-j\u00e9t\u0151l napi 32,5 milli\u00f3 hord\u00f3ra cs\u00f6kkentik a kitermelt k\u0151olaj mennyis\u00e9g\u00e9t az okt\u00f3berben felsz\u00ednre hozott t\u00f6bb mint 33,6 milli\u00f3 hord\u00f3r\u00f3l. A nem OPEC-tagok tov\u00e1bbi 600 ezer hord\u00f3s cs\u00f6kkent\u00e9st helyeztek kil\u00e1t\u00e1sba. Az OPEC-tagok \u00e9s a szervezethez nem tartoz\u00f3 nagy k\u0151olajexport\u0151r orsz\u00e1gok december 9-\u00e9n Doh\u00e1ban \u00f6ssze\u00fclnek, hogy egyeztessenek a meg\u00e1llapod\u00e1sr\u00f3l.<br \/>\n    Novak jelezte, hogy az Oroszorsz\u00e1g \u00e1ltal v\u00e1llalt cs\u00f6kkent\u00e9st sz\u00e9tosztj\u00e1k az olajv\u00e1llalatok k\u00f6z\u00f6tt, mindegyikben azonos sz\u00e1zal\u00e9kban kell visszafogni a kitermel\u00e9st.<br \/>\n    &#8222;Az elvi egyet\u00e9rt\u00e9s megvan, a r\u00e9szleteket m\u00e9g megvitatjuk a v\u00e1llalatokkal. \u00d6sszess\u00e9g\u00e9ben egyet\u00e9rt\u00e9s alakult ki abban, hogy ennek mindenkit ugyanakkora sz\u00e1zal\u00e9kban kell \u00e9rintenie&#8221; &#8211; mondta az Interfax orosz h\u00edr\u00fcgyn\u00f6ks\u00e9g \u00e1ltal id\u00e9zett miniszter, hozz\u00e1t\u00e9ve, hogy Oroszorsz\u00e1gban jelenleg nagyj\u00e1b\u00f3l stabil szinten \u00e1ll a kitermel\u00e9s.<br \/>\n    A nem OPEC-tag Azerbajdzs\u00e1n, Mexik\u00f3 \u00e9s m\u00e1s orsz\u00e1gok is csatlakozhatnak a kitermel\u00e9st korl\u00e1toz\u00f3 meg\u00e1llapod\u00e1shoz. Az azeri energia\u00fcgyi miniszter m\u00e1r k\u00f6z\u00f6lte, hogy k\u00e9sz r\u00e9szt venni a dohai \u00e9rtekezleten, \u00e9s Baku hajland\u00f3 kivenni r\u00e9sz\u00e9t az olaj\u00e1rak stabiliz\u00e1l\u00e1s\u00e1t c\u00e9lz\u00f3 meg\u00e1llapod\u00e1sb\u00f3l.<br \/>\n    A glob\u00e1lis kereskedelem szempontj\u00e1b\u00f3l legjelent\u0151sebb k\u00e9t nyersolajkever\u00e9k, a Brent \u00e9s a WTI \u00e1ra cs\u00fct\u00f6rt\u00f6k\u00f6n is emelkedett.<br \/>\n    K\u00f6z\u00e9p-eur\u00f3pai id\u0151 szerint d\u00e9lut\u00e1n h\u00e1romnegyed egykor az \u00e9szaki-tengeri Brent febru\u00e1ri sz\u00e1ll\u00edt\u00e1sra hord\u00f3nk\u00e9nt (159 liter) 52,58 doll\u00e1rba ker\u00fclt, 74 centtel, 1,43 sz\u00e1zal\u00e9kkal dr\u00e1gult az Intercontinental Exchange (ICE) londoni jegyz\u00e9s\u00e9ben. A New York-i \u00e1rupiac elektronikus jegyz\u00e9s\u00e9ben a nyugati f\u00e9ltek\u00e9n ir\u00e1nyad\u00f3 West Texas Intermediate (WTI) amerikai k\u00f6nny\u0171olajfajta janu\u00e1ri sz\u00e1ll\u00edt\u00e1sra hord\u00f3nk\u00e9nt 62 centes, 1,25 sz\u00e1zal\u00e9kos nyeres\u00e9gben, 50,06 doll\u00e1ron \u00e1llt.(MTI)<\/p>\n","protected":false},"excerpt":{"rendered":"<p>Oroszorsz\u00e1g a november-decemberi szintet veszi alapul a k\u0151olaj kitermel\u00e9s\u00e9nek cs\u00f6kkent\u00e9s\u00e9t c\u00e9lz\u00f3 meg\u00e1llapod\u00e1sban &#8211; k\u00f6z\u00f6lte Alekszandr Novak energia\u00fcgyi miniszter cs\u00fct\u00f6rt\u00f6k\u00f6n \u00fajs\u00e1g\u00edr\u00f3kkal besz\u00e9lgetve.<\/p>\n","protected":false},"author":1,"featured_media":58789,"comment_status":"open","ping_status":"closed","sticky":false,"template":"","format":"standard","meta":[],"categories":[403,146,8,246],"tags":[],"_links":{"self":[{"href":"https:\/\/gazdasagportal.hu\/index.php\/wp-json\/wp\/v2\/posts\/87323"}],"collection":[{"href":"https:\/\/gazdasagportal.hu\/index.php\/wp-json\/wp\/v2\/posts"}],"about":[{"href":"https:\/\/gazdasagportal.hu\/index.php\/wp-json\/wp\/v2\/types\/post"}],"author":[{"embeddable":true,"href":"https:\/\/gazdasagportal.hu\/index.php\/wp-json\/wp\/v2\/users\/1"}],"replies":[{"embeddable":true,"href":"https:\/\/gazdasagportal.hu\/index.php\/wp-json\/wp\/v2\/comments?post=87323"}],"version-history":[{"count":1,"href":"https:\/\/gazdasagportal.hu\/index.php\/wp-json\/wp\/v2\/posts\/87323\/revisions"}],"predecessor-version":[{"id":87324,"href":"https:\/\/gazdasagportal.hu\/index.php\/wp-json\/wp\/v2\/posts\/87323\/revisions\/87324"}],"wp:featuredmedia":[{"embeddable":true,"href":"https:\/\/gazdasagportal.hu\/index.php\/wp-json\/wp\/v2\/media\/58789"}],"wp:attachment":[{"href":"https:\/\/gazdasagportal.hu\/index.php\/wp-json\/wp\/v2\/media?parent=87323"}],"wp:term":[{"taxonomy":"category","embeddable":true,"href":"https:\/\/gazdasagportal.hu\/index.php\/wp-json\/wp\/v2\/categories?post=87323"},{"taxonomy":"post_tag","embeddable":true,"href":"https:\/\/gazdasagportal.hu\/index.php\/wp-json\/wp\/v2\/tags?post=87323"}],"curies":[{"name":"wp","href":"https:\/\/api.w.org\/{rel}","templated":true}]}}