{"id":87317,"date":"2016-12-01T11:26:05","date_gmt":"2016-12-01T10:26:05","guid":{"rendered":"http:\/\/gazdasagportal.hu\/?p=87317"},"modified":"2016-12-01T11:26:05","modified_gmt":"2016-12-01T10:26:05","slug":"varga-csokkenhet-a-tranzakcios-illetek","status":"publish","type":"post","link":"https:\/\/gazdasagportal.hu\/index.php\/varga-csokkenhet-a-tranzakcios-illetek\/","title":{"rendered":"Varga: cs\u00f6kkenhet a tranzakci\u00f3s illet\u00e9k"},"content":{"rendered":"<p><strong>A korm\u00e1ny k\u00e9sz arra, hogy a v\u00e1llalati hitel\u00e1llom\u00e1ny komolyabb, legal\u00e1bb 20 sz\u00e1zal\u00e9kos n\u00f6veked\u00e9se eset\u00e9n lemondjon a tranzakci\u00f3s illet\u00e9k egy r\u00e9sz\u00e9r\u0151l &#8211; mondta a nemzetgazdas\u00e1gi miniszter a Deloitte Magyarorsz\u00e1g Gazdas\u00e1gi n\u00f6veked\u00e9s \u00e9s versenyk\u00e9pess\u00e9g c\u00edm\u0171 konferenci\u00e1j\u00e1n \u00fajs\u00e1g\u00edr\u00f3i k\u00e9rd\u00e9sre v\u00e1laszolva cs\u00fct\u00f6rt\u00f6k\u00f6n.<\/strong><!--more--><\/p>\n<div class=\"ads-in-post1\"><div id=\"gazdasagportal.hu_fullbanner_wideboard\"><\/div>\r\n<\/div>\n<p>    Varga Mih\u00e1ly hozz\u00e1tette, ennek term\u00e9szetesen van egy fels\u0151 hat\u00e1ra. A k\u00e9rd\u00e9sr\u0151l egyeztetni fognak a banksz\u00f6vets\u00e9ggel &#8211; tette hozz\u00e1. Elmondta, a korm\u00e1ny \u00fagy l\u00e1tja, van tartal\u00e9k a v\u00e1llalati hitel\u00e1llom\u00e1ny n\u00f6veked\u00e9s\u00e9ben, amelynek b\u0151v\u00fcl\u00e9se seg\u00edti a gazdas\u00e1gi n\u00f6veked\u00e9st is.     K\u00e9rd\u00e9sre v\u00e1laszolva elmondta azt is, hogy ir\u00e1nyad\u00f3 lehet a b\u00e9raj\u00e1nl\u00e1sokra a m\u00falt h\u00e9ten megk\u00f6t\u00f6tt b\u00e9rmeg\u00e1llapod\u00e1s, \u00e9s a helyi egyeztet\u00e9seken m\u00falik, milyen lehet\u0151s\u00e9g van a k\u00e9pz\u0151d\u0151 profit terh\u00e9re b\u00e9rn\u00f6veked\u00e9sre is t\u00f6bbet k\u00f6lteni.<br \/>\n(MTI)<\/p>\n","protected":false},"excerpt":{"rendered":"<p>A korm\u00e1ny k\u00e9sz arra, hogy a v\u00e1llalati hitel\u00e1llom\u00e1ny komolyabb, legal\u00e1bb 20 sz\u00e1zal\u00e9kos n\u00f6veked\u00e9se eset\u00e9n lemondjon a tranzakci\u00f3s illet\u00e9k egy r\u00e9sz\u00e9r\u0151l &#8211; mondta a nemzetgazdas\u00e1gi miniszter a Deloitte Magyarorsz\u00e1g Gazdas\u00e1gi n\u00f6veked\u00e9s \u00e9s versenyk\u00e9pess\u00e9g c\u00edm\u0171 konferenci\u00e1j\u00e1n \u00fajs\u00e1g\u00edr\u00f3i k\u00e9rd\u00e9sre v\u00e1laszolva cs\u00fct\u00f6rt\u00f6k\u00f6n.<\/p>\n","protected":false},"author":1,"featured_media":0,"comment_status":"open","ping_status":"closed","sticky":false,"template":"","format":"standard","meta":[],"categories":[19],"tags":[],"_links":{"self":[{"href":"https:\/\/gazdasagportal.hu\/index.php\/wp-json\/wp\/v2\/posts\/87317"}],"collection":[{"href":"https:\/\/gazdasagportal.hu\/index.php\/wp-json\/wp\/v2\/posts"}],"about":[{"href":"https:\/\/gazdasagportal.hu\/index.php\/wp-json\/wp\/v2\/types\/post"}],"author":[{"embeddable":true,"href":"https:\/\/gazdasagportal.hu\/index.php\/wp-json\/wp\/v2\/users\/1"}],"replies":[{"embeddable":true,"href":"https:\/\/gazdasagportal.hu\/index.php\/wp-json\/wp\/v2\/comments?post=87317"}],"version-history":[{"count":1,"href":"https:\/\/gazdasagportal.hu\/index.php\/wp-json\/wp\/v2\/posts\/87317\/revisions"}],"predecessor-version":[{"id":87318,"href":"https:\/\/gazdasagportal.hu\/index.php\/wp-json\/wp\/v2\/posts\/87317\/revisions\/87318"}],"wp:attachment":[{"href":"https:\/\/gazdasagportal.hu\/index.php\/wp-json\/wp\/v2\/media?parent=87317"}],"wp:term":[{"taxonomy":"category","embeddable":true,"href":"https:\/\/gazdasagportal.hu\/index.php\/wp-json\/wp\/v2\/categories?post=87317"},{"taxonomy":"post_tag","embeddable":true,"href":"https:\/\/gazdasagportal.hu\/index.php\/wp-json\/wp\/v2\/tags?post=87317"}],"curies":[{"name":"wp","href":"https:\/\/api.w.org\/{rel}","templated":true}]}}