{"id":87293,"date":"2016-12-01T04:44:26","date_gmt":"2016-12-01T03:44:26","guid":{"rendered":"http:\/\/gazdasagportal.hu\/?p=87293"},"modified":"2016-11-30T21:27:32","modified_gmt":"2016-11-30T20:27:32","slug":"a-nemet-alkotmanyvedelem-feltetelezett-szelsoseges-iszlamistat-talalt-munkatarsai-kozott","status":"publish","type":"post","link":"https:\/\/gazdasagportal.hu\/index.php\/a-nemet-alkotmanyvedelem-feltetelezett-szelsoseges-iszlamistat-talalt-munkatarsai-kozott\/","title":{"rendered":"A n\u00e9met alkotm\u00e1nyv\u00e9delem felt\u00e9telezett sz\u00e9ls\u0151s\u00e9ges iszlamist\u00e1t tal\u00e1lt munkat\u00e1rsai k\u00f6z\u00f6tt"},"content":{"rendered":"<p><strong>Lelepleztek egy felt\u00e9telezett sz\u00e9ls\u0151s\u00e9ges iszlamist\u00e1t a n\u00e9met sz\u00f6vets\u00e9gi alkotm\u00e1nyv\u00e9delmi hivatal (BfV) munkat\u00e1rsai k\u00f6z\u00f6tt. A spanyol sz\u00e1rmaz\u00e1s\u00fa f\u00e9rfi a gyan\u00fa szerint mer\u00e9nyletet tervezett a bels\u0151 elh\u00e1r\u00edt\u00e1s\u00e9rt felel\u0151s szolg\u00e1lat k\u00f6zpontja ellen &#8211; jelentett\u00e9k szerd\u00e1n n\u00e9met lapok.<\/strong><!--more--><\/p>\n<div class=\"ads-in-post1\"><div id=\"gazdasagportal.hu_fullbanner_wideboard\"><\/div>\r\n<\/div>\n<p>    A besz\u00e1mol\u00f3k szerint az el\u0151zetes letrat\u00f3ztat\u00e1sba helyezett gyan\u00fas\u00edtott elismerte, hogy robbant\u00e1sos mer\u00e9nyletet tervezett a nemzetbiztons\u00e1gi szolg\u00e1lat k\u00f6lni k\u00f6zpontja ellen. Mint mondta, tett\u00e9t Allah nev\u00e9ben k\u00edv\u00e1nta v\u00e9grehajtani.<br \/>\n    Azonban nem jelentett konkr\u00e9t vesz\u00e9lyt, mert a t\u00e1mad\u00e1s tervez\u00e9s\u00e9nek korai szakasz\u00e1ban, az el\u0151k\u00e9sz\u00fcletek megkezd\u00e9se el\u0151tt leplezt\u00e9k le. Iszlamist\u00e1nak v\u00e9lt emberekkel az interneten folytatott \u00fczenetv\u00e1lt\u00e1sokban \u00e1rulta el sz\u00e1nd\u00e9k\u00e1t, de legal\u00e1bb egy cseveg\u0151partnere a BfV inform\u00e1tora volt. Ember\u00f6l\u00e9sre, gyilkoss\u00e1gra \u00e9s robban\u00f3szerrel vissza\u00e9l\u00e9sre ir\u00e1nyul\u00f3 \u00f6sszeesk\u00fcv\u00e9s gyan\u00faja miatt fogt\u00e1k el.<br \/>\n    A Spanyolorsz\u00e1gb\u00f3l sz\u00e1rmaz\u00f3 gyan\u00fas\u00edtott 51 \u00e9ves, n\u00e9met \u00e1llampolg\u00e1rs\u00e1g\u00fa, rendezett k\u00f6r\u00fclm\u00e9nyek k\u00f6z\u00f6tt \u00e9l\u0151 csal\u00e1dapa, kor\u00e1bban bankban dolgozott, \u00e9s nemr\u00e9g v\u00e1ltott szakm\u00e1t, az id\u00e9n \u00e1prilisban vett\u00e9k fel a BfV-hez. A kiv\u00e1laszt\u00e1s \u00e9s a kik\u00e9pz\u00e9s sor\u00e1n nem keltett felt\u0171n\u00e9st, \u00e9s f\u0151\u00e1ll\u00e1s\u00fa alkalmazottk\u00e9nt, az iszlamista szubkult\u00fara megfigyel\u00e9s\u00e9vel foglalkoz\u00f3 r\u00e9szleg munkat\u00e1rsak\u00e9nt sem.<br \/>\n    Kider\u00fclt, hogy kett\u0151s \u00e9letet \u00e9lt, csal\u00e1dja sem tudta, hogy felvette a muzulm\u00e1n vall\u00e1st. Internetes cseveg\u0151szob\u00e1kban \u00e1ln\u00e9ven sz\u00e9ls\u0151s\u00e9ges kijelent\u00e9seket tett, hivatali titkokat \u00e1rult el, \u00e9s t\u00e1rsakat keresett a &#8222;hitetlenek&#8221; megb\u00fcntet\u00e9s\u00e9t c\u00e9lz\u00f3 mer\u00e9nylet elk\u00f6vet\u00e9s\u00e9hez &#8211; \u00e1ll a lapjelent\u00e9sekben.<br \/>\n    A BfV hivatalosan csak annyit k\u00f6z\u00f6lt, hogy egy 51 \u00e9ves n\u00e9met \u00e1llampolg\u00e1rs\u00e1g\u00fa munkat\u00e1rsukat el\u0151zetes letart\u00f3ztat\u00e1sba helyezt\u00e9k, mert az interneten \u00e1ln\u00e9ven sz\u00e9ls\u0151s\u00e9ges iszlamista kijelent\u00e9seket tett \u00e9s bels\u0151 inform\u00e1ci\u00f3kat osztott meg, valamint felaj\u00e1nlotta tov\u00e1bbi \u00e9rz\u00e9keny inform\u00e1ci\u00f3k megoszt\u00e1s\u00e1t, ami vesz\u00e9lyeztethette volna a hat\u00f3s\u00e1got.(MTI)<\/p>\n","protected":false},"excerpt":{"rendered":"<p>Lelepleztek egy felt\u00e9telezett sz\u00e9ls\u0151s\u00e9ges iszlamist\u00e1t a n\u00e9met sz\u00f6vets\u00e9gi alkotm\u00e1nyv\u00e9delmi hivatal (BfV) munkat\u00e1rsai k\u00f6z\u00f6tt. A spanyol sz\u00e1rmaz\u00e1s\u00fa f\u00e9rfi a gyan\u00fa szerint mer\u00e9nyletet tervezett a bels\u0151 elh\u00e1r\u00edt\u00e1s\u00e9rt felel\u0151s szolg\u00e1lat k\u00f6zpontja ellen &#8211; jelentett\u00e9k szerd\u00e1n n\u00e9met lapok.<\/p>\n","protected":false},"author":1,"featured_media":0,"comment_status":"open","ping_status":"closed","sticky":false,"template":"","format":"standard","meta":[],"categories":[12],"tags":[],"_links":{"self":[{"href":"https:\/\/gazdasagportal.hu\/index.php\/wp-json\/wp\/v2\/posts\/87293"}],"collection":[{"href":"https:\/\/gazdasagportal.hu\/index.php\/wp-json\/wp\/v2\/posts"}],"about":[{"href":"https:\/\/gazdasagportal.hu\/index.php\/wp-json\/wp\/v2\/types\/post"}],"author":[{"embeddable":true,"href":"https:\/\/gazdasagportal.hu\/index.php\/wp-json\/wp\/v2\/users\/1"}],"replies":[{"embeddable":true,"href":"https:\/\/gazdasagportal.hu\/index.php\/wp-json\/wp\/v2\/comments?post=87293"}],"version-history":[{"count":1,"href":"https:\/\/gazdasagportal.hu\/index.php\/wp-json\/wp\/v2\/posts\/87293\/revisions"}],"predecessor-version":[{"id":87294,"href":"https:\/\/gazdasagportal.hu\/index.php\/wp-json\/wp\/v2\/posts\/87293\/revisions\/87294"}],"wp:attachment":[{"href":"https:\/\/gazdasagportal.hu\/index.php\/wp-json\/wp\/v2\/media?parent=87293"}],"wp:term":[{"taxonomy":"category","embeddable":true,"href":"https:\/\/gazdasagportal.hu\/index.php\/wp-json\/wp\/v2\/categories?post=87293"},{"taxonomy":"post_tag","embeddable":true,"href":"https:\/\/gazdasagportal.hu\/index.php\/wp-json\/wp\/v2\/tags?post=87293"}],"curies":[{"name":"wp","href":"https:\/\/api.w.org\/{rel}","templated":true}]}}