{"id":87289,"date":"2016-12-01T04:24:48","date_gmt":"2016-12-01T03:24:48","guid":{"rendered":"http:\/\/gazdasagportal.hu\/?p=87289"},"modified":"2016-11-30T20:11:55","modified_gmt":"2016-11-30T19:11:55","slug":"tiz-ev-fegyhazra-iteltek-a-roszkei-terrorcselekmennyel-vadolt-szir-ferfit","status":"publish","type":"post","link":"https:\/\/gazdasagportal.hu\/index.php\/tiz-ev-fegyhazra-iteltek-a-roszkei-terrorcselekmennyel-vadolt-szir-ferfit\/","title":{"rendered":"T\u00edz \u00e9v fegyh\u00e1zra \u00edt\u00e9lt\u00e9k a r\u00f6szkei terrorcselekm\u00e9nnyel v\u00e1dolt sz\u00edr f\u00e9rfit"},"content":{"rendered":"<p><strong>T\u00edz \u00e9v fegyh\u00e1zb\u00fcntet\u00e9ssel s\u00fajtotta a Szegedi T\u00f6rv\u00e9nysz\u00e9k szerd\u00e1n, els\u0151 fokon a r\u00f6szkei k\u00f6z\u00fati \u00e1tkel\u0151n\u00e9l tavaly \u0151sszel t\u00f6rt\u00e9nt t\u00f6megzavarg\u00e1s miatt terrorcselekm\u00e9ny elk\u00f6vet\u00e9s\u00e9vel v\u00e1dolt, Cipruson \u00e9l\u0151 sz\u00edr f\u00e9rfit.<\/strong><!--more--><\/p>\n<div class=\"ads-in-post1\"><div id=\"gazdasagportal.hu_fullbanner_wideboard\"><\/div>\r\n<\/div>\n<p>    A b\u00edr\u00f3s\u00e1g a v\u00e1dlottat a hat\u00e1rz\u00e1r t\u00f6megzavarg\u00e1s r\u00e9sztvev\u0151jek\u00e9nt elk\u00f6vetett tiltott \u00e1tl\u00e9p\u00e9se \u00e9s \u00e1llami szerv k\u00e9nyszer\u00edt\u00e9se c\u00e9lj\u00e1b\u00f3l, szem\u00e9ly elleni er\u0151szakos b\u0171ncselekm\u00e9ny elk\u00f6vet\u00e9s\u00e9vel megval\u00f3s\u00edtott terrorcselekm\u00e9ny b\u0171ntett\u00e9ben mondta ki b\u0171n\u00f6snek.<br \/>\n    A szabads\u00e1gveszt\u00e9s mellett a t\u00f6rv\u00e9nysz\u00e9k a f\u00e9rfit v\u00e9gleges hat\u00e1llyal kiutas\u00edtotta Magyarorsz\u00e1g ter\u00fclet\u00e9r\u0151l, \u00e9s d\u00f6nt\u00f6tt arr\u00f3l, hogy a v\u00e1dlott legkor\u00e1bban a b\u00fcntet\u00e9s k\u00e9tharmad\u00e1nak let\u00f6lt\u00e9se ut\u00e1n bocs\u00e1that\u00f3 felt\u00e9teles szabads\u00e1gra.<br \/>\n    A t\u00f6meges bev\u00e1ndorl\u00e1s okozta v\u00e1ls\u00e1ghelyzet kihirdet\u00e9s\u00e9t k\u00f6vet\u0151en, tavaly szeptember 16-\u00e1n t\u00f6bb sz\u00e1z migr\u00e1ns gy\u00fclekezett a R\u00f6szke-Horgos k\u00f6z\u00fati hat\u00e1r\u00e1tkel\u0151hely szerb oldal\u00e1n. A Magyarorsz\u00e1g bel\u00e9pni akar\u00f3, kezdetben b\u00e9k\u00e9s t\u00f6meg id\u0151vel agressz\u00edvv\u00e1 v\u00e1lt, a ker\u00edt\u00e9st feszegetve pr\u00f3b\u00e1lta azt kid\u00f6nteni, majd n\u00e9h\u00e1nyan k\u00f6vekkel dob\u00e1lt\u00e1k a magyar oldalon felsorakozott rend\u0151r\u00f6ket. Az \u00f6sszecsap\u00e1sokban t\u00f6bb rend\u0151r is megs\u00e9r\u00fclt.<br \/>\n    Az \u00edt\u00e9let szerint a f\u00e9rfi volt az, aki sz\u00e1mos alkalommal a hat\u00e1r megnyit\u00e1s\u00e1t k\u00f6vetelte a felsorakoz\u00f3 rend\u0151r\u00f6kt\u0151l, k\u00e9t\u00f3r\u00e1s ultim\u00e1tumot adva az \u00e1tenged\u00e9s\u00fckre, a kordon bed\u00f6nt\u00e9s\u00e9vel, az egyenruh\u00e1sok megt\u00e1mad\u00e1s\u00e1val fenyeget\u0151zve. A v\u00e1dlott t\u00f6bbsz\u00f6r is megafonnal besz\u00e9lt a t\u00f6meghez, h\u00e1rom alkalommal maga is dob\u00e1lt a rend\u0151r\u00f6k fel\u00e9, majd az \u00e1tkel\u0151t lez\u00e1r\u00f3 kapu kinyit\u00e1s\u00e1t k\u00f6vet\u0151en illeg\u00e1lisan magyar ter\u00fcletre l\u00e9pett. A v\u00e1dlott nem sokkal k\u00e9s\u0151bb visszat\u00e9rt a szerb oldalra, a f\u00e9rfit csak h\u00e1rom nappal k\u00e9s\u0151bb, Gy\u0151rben vett\u00e9k \u0151rizetbe.<br \/>\n    Nagy Andrea tan\u00e1csvezet\u0151 b\u00edr\u00f3 az \u00edt\u00e9let indokl\u00e1sa sor\u00e1n kit\u00e9rt arra, hogy a v\u00e1dlott az \u00e1t\u00e9lt esem\u00e9nyek hat\u00e1s\u00e1ra besz\u0171k\u00fclt tudat\u00e1llapotba ker\u00fclt, ami ugyan nem akad\u00e1lyozta tette k\u00f6vetkezm\u00e9nyeinek felismer\u00e9s\u00e9ben, de hozz\u00e1j\u00e1rult a t\u00f6rt\u00e9ntekhez. Ezt a b\u00edr\u00f3s\u00e1g nyomat\u00e9kos enyh\u00edt\u0151 k\u00f6r\u00fclm\u00e9nyk\u00e9nt \u00e9rt\u00e9kelte. A b\u00edr\u00f3 kifejtette, a t\u00f6rv\u00e9nysz\u00e9k \u00edgy elegend\u0151nek l\u00e1tta a t\u00f6rv\u00e9nyi minimummal megegyez\u0151 b\u00fcntet\u00e9s kiszab\u00e1s\u00e1t.<br \/>\n    A v\u00e1dlott az utols\u00f3 sz\u00f3 jog\u00e1n azt mondta, a csal\u00e1dtagjait akarta biztons\u00e1gba helyezni, pr\u00f3b\u00e1lkozott ezzel a leg\u00e1lis \u00faton, de nem j\u00e1rt sikerrel, \u00edgy \u00e9rkezett v\u00e9g\u00fcl a magyar hat\u00e1rhoz. Azt \u00e1ll\u00edtotta, nem vett r\u00e9szt a zavarg\u00e1sokban, seg\u00edteni pr\u00f3b\u00e1lt a rokonain. Hangs\u00falyozta, nem terrorista, nagyon sajn\u00e1lja, ha b\u00e1rmikor megs\u00e9rtette a magyar t\u00f6rv\u00e9nyeket, nem volt sz\u00e1nd\u00e9k\u00e1ban ilyet tenni.<br \/>\n    A t\u00e1rgyal\u00e1st rendk\u00edv\u00fcli biztons\u00e1gi int\u00e9zked\u00e9sek k\u00f6z\u00f6tt tartott\u00e1k meg. A v\u00e1dlottat csukly\u00e1t visel\u0151 fegy\u0151r\u00f6k k\u00e9z- \u00e9s l\u00e1bbilincsben vezett\u00e9k a t\u00e1rgyal\u00f3teremben. A b\u00edr\u00f3s\u00e1gi folyos\u00f3t lez\u00e1rt\u00e1k, azt \u00e9s a t\u00e1rgyal\u00f3teremet is civil ruh\u00e1s rend\u0151r\u00f6k fel\u00fcgyelt\u00e9k. A f\u00e9rfi a szerdai t\u00e1rgyal\u00e1s sor\u00e1n a Kor\u00e1n egy p\u00e9ld\u00e1ny\u00e1t tartotta a kez\u00e9ben, az \u00edt\u00e9let hallva pedig els\u00edrta mag\u00e1t.<br \/>\n    Az \u00edt\u00e9let ellen az \u00fcgy\u00e9szs\u00e9g hosszabb szabads\u00e1gveszt\u00e9s kiszab\u00e1sa \u00e9rdek\u00e9ben fellebbez\u00e9st jelentett be. A v\u00e1dlott \u00e9s v\u00e9d\u0151je a terrorcselekm\u00e9ny v\u00e1dja al\u00f3li felment\u00e9st \u00e9s a b\u00fcntet\u00e9s enyh\u00edt\u00e9s\u00e9t k\u00e9rte fellebbez\u00e9s\u00e9ben.<br \/>\n    A t\u00e1rgyal\u00e1s idej\u00e9n a b\u00edr\u00f3s\u00e1g el\u0151tt magyar \u00e9s k\u00fclf\u00f6ldi aktivist\u00e1k demonstr\u00e1ltak, a v\u00e1dlott szabadon bocs\u00e1t\u00e1s\u00e1t k\u00f6vetelve.(MTI)<\/p>\n","protected":false},"excerpt":{"rendered":"<p>T\u00edz \u00e9v fegyh\u00e1zb\u00fcntet\u00e9ssel s\u00fajtotta a Szegedi T\u00f6rv\u00e9nysz\u00e9k szerd\u00e1n, els\u0151 fokon a r\u00f6szkei k\u00f6z\u00fati \u00e1tkel\u0151n\u00e9l tavaly \u0151sszel t\u00f6rt\u00e9nt t\u00f6megzavarg\u00e1s miatt terrorcselekm\u00e9ny elk\u00f6vet\u00e9s\u00e9vel v\u00e1dolt, Cipruson \u00e9l\u0151 sz\u00edr f\u00e9rfit.<\/p>\n","protected":false},"author":1,"featured_media":0,"comment_status":"open","ping_status":"closed","sticky":false,"template":"","format":"standard","meta":[],"categories":[4],"tags":[],"_links":{"self":[{"href":"https:\/\/gazdasagportal.hu\/index.php\/wp-json\/wp\/v2\/posts\/87289"}],"collection":[{"href":"https:\/\/gazdasagportal.hu\/index.php\/wp-json\/wp\/v2\/posts"}],"about":[{"href":"https:\/\/gazdasagportal.hu\/index.php\/wp-json\/wp\/v2\/types\/post"}],"author":[{"embeddable":true,"href":"https:\/\/gazdasagportal.hu\/index.php\/wp-json\/wp\/v2\/users\/1"}],"replies":[{"embeddable":true,"href":"https:\/\/gazdasagportal.hu\/index.php\/wp-json\/wp\/v2\/comments?post=87289"}],"version-history":[{"count":1,"href":"https:\/\/gazdasagportal.hu\/index.php\/wp-json\/wp\/v2\/posts\/87289\/revisions"}],"predecessor-version":[{"id":87290,"href":"https:\/\/gazdasagportal.hu\/index.php\/wp-json\/wp\/v2\/posts\/87289\/revisions\/87290"}],"wp:attachment":[{"href":"https:\/\/gazdasagportal.hu\/index.php\/wp-json\/wp\/v2\/media?parent=87289"}],"wp:term":[{"taxonomy":"category","embeddable":true,"href":"https:\/\/gazdasagportal.hu\/index.php\/wp-json\/wp\/v2\/categories?post=87289"},{"taxonomy":"post_tag","embeddable":true,"href":"https:\/\/gazdasagportal.hu\/index.php\/wp-json\/wp\/v2\/tags?post=87289"}],"curies":[{"name":"wp","href":"https:\/\/api.w.org\/{rel}","templated":true}]}}