{"id":87287,"date":"2016-11-30T20:10:01","date_gmt":"2016-11-30T19:10:01","guid":{"rendered":"http:\/\/gazdasagportal.hu\/?p=87287"},"modified":"2016-11-30T20:10:01","modified_gmt":"2016-11-30T19:10:01","slug":"viz-vilagtalalkozo-elfogadtak-a-zarodokumentumot","status":"publish","type":"post","link":"https:\/\/gazdasagportal.hu\/index.php\/viz-vilagtalalkozo-elfogadtak-a-zarodokumentumot\/","title":{"rendered":"V\u00edz-vil\u00e1gtal\u00e1lkoz\u00f3 &#8211; Elfogadt\u00e1k a z\u00e1r\u00f3dokumentumot"},"content":{"rendered":"<p><strong>A z\u00e1r\u00f3dokumentum elfogad\u00e1s\u00e1val lez\u00e1rult a h\u00e1romnapos Budapesti V\u00edz Vil\u00e1gtal\u00e1lkoz\u00f3, amelyen 117 orsz\u00e1gb\u00f3l 2200 k\u00fcld\u00f6tt, \u00e1llam- \u00e9s korm\u00e1nyf\u0151k, miniszterek, a tudom\u00e1nyos, az \u00fczleti \u00e9s a p\u00e9nz\u00fcgyi vil\u00e1g meghat\u00e1roz\u00f3 szerepl\u0151i vitatt\u00e1k meg a 21. sz\u00e1zad v\u00edz\u00fcgyi kih\u00edv\u00e1saira adhat\u00f3 megold\u00e1sokat. <\/strong><!--more--><\/p>\n<div class=\"ads-in-post1\"><div id=\"gazdasagportal.hu_fullbanner_wideboard\"><\/div>\r\n<\/div>\n<p>    Sz\u00f6ll\u0151si-Nagy Andr\u00e1s, az UNESCO Nemzetk\u00f6zi Hidrol\u00f3giai Programj\u00e1nak eln\u00f6ke, a Budapesti V\u00edz Vil\u00e1gtal\u00e1lkoz\u00f3 2016 Nemzetk\u00f6zi Programbizotts\u00e1g t\u00e1rseln\u00f6ke a z\u00e1r\u00f3 dokumentumot bemutatva annak f\u0151 \u00fczenetek\u00e9nt fogalmazta meg, hogy a v\u00edz a legkritikusabb term\u00e9szetes er\u0151forr\u00e1s, a v\u00edz \u00f6sszek\u00f6ti a nemzeteket, a f\u00f6ldr\u00e9szeket \u00e9s a t\u00e9rs\u00e9geket.<br \/>\n    Ameenah Gurib-Fakim, a V\u00edz\u00fcgyi Eln\u00f6ki Test\u00fclet t\u00e1rseln\u00f6ke, a Mauritiusi K\u00f6zt\u00e1rsas\u00e1g eln\u00f6ke hangs\u00falyozta: a v\u00edz nemcsak \u00e9letfontoss\u00e1g\u00fa er\u0151forr\u00e1s, hanem \u00f6sszek\u00f6t\u0151 kapocs, amely az emberek \u00e9get\u0151 probl\u00e9m\u00e1ira is v\u00e1laszt adhat a vil\u00e1g sz\u00e1mos pontj\u00e1n.<br \/>\n    Kifejtette: h\u00e1romnapos intenz\u00edv munk\u00e1val sok v\u00edz\u00fcgyi k\u00e9rd\u00e9st vitattak meg, \u00e9s olyan fontos ir\u00e1nymutat\u00e1sokat hoztak, amelyek elengedhetetlenek a fenntarthat\u00f3 fejl\u0151d\u00e9s megval\u00f3s\u00edt\u00e1s\u00e1hoz. Az aj\u00e1nl\u00e1sok val\u00f3ban komoly seg\u00edts\u00e9get jelentenek a vil\u00e1g vezet\u0151inek &#8211; v\u00e9lekedett.<br \/>\n    A mauritiusi eln\u00f6k besz\u00e9d\u00e9ben k\u00f6sz\u00f6netet mondott \u00c1der J\u00e1nos k\u00f6zt\u00e1rsas\u00e1gi eln\u00f6knek a tal\u00e1lkoz\u00f3 megrendez\u00e9s\u00e9\u00e9rt, hiszen &#8211; mint mondta &#8211; a tan\u00e1cskoz\u00e1s val\u00f3ban nagy el\u0151rel\u00e9p\u00e9st jelent.<br \/>\n    Balogh Csaba, a K\u00fclgazdas\u00e1gi \u00e9s K\u00fcl\u00fcgyminiszt\u00e9rium k\u00f6zigazgat\u00e1si \u00e1llamtitk\u00e1ra kiemelte: a v\u00edz hat\u00e9kony felhaszn\u00e1l\u00e1sa alapvet\u0151 fontoss\u00e1g\u00fa a fenntarthat\u00f3 fejl\u0151d\u00e9s megval\u00f3s\u00edt\u00e1sa \u00e9s a j\u00f6v\u0151 gener\u00e1ci\u00f3k szempontj\u00e1b\u00f3l.<br \/>\n    M\u00e9g mindig sok munka \u00e1ll el\u0151tt\u00fcnk, mindenkinek biztos\u00edtani kell a tiszta, megfizethet\u0151 vizet \u00e9s a szanit\u00e1ci\u00f3t, a v\u00edz min\u0151s\u00e9g\u00e9t jav\u00edtani kell \u00e9s meg kell v\u00e9deni a v\u00edzzel kapcsolatos \u00f6kosziszt\u00e9m\u00e1t &#8211; magyar\u00e1zta.<br \/>\n    Az \u00e1llamtitk\u00e1r szerint a tal\u00e1lkoz\u00f3 minden \u00e9rintettet \u00f6sszehozott, akik a k\u00f6vetkez\u0151 \u00e9vekben a v\u00edzgazd\u00e1lkod\u00e1ssal foglalkoznak, \u00edgy fontos m\u00e9rf\u00f6ldk\u00f6vet jelentett. A tan\u00e1cskoz\u00e1s megmutatta, hogy a v\u00edz \u00f6sszek\u00f6t, \u00e9s k\u00f6teless\u00e9g\u00fcnk az orsz\u00e1gok k\u00f6z\u00f6tti egy\u00fcttm\u0171k\u00f6d\u00e9s megval\u00f3s\u00edt\u00e1sa a v\u00edz\u00fcgyekben &#8211; mondta.<br \/>\n    A szervez\u0151k t\u00e1j\u00e9koztat\u00e1sa szerint a diplom\u00e1ciai, tudom\u00e1nyos \u00e9s gazdas\u00e1gi jelent\u0151s\u00e9ggel b\u00edr\u00f3 vil\u00e1gtal\u00e1lkoz\u00f3 r\u00e9sztvev\u0151inek els\u0151dleges c\u00e9lja az volt, hogy megold\u00e1si javaslatokat dolgozzanak ki a h\u00e1rom \u00e9vvel ezel\u0151tti budapesti tal\u00e1lkoz\u00f3n meghat\u00e1rozott v\u00edz\u00fcgyi j\u00f6v\u0151k\u00e9p \u00e9rdek\u00e9ben, illetve az ENSZ fejl\u0151d\u00e9si programj\u00e1ba be\u00e9p\u00edtett &#8211; c\u00e9lok el\u00e9r\u00e9s\u00e9hez.<br \/>\n    A tal\u00e1lkoz\u00f3n 52 panelbesz\u00e9lget\u00e9s, 16 k\u00eds\u00e9r\u0151 program, 8 civil-, 7 tud\u00e1stechnol\u00f3giai- 5 n\u0151i- \u00e9s 8 ifj\u00fas\u00e1gi f\u00f3rum keret\u00e9ben vitatt\u00e1k meg a kih\u00edv\u00e1sokra adhat\u00f3 v\u00e1laszokat.<br \/>\n    Elk\u00e9sz\u00fclt a z\u00e1r\u00f3dokumentum is, ebben olyan cselekv\u00e9si tervet fogalmaztak meg, amelynek megval\u00f3s\u00edt\u00e1sa \u00f6sszhangban van az ENSZ fenntarthat\u00f3 fejl\u0151d\u00e9si c\u00e9ljaival \u00e9s szorgalmazza a k\u00fcl\u00f6nb\u00f6z\u0151 szektorok \u00f6sszefog\u00e1s\u00e1t.<br \/>\n    A vil\u00e1gtal\u00e1lkoz\u00f3 keret\u00e9ben \u00fcl\u00e9sezett az ENSZ f\u0151titk\u00e1ra \u00e9s a Vil\u00e1gbank eln\u00f6ke \u00e1ltal l\u00e9trehozott V\u00edz\u00fcgyi Eln\u00f6ki Test\u00fclet is, amely tizenk\u00e9t \u00e1llam- \u00e9s korm\u00e1nyf\u0151b\u0151l \u00e1ll, \u00e9s amelyben Magyarorsz\u00e1got \u00c1der J\u00e1nos k\u00e9pviseli.(MTI)<\/p>\n","protected":false},"excerpt":{"rendered":"<p>A z\u00e1r\u00f3dokumentum elfogad\u00e1s\u00e1val lez\u00e1rult a h\u00e1romnapos Budapesti V\u00edz Vil\u00e1gtal\u00e1lkoz\u00f3, amelyen 117 orsz\u00e1gb\u00f3l 2200 k\u00fcld\u00f6tt, \u00e1llam- \u00e9s korm\u00e1nyf\u0151k, miniszterek, a tudom\u00e1nyos, az \u00fczleti \u00e9s a p\u00e9nz\u00fcgyi vil\u00e1g meghat\u00e1roz\u00f3 szerepl\u0151i vitatt\u00e1k meg a 21. sz\u00e1zad v\u00edz\u00fcgyi kih\u00edv\u00e1saira adhat\u00f3 megold\u00e1sokat.<\/p>\n","protected":false},"author":1,"featured_media":0,"comment_status":"open","ping_status":"closed","sticky":false,"template":"","format":"standard","meta":[],"categories":[4,246],"tags":[],"_links":{"self":[{"href":"https:\/\/gazdasagportal.hu\/index.php\/wp-json\/wp\/v2\/posts\/87287"}],"collection":[{"href":"https:\/\/gazdasagportal.hu\/index.php\/wp-json\/wp\/v2\/posts"}],"about":[{"href":"https:\/\/gazdasagportal.hu\/index.php\/wp-json\/wp\/v2\/types\/post"}],"author":[{"embeddable":true,"href":"https:\/\/gazdasagportal.hu\/index.php\/wp-json\/wp\/v2\/users\/1"}],"replies":[{"embeddable":true,"href":"https:\/\/gazdasagportal.hu\/index.php\/wp-json\/wp\/v2\/comments?post=87287"}],"version-history":[{"count":1,"href":"https:\/\/gazdasagportal.hu\/index.php\/wp-json\/wp\/v2\/posts\/87287\/revisions"}],"predecessor-version":[{"id":87288,"href":"https:\/\/gazdasagportal.hu\/index.php\/wp-json\/wp\/v2\/posts\/87287\/revisions\/87288"}],"wp:attachment":[{"href":"https:\/\/gazdasagportal.hu\/index.php\/wp-json\/wp\/v2\/media?parent=87287"}],"wp:term":[{"taxonomy":"category","embeddable":true,"href":"https:\/\/gazdasagportal.hu\/index.php\/wp-json\/wp\/v2\/categories?post=87287"},{"taxonomy":"post_tag","embeddable":true,"href":"https:\/\/gazdasagportal.hu\/index.php\/wp-json\/wp\/v2\/tags?post=87287"}],"curies":[{"name":"wp","href":"https:\/\/api.w.org\/{rel}","templated":true}]}}