{"id":87281,"date":"2016-11-30T19:18:35","date_gmt":"2016-11-30T18:18:35","guid":{"rendered":"http:\/\/gazdasagportal.hu\/?p=87281"},"modified":"2016-11-30T19:18:35","modified_gmt":"2016-11-30T18:18:35","slug":"megallapodas-szuletett-nem-lesz-sztrajk-a-szocialis-agazatban","status":"publish","type":"post","link":"https:\/\/gazdasagportal.hu\/index.php\/megallapodas-szuletett-nem-lesz-sztrajk-a-szocialis-agazatban\/","title":{"rendered":"Meg\u00e1llapod\u00e1s sz\u00fcletett, nem lesz sztr\u00e1jk a szoci\u00e1lis \u00e1gazatban"},"content":{"rendered":"<p><strong>Meg\u00e1llapod\u00e1s sz\u00fcletett a szoci\u00e1lis \u00e1gazat szerdai sztr\u00e1jkt\u00e1rgyal\u00e1s\u00e1n, \u00edgy a Magyar K\u00f6ztisztvisel\u0151k, K\u00f6zalkalmazottak \u00e9s K\u00f6zszolg\u00e1lati Dolgoz\u00f3k Szakszervezete (MKKSZ) visszavonja a december 5-\u00e9re meghirdetett orsz\u00e1gos szervez\u00e9s\u0171 sztr\u00e1jkot.<\/strong><!--more--><\/p>\n<div class=\"ads-in-post1\"><div id=\"gazdasagportal.hu_fullbanner_wideboard\"><\/div>\r\n<\/div>\n<p>    Nyitrai Imre, az Emberi Er\u0151forr\u00e1sok Miniszt\u00e9rium\u00e1nak szoci\u00e1lpolitik\u00e1\u00e9rt felel\u0151s helyettes \u00e1llamtitk\u00e1ra sajt\u00f3t\u00e1j\u00e9koztat\u00f3n elmondta: a kompromisszumos meg\u00e1llapod\u00e1s egyik alapvet\u00e9se, hogy 2018. janu\u00e1r elsej\u00e9re az \u00e1gazatban az \u00e1tlagkeresetek a mostanihoz k\u00e9pest 33 sz\u00e1zal\u00e9kkal emelkednek.<br \/>\n    A szakma gerinc\u00e9t jelent\u0151 munkak\u00f6r\u00f6kben m\u00e1r j\u00f6v\u0151re megval\u00f3sul a 30 sz\u00e1zal\u00e9k k\u00f6r\u00fcli b\u00e9remel\u00e9s &#8211; k\u00f6z\u00f6lte.<br \/>\n    Nyitrai Imre hangs\u00falyozta, hogy az \u00e1gazatban diplom\u00e1val rendelkez\u0151k, illetve hosszabb szolg\u00e1lati id\u0151vel rendelkez\u0151 munkat\u00e1rsak el\u00e1raml\u00e1s\u00e1t szeretn\u00e9k meg\u00e1ll\u00edtani.<br \/>\n    Az emelked\u00e9s egyik alapja a korm\u00e1ny \u00e9s a szoci\u00e1lis partnerek k\u00f6z\u00f6tt l\u00e9trej\u00f6tt meg\u00e1llapod\u00e1snak megfelel\u0151 15, illetve 25 sz\u00e1zal\u00e9kos minim\u00e1lb\u00e9r- \u00e9s b\u00e9rminimum-emel\u00e9s, majd 2018-ban tov\u00e1bbi 8, illetve 12 sz\u00e1zal\u00e9kos emel\u00e9s &#8211; mondta el.<br \/>\n    Nyitrai Imre kit\u00e9rt arra is, hogy a garant\u00e1lt b\u00e9rminimum emelked\u00e9se nem \u00e9rint mindenkit az \u00e1gazatban, \u00e9s a meg\u00e1llapod\u00e1s r\u00e9sz\u00e9t k\u00e9pezi az is, hogy a j\u00f6v\u0151 \u00e9vi forr\u00e1sb\u0151v\u00edt\u00e9si lehet\u0151s\u00e9g &#8211; 9 milli\u00e1rd forintos t\u00f6bbletet m\u00e1r elfogadott a korm\u00e1nyzat az \u00e1gazati b\u00e9rp\u00f3tl\u00e9k-emel\u00e9sre &#8211; els\u0151sorban azokra a munkak\u00f6r\u00f6kre koncentr\u00e1l, amelyek eset\u00e9ben nem hatna a garant\u00e1lt b\u00e9rminimum n\u00f6veked\u00e9se.<br \/>\n    Az \u00e9letp\u00e1lyamodell kapcs\u00e1n megjegyezte az is, hogy a minim\u00e1lb\u00e9r \u00e9s a garant\u00e1lt b\u00e9rminimum emel\u00e9se \u00faj helyzetet teremtett, \u00e9s ebben a helyzetben a szoci\u00e1lis partnereik t\u00f6bbs\u00e9g\u00e9nek azt volt a k\u00e9r\u00e9se, hogy el\u0151sz\u00f6r egy b\u00e9rfelz\u00e1rk\u00f3ztat\u00e1si programmal \u00e1lljon el\u0151 az \u00e1gazat, mert a munkaer\u0151hi\u00e1ny egyes ter\u00fcleteken &#8222;m\u00e1r vesz\u00e9lyeztetn\u00e9&#8221; az ell\u00e1t\u00e1s biztons\u00e1g\u00e1t.<br \/>\n    Nagy val\u00f3sz\u00edn\u0171s\u00e9ggel a korm\u00e1nyzat elfogadja ezt a javaslatot, hogy egy er\u0151teljesebb b\u00e9rfelz\u00e1rk\u00f3z\u00e1sa koncentr\u00e1ljanak &#8211; fogalmazott Nyitrai Imre, hozz\u00e1t\u00e9ve: ez azt jelenti, hogy a rendelkez\u00e9sre \u00e1ll\u00f3 t\u00f6bbletforr\u00e1sokat els\u0151sorban a munkaer\u0151 megtart\u00e1s\u00e1ra, \u00e9s a szoci\u00e1lis \u00e1gazat szakdolgoz\u00f3i b\u00e9rez\u00e9s\u00e9nek jav\u00edt\u00e1s\u00e1ra k\u00edv\u00e1nj\u00e1k ford\u00edtani.<br \/>\n    Kijelentette, valamennyi olyan k\u00f6vetel\u00e9st, amit \u00e9rdeminek \u00e9s kiemeltnek tartottak a szakszervezetek, a korm\u00e1ny teljes\u00edtette. Teh\u00e1t nincs olyan sztr\u00e1jkk\u00f6vetel\u00e9s, ami kiel\u00e9g\u00edtetlen lenne &#8211; f\u0171zte hozz\u00e1 Nyitrai Imre.<br \/>\n    K\u00e9rd\u00e9sre v\u00e1laszolva elmondta, hogy most az \u00e1gazatban az \u00e1tlagkereset brutt\u00f3 175 ezer 232 forint, ez az int\u00e9zked\u00e9seknek k\u00f6sz\u00f6nhet\u0151en a j\u00f6v\u0151 \u00e9vben 208 ezer 300 forintra emelkedik.<br \/>\n    Boros P\u00e9tern\u00e9, az MKKSZ eln\u00f6ke azt k\u00f6z\u00f6lte, hogy nem tartj\u00e1k meg a december 5-\u00e9re meghirdetett sztr\u00e1jkot, mert &#8211; mint mondta &#8211; val\u00f3sz\u00edn\u0171leg azzal sem tudn\u00e1nak t\u00f6bb eredm\u00e9nyt el\u00e9rni.<br \/>\n    K\u00f6z\u00f6lte, mintegy 5000 dolgoz\u00f3 jelezte, hogy t\u00e1mogatja a sztr\u00e1jkot. Ez is jelzi, hogy itt volt az ideje egy komoly b\u00e9rfelz\u00e1rk\u00f3ztat\u00e1si l\u00e9p\u00e9s els\u0151 r\u00e9sz\u00e9nek &#8211; tette hozz\u00e1 Boros P\u00e9tern\u00e9, aki v\u00e1llalhat\u00f3 kompromisszumnak nevezte a meg\u00e1llapod\u00e1st.<br \/>\n    Elmondta, \u00e9rt\u00e9kelt\u00e9k azt is, hogy a szoci\u00e1lis munka napja munkasz\u00fcneti napp\u00e1 nyilv\u00e1n\u00edt\u00e1s\u00e1ra vonatkoz\u00f3 t\u00f6rv\u00e9nyjavaslatot beny\u00fajtott\u00e1k.<br \/>\n    Boros P\u00e9tern\u00e9 k\u00f6z\u00f6lte, azt \u00e9rz\u00e9kelt\u00e9k, hogy a korm\u00e1nyzatnak a kor\u00e1bbi id\u0151szakhoz k\u00e9pest jelent\u0151s keresetn\u00f6vel\u00e9si \u00edg\u00e9rv\u00e9nye a szoci\u00e1lis \u00e1gazatban megl\u00e9v\u0151 fesz\u00fclts\u00e9get az MKKSZ sztr\u00e1jkk\u00f6vetel\u00e9s\u00e9hez k\u00e9pest is jelent\u0151sen tudja orvosolni.<br \/>\n    Az MKKSZ november 10-\u00e9n jelentett be orsz\u00e1gos sztr\u00e1jkot december 5-\u00e9re. A szervezet 30 sz\u00e1zal\u00e9kos keresetn\u00f6veked\u00e9st k\u00f6vetel az \u00e1gazatban dolgoz\u00f3knak, valamint azt, hogy november 12-e legyen munkasz\u00fcneti nap az \u00e1gazatban dolgoz\u00f3k sz\u00e1m\u00e1ra.(MTI)<\/p>\n","protected":false},"excerpt":{"rendered":"<p>Meg\u00e1llapod\u00e1s sz\u00fcletett a szoci\u00e1lis \u00e1gazat szerdai sztr\u00e1jkt\u00e1rgyal\u00e1s\u00e1n, \u00edgy a Magyar K\u00f6ztisztvisel\u0151k, K\u00f6zalkalmazottak \u00e9s K\u00f6zszolg\u00e1lati Dolgoz\u00f3k Szakszervezete (MKKSZ) visszavonja a december 5-\u00e9re meghirdetett orsz\u00e1gos szervez\u00e9s\u0171 sztr\u00e1jkot.<\/p>\n","protected":false},"author":1,"featured_media":0,"comment_status":"open","ping_status":"closed","sticky":false,"template":"","format":"standard","meta":[],"categories":[4,19],"tags":[],"_links":{"self":[{"href":"https:\/\/gazdasagportal.hu\/index.php\/wp-json\/wp\/v2\/posts\/87281"}],"collection":[{"href":"https:\/\/gazdasagportal.hu\/index.php\/wp-json\/wp\/v2\/posts"}],"about":[{"href":"https:\/\/gazdasagportal.hu\/index.php\/wp-json\/wp\/v2\/types\/post"}],"author":[{"embeddable":true,"href":"https:\/\/gazdasagportal.hu\/index.php\/wp-json\/wp\/v2\/users\/1"}],"replies":[{"embeddable":true,"href":"https:\/\/gazdasagportal.hu\/index.php\/wp-json\/wp\/v2\/comments?post=87281"}],"version-history":[{"count":1,"href":"https:\/\/gazdasagportal.hu\/index.php\/wp-json\/wp\/v2\/posts\/87281\/revisions"}],"predecessor-version":[{"id":87282,"href":"https:\/\/gazdasagportal.hu\/index.php\/wp-json\/wp\/v2\/posts\/87281\/revisions\/87282"}],"wp:attachment":[{"href":"https:\/\/gazdasagportal.hu\/index.php\/wp-json\/wp\/v2\/media?parent=87281"}],"wp:term":[{"taxonomy":"category","embeddable":true,"href":"https:\/\/gazdasagportal.hu\/index.php\/wp-json\/wp\/v2\/categories?post=87281"},{"taxonomy":"post_tag","embeddable":true,"href":"https:\/\/gazdasagportal.hu\/index.php\/wp-json\/wp\/v2\/tags?post=87281"}],"curies":[{"name":"wp","href":"https:\/\/api.w.org\/{rel}","templated":true}]}}