{"id":87274,"date":"2016-11-30T16:59:21","date_gmt":"2016-11-30T15:59:21","guid":{"rendered":"http:\/\/gazdasagportal.hu\/?p=87274"},"modified":"2016-11-30T16:45:59","modified_gmt":"2016-11-30T15:45:59","slug":"rump-amerikaja-brutalis-vedovamokra-lehet-szamitani","status":"publish","type":"post","link":"https:\/\/gazdasagportal.hu\/index.php\/rump-amerikaja-brutalis-vedovamokra-lehet-szamitani\/","title":{"rendered":"Trump Amerik\u00e1ja: brut\u00e1lis v\u00e9d\u0151v\u00e1mokra lehet sz\u00e1m\u00edtani"},"content":{"rendered":"<p><a href=\"https:\/\/gazdasagportal.hu\/wp-content\/uploads\/2013\/01\/usa.jpg\"><img decoding=\"async\" loading=\"lazy\" src=\"https:\/\/gazdasagportal.hu\/wp-content\/uploads\/2013\/01\/usa.jpg\" alt=\"usa\" width=\"480\" height=\"300\" class=\"aligncenter size-full wp-image-1389\" srcset=\"https:\/\/gazdasagportal.hu\/wp-content\/uploads\/2013\/01\/usa.jpg 480w, https:\/\/gazdasagportal.hu\/wp-content\/uploads\/2013\/01\/usa-300x187.jpg 300w\" sizes=\"(max-width: 480px) 100vw, 480px\" \/><\/a><br \/>\n<strong>B\u00e1r Donald Trump egyel\u0151re fekete l\u00f3 a fekete \u00e9jszak\u00e1ban, de az\u00e9rt vannak sejt\u00e9sek, hogy mire lehet sz\u00e1m\u00edtani a gazdas\u00e1g politik\u00e1j\u00e1t illet\u0151en. Dr. Tak\u00e1cs Tibor, a Wolters Kluwer kiemelt \u00fcgyf\u00e9lkapcsolati vezet\u0151je mondja el, milyen nyomvonalon haladhat tov\u00e1bb az Egyes\u00fclt \u00c1llamok.<\/strong><!--more--><\/p>\n<div class=\"ads-in-post1\"><div id=\"gazdasagportal.hu_fullbanner_wideboard\"><\/div>\r\n<\/div>\nDonald Trump szinte mindent megtett a gy\u0151zelem\u00e9rt, nem egyszer tett \u00f6nelletmond\u00e1sos kijelent\u00e9seket, lehetetlennek t\u0171n\u0151 \u00edg\u00e9reteket. A szakmai st\u00e1b sem \u00e1llt m\u00e9g \u00f6ssze, ezek t\u00fckr\u00e9ben neh\u00e9z kital\u00e1lni, hogy val\u00f3j\u00e1ban milyen int\u00e9zked\u00e9seket fog tenni beiktat\u00e1s\u00e1t k\u00f6vet\u0151en, \u00e1m az \u00edg\u00e9retek alapj\u00e1n lehet k\u00f6vetkeztetni, a f\u0151bb ir\u00e1nyvonalakra.<\/p>\n<p>Az ado.hu cikke alapj\u00e1n dr. Tak\u00e1cs Tibor,  a Wolters Kluwer kiemelt \u00fcgyf\u00e9lkapcsolati vezet\u0151je mondja el, hogy milyen f\u0151bb csap\u00e1sir\u00e1nyok lesznek az \u00faj eln\u00f6k gazdas\u00e1gi \u00e9s ad\u00f3politik\u00e1j\u00e1ban.<\/p>\n<p>Els\u0151sorban a bels\u0151 piacait szeretn\u00e9 meger\u0151s\u00edteni az amerikai vezet\u0151, amelyet a v\u00e9d\u0151v\u00e1mok nagy ar\u00e1ny\u00fa emel\u00e9s\u00e9vel szeretn\u00e9 el\u00e9rni, ezzel p\u00e1rhuzamosan olyan ad\u00f3rendszerre lehet sz\u00e1m\u00edtani, amely a bels\u0151 fogyazts\u00e1st seg\u00edtik el\u0151, \u00edgy n\u00f6velve a t\u00e1rsadalmi el\u00e9gedetts\u00e9get. A munkahelyteremt\u00e9s is f\u0151 c\u00e9ljai k\u00f6z\u00f6tt szerepelhet majd.<\/p><div id=\"gazda-1993086005\" class=\"gazda-tartalomban gazda-entity-placement\"><script async src=\"https:\/\/pagead2.googlesyndication.com\/pagead\/js\/adsbygoogle.js\"><\/script>\r\n<ins class=\"adsbygoogle\"\r\n     style=\"display:block\"\r\n     data-ad-format=\"fluid\"\r\n     data-ad-layout-key=\"-6t+ed+2i-1n-4w\"\r\n     data-ad-client=\"ca-pub-1959107119989764\"\r\n     data-ad-slot=\"4008251320\"><\/ins>\r\n<script>\r\n     (adsbygoogle = window.adsbygoogle || []).push({});\r\n<\/script><\/div>\n<p><iframe loading=\"lazy\" width=\"509\" height=\"319\" src=\"http:\/\/gazdasagtv.hu\/iframe.php?id=10776\" style=\"border: none; overflow: hidden\" scrolling=\"no\"><\/iframe><br \/>Forr\u00e1s: <a href=\"http:\/\/gazdasagtv.hu\" style=\"color: #df1100; font-weight: bold; text-decoration: none;\" target=\"_blank\" rel=\"noopener\">Gazdas\u00e1gTV.hu<\/a><\/p>\n","protected":false},"excerpt":{"rendered":"<p>B\u00e1r Donald Trump egyel\u0151re fekete l\u00f3 a fekete \u00e9jszak\u00e1ban, de az\u00e9rt vannak sejt\u00e9sek, hogy mire lehet sz\u00e1m\u00edtani a gazdas\u00e1g politik\u00e1j\u00e1t illet\u0151en. Dr. Tak\u00e1cs Tibor, a Wolters Kluwer kiemelt \u00fcgyf\u00e9lkapcsolati vezet\u0151je mondja el, milyen nyomvonalon haladhat tov\u00e1bb az Egyes\u00fclt \u00c1llamok.<\/p>\n","protected":false},"author":1,"featured_media":1389,"comment_status":"open","ping_status":"closed","sticky":false,"template":"","format":"standard","meta":[],"categories":[403,146,246],"tags":[],"_links":{"self":[{"href":"https:\/\/gazdasagportal.hu\/index.php\/wp-json\/wp\/v2\/posts\/87274"}],"collection":[{"href":"https:\/\/gazdasagportal.hu\/index.php\/wp-json\/wp\/v2\/posts"}],"about":[{"href":"https:\/\/gazdasagportal.hu\/index.php\/wp-json\/wp\/v2\/types\/post"}],"author":[{"embeddable":true,"href":"https:\/\/gazdasagportal.hu\/index.php\/wp-json\/wp\/v2\/users\/1"}],"replies":[{"embeddable":true,"href":"https:\/\/gazdasagportal.hu\/index.php\/wp-json\/wp\/v2\/comments?post=87274"}],"version-history":[{"count":2,"href":"https:\/\/gazdasagportal.hu\/index.php\/wp-json\/wp\/v2\/posts\/87274\/revisions"}],"predecessor-version":[{"id":87276,"href":"https:\/\/gazdasagportal.hu\/index.php\/wp-json\/wp\/v2\/posts\/87274\/revisions\/87276"}],"wp:featuredmedia":[{"embeddable":true,"href":"https:\/\/gazdasagportal.hu\/index.php\/wp-json\/wp\/v2\/media\/1389"}],"wp:attachment":[{"href":"https:\/\/gazdasagportal.hu\/index.php\/wp-json\/wp\/v2\/media?parent=87274"}],"wp:term":[{"taxonomy":"category","embeddable":true,"href":"https:\/\/gazdasagportal.hu\/index.php\/wp-json\/wp\/v2\/categories?post=87274"},{"taxonomy":"post_tag","embeddable":true,"href":"https:\/\/gazdasagportal.hu\/index.php\/wp-json\/wp\/v2\/tags?post=87274"}],"curies":[{"name":"wp","href":"https:\/\/api.w.org\/{rel}","templated":true}]}}