{"id":87272,"date":"2016-11-30T16:35:11","date_gmt":"2016-11-30T15:35:11","guid":{"rendered":"http:\/\/gazdasagportal.hu\/?p=87272"},"modified":"2016-11-30T16:35:11","modified_gmt":"2016-11-30T15:35:11","slug":"megvalosithato-a-40-szazalekos-beremelkedes-2021-ig","status":"publish","type":"post","link":"https:\/\/gazdasagportal.hu\/index.php\/megvalosithato-a-40-szazalekos-beremelkedes-2021-ig\/","title":{"rendered":"Megval\u00f3s\u00edthat\u00f3 a 40 sz\u00e1zal\u00e9kos b\u00e9remelked\u00e9s 2021-ig"},"content":{"rendered":"<p><strong>Megval\u00f3s\u00edthat\u00f3 a korm\u00e1ny \u00e1ltal tervezett 40 sz\u00e1zal\u00e9kos nett\u00f3 re\u00e1lb\u00e9r-emelked\u00e9s 2021-ig, \u00e9vi 2,5-2,8 sz\u00e1zal\u00e9kos gazdas\u00e1gi n\u00f6veked\u00e9s mellett &#8211; mondta Sz\u00e1zadv\u00e9g Gazdas\u00e1gkutat\u00f3 Zrt. vezet\u0151 kutat\u00f3ja a Sz\u00e1zadv\u00e9g Alap\u00edtv\u00e1ny h\u00e1tt\u00e9rbesz\u00e9lget\u00e9s\u00e9n szerd\u00e1n, ahol a Magyar Nemzeti Bank (MNB) megb\u00edz\u00e1s\u00e1b\u00f3l k\u00e9sz\u00fcl\u0151 legfrissebb v\u00e1llalati \u00e9s lakoss\u00e1gi kutat\u00e1sok meg\u00e1llap\u00edt\u00e1sait mutatt\u00e1k be.<\/strong><!--more--><\/p>\n<div class=\"ads-in-post1\"><div id=\"gazdasagportal.hu_fullbanner_wideboard\"><\/div>\r\n<\/div>\n<p>    Kutasi G\u00e1bor hozz\u00e1tette, id\u00e9n v\u00e1rhat\u00f3an 7-8 sz\u00e1zal\u00e9kkal n\u0151nek a re\u00e1lb\u00e9rek Magyarorsz\u00e1gon, \u00e9s az \u00fctem a k\u00f6vetkez\u0151 \u00e9vekben is tarthat\u00f3 a munkaer\u0151hi\u00e1ny b\u00e9rfelhajt\u00f3 hat\u00e1sa \u00e9s a bejelentett j\u00e1rul\u00e9kcs\u00f6kkent\u00e9snek k\u00f6sz\u00f6nhet\u0151en. Azonban fontos a fenntarthat\u00f3 n\u00f6veked\u00e9si p\u00e1lya is, ami \u00e9vi 2,5-2,8 sz\u00e1zal\u00e9kos \u00e1tlagos n\u00f6veked\u00e9si \u00fctemet jelent, \u00edgy 5 \u00e9v alatt el\u00e9rhet\u0151 a sz\u00fcks\u00e9ges 13-15 sz\u00e1zal\u00e9kos GDP-n\u00f6veked\u00e9s.<br \/>\n    A m\u00e1r megval\u00f3sult felt\u00e9telek k\u00f6z\u00f6tt kiemelte a cs\u00f6kken\u0151 \u00e1llamad\u00f3ss\u00e1got, amelynek k\u00f6sz\u00f6nhet\u0151en a GDP 1,5-2 sz\u00e1zal\u00e9k\u00e1val kevesebbet kell ad\u00f3ss\u00e1gszolg\u00e1latra, kamatfizet\u00e9sre ford\u00edtani, valamint a nett\u00f3 exportt\u00f6bbletet \u00e9s a lakoss\u00e1gi fogyaszt\u00e1s jelent\u0151s b\u0151v\u00fcl\u00e9s\u00e9t. Ide sorolta a b\u00fcrokr\u00e1cia-cs\u00f6kkent\u00e9snek k\u00f6sz\u00f6nhet\u0151 megtakar\u00edt\u00e1st is.<br \/>\n    Kutasi G\u00e1bor hangs\u00falyozta, a b\u00e9remelked\u00e9s mintegy negyed\u00e9t a b\u00e9rh\u00e1nyad n\u00f6veked\u00e9se adhatja. A b\u00e9rh\u00e1nyad azt mutatja, hogy a megtermelt j\u00f6vedelem (GDP) mekkora h\u00e1nyad\u00e1t fizetik ki a gazdas\u00e1gi szerepl\u0151k munkab\u00e9rekre, \u00e9s mekkora r\u00e9sze lesz t\u0151kej\u00f6vedelem. Magyarorsz\u00e1gon a megtermelt j\u00f6vedelem 47 sz\u00e1zal\u00e9k\u00e1t k\u00f6ltik munkab\u00e9rekre, m\u00edg Nyugat-Eur\u00f3p\u00e1ban 55-57 sz\u00e1zal\u00e9k ez az ar\u00e1ny &#8211; ismertette. A nyugati orsz\u00e1gok termel\u00e9kenys\u00e9ge 2-3-szor magasabb, mint Magyarorsz\u00e1g\u00e9, a b\u00e9rk\u00fcl\u00f6nbs\u00e9gek azonban enn\u00e9l sokkal magasabbak, 4-5-sz\u00f6r\u00f6sek, a magyar relat\u00edv munkab\u00e9r fele a nyugatinak, ez\u00e9rt fontos a j\u00f6vedelem\u00e1tstruktur\u00e1l\u00e1s &#8211; jegyezte meg.<br \/>\n    V\u00e9rtesy L\u00e1szl\u00f3, a Sz\u00e1zadv\u00e9g Gazdas\u00e1gkutat\u00f3 Zrt. vezet\u0151 kutat\u00f3ja ismertette a mintegy ezer v\u00e1llalat \u00e9s 1500 \u00e1llampolg\u00e1r megk\u00e9rdez\u00e9s\u00e9vel k\u00e9sz\u00edtett, legfrissebb reprezentat\u00edv konjunkt\u00fara kutat\u00e1s\u00e1nak eredm\u00e9nyeit. Ezek szerint okt\u00f3berben &#8222;beesett&#8221; a v\u00e1llalati konjunkt\u00faraindex, cs\u00f6kkent a v\u00e1llalatok bev\u00e9tele, els\u0151sorban a GDP k\u00e9tharmad\u00e1t ad\u00f3 szolg\u00e1ltat\u00f3 szektorban \u00e9s kereskedelemben (m\u00ednusz 7 \u00e9s m\u00ednusz 9 k\u00f6r\u00fcli \u00e9rt\u00e9k), m\u00edg az iparban kisebb m\u00e9rt\u00e9kben, m\u00ednusz 2 k\u00f6r\u00fclire cs\u00f6kkent az index \u00e9rt\u00e9ke.<br \/>\n    Kiemelte, a v\u00e1llalatok \u00e9s a lakoss\u00e1g is a foglalkoztat\u00e1st \u00edt\u00e9li meg a legpozit\u00edvabban (az index \u00e9rt\u00e9ke plusz 5 k\u00f6r\u00fcli). Azok a c\u00e9gek, amelyeknek az alacsony hazai kereslet miatt felesleges kapacit\u00e1suk van, nem elbocs\u00e1t\u00e1sban gondolkoznak, hanem b\u00edznak a gazdas\u00e1gi b\u0151v\u00fcl\u00e9sben.<br \/>\n    Kit\u00e9rt arra, hogy a magyar v\u00e1llalatok mind\u00f6ssze 10 sz\u00e1zal\u00e9ka export\u00e1lt szeptemberben, t\u00f6bb, mint 80 sz\u00e1zal\u00e9kuk csak hazai piacra termel. Pozit\u00edvumk\u00e9nt emelte ki a kutat\u00f3, hogy az export\u00e1l\u00f3 v\u00e1llalatok stabil ar\u00e1nyban vannak jelen, \u00e9s elmondta, a c\u00e9gek mintegy 4 sz\u00e1zal\u00e9ka szeretne bekapcsol\u00f3dni az exportba, sokan tervezik a nemzetk\u00f6zi piacra l\u00e9p\u00e9st.<br \/>\n    Legink\u00e1bb az ipari szektorban m\u0171k\u00f6d\u0151, k\u00f6z\u00e9p- \u00e9s nagyv\u00e1llalatok export\u00e1lnak, amelyek f\u0151leg v\u00e1llalati vev\u0151k\u00f6rrel rendelkeznek &#8211; ismertette. Ezek a c\u00e9gek a nemzetk\u00f6zi verseny miatt t\u00f6bbet is fejlesztenek, mint amelyek nem export\u00e1lnak &#8211; jegyezte meg.<br \/>\n    A lakoss\u00e1gi kutat\u00e1sb\u00f3l kider\u00fclt, a foglalkoztat\u00e1st pozit\u00edvan \u00e9rt\u00e9kelik, de enn\u00e9l negat\u00edvabban \u00edt\u00e9lik meg a gazdas\u00e1gi k\u00f6rnyezetet, b\u00e1r a szubjekt\u00edv anyagi helyzet \u00e9rt\u00e9kel\u00e9se javult, a tavalyi m\u00ednusz 28-r\u00f3l m\u00ednusz 19-re j\u00f6tt fel,  \u00e9s v\u00e1rhat\u00f3an a b\u00e9remel\u00e9sekkel ez tov\u00e1bb fog javulni &#8211; mondta.<br \/>\n    Elmondta, a lakoss\u00e1g a saj\u00e1t, egyedi kiad\u00e1sain (\u00e9lelmiszer, rezsik\u00f6lts\u00e9g, \u00fczemanyag) m\u00e9ri le az infl\u00e1ci\u00f3t, ez alapj\u00e1n magasabb \u00e1remelked\u00e9st \u00e9rz\u00e9kel, mint amit a statisztikai hivatal k\u00f6z\u00f6lni szokott \u00e1tfog\u00f3bb fogyaszt\u00f3i kosara alapj\u00e1n.<br \/>\n    Kit\u00e9rt arra, hogy a p\u00e9nz\u00fcgyi szektor ir\u00e1nti lakoss\u00e1gi bizalmat m\u00e9r\u0151 indexb\u0151l kider\u00fclt: a lakoss\u00e1g pozit\u00edvan \u00e1ll saj\u00e1t bankj\u00e1hoz, biztos\u00edt\u00f3j\u00e1hoz, azonban rendszerszinten sokkal rosszabb \u00e9rt\u00e9keket l\u00e1tni, els\u0151sorban a p\u00e9nz\u00fcgyi v\u00e1ls\u00e1g hat\u00e1sak\u00e9nt. A p\u00e9nz\u00fcgyi szerepl\u0151k k\u00f6z\u00fcl a Magyar \u00c1llamkincst\u00e1r \u00e1ll a legjobb helyen, majd a MNB \u00e9s a Nemzeti Ad\u00f3-\u00e9s V\u00e1mhivatal k\u00f6vetkezik. Tart\u00f3san negat\u00edv tartom\u00e1nyban van a bankok \u00e9s a takar\u00e9ksz\u00f6vetkezetek meg\u00edt\u00e9l\u00e9se \u00e9s rendk\u00edv\u00fcl alacsony, m\u00ednusz 70 pont k\u00f6r\u00fcl tal\u00e1lhat\u00f3 a br\u00f3kerc\u00e9gek indexe. Ez azt jelenti, Magyarorsz\u00e1gon a r\u00e9szv\u00e9nypiac nem sz\u00e1ll be a lakoss\u00e1gi megtakar\u00edt\u00e1sok\u00e9rt folytatott k\u00fczdelembe, a lakoss\u00e1g nagyon kock\u00e1zatker\u00fcl\u0151, \u00edgy a bankok tart\u00f3san alacsonyan tarthatj\u00e1k kamataikat &#8211; fejtette ki az elemz\u0151.(MTI)<\/p>\n","protected":false},"excerpt":{"rendered":"<p>Megval\u00f3s\u00edthat\u00f3 a korm\u00e1ny \u00e1ltal tervezett 40 sz\u00e1zal\u00e9kos nett\u00f3 re\u00e1lb\u00e9r-emelked\u00e9s 2021-ig, \u00e9vi 2,5-2,8 sz\u00e1zal\u00e9kos gazdas\u00e1gi n\u00f6veked\u00e9s mellett &#8211; mondta Sz\u00e1zadv\u00e9g Gazdas\u00e1gkutat\u00f3 Zrt. vezet\u0151 kutat\u00f3ja a Sz\u00e1zadv\u00e9g Alap\u00edtv\u00e1ny h\u00e1tt\u00e9rbesz\u00e9lget\u00e9s\u00e9n szerd\u00e1n, ahol a Magyar Nemzeti Bank (MNB) megb\u00edz\u00e1s\u00e1b\u00f3l k\u00e9sz\u00fcl\u0151 legfrissebb v\u00e1llalati \u00e9s lakoss\u00e1gi kutat\u00e1sok meg\u00e1llap\u00edt\u00e1sait mutatt\u00e1k be.<\/p>\n","protected":false},"author":1,"featured_media":0,"comment_status":"open","ping_status":"closed","sticky":false,"template":"","format":"standard","meta":[],"categories":[19],"tags":[],"_links":{"self":[{"href":"https:\/\/gazdasagportal.hu\/index.php\/wp-json\/wp\/v2\/posts\/87272"}],"collection":[{"href":"https:\/\/gazdasagportal.hu\/index.php\/wp-json\/wp\/v2\/posts"}],"about":[{"href":"https:\/\/gazdasagportal.hu\/index.php\/wp-json\/wp\/v2\/types\/post"}],"author":[{"embeddable":true,"href":"https:\/\/gazdasagportal.hu\/index.php\/wp-json\/wp\/v2\/users\/1"}],"replies":[{"embeddable":true,"href":"https:\/\/gazdasagportal.hu\/index.php\/wp-json\/wp\/v2\/comments?post=87272"}],"version-history":[{"count":1,"href":"https:\/\/gazdasagportal.hu\/index.php\/wp-json\/wp\/v2\/posts\/87272\/revisions"}],"predecessor-version":[{"id":87273,"href":"https:\/\/gazdasagportal.hu\/index.php\/wp-json\/wp\/v2\/posts\/87272\/revisions\/87273"}],"wp:attachment":[{"href":"https:\/\/gazdasagportal.hu\/index.php\/wp-json\/wp\/v2\/media?parent=87272"}],"wp:term":[{"taxonomy":"category","embeddable":true,"href":"https:\/\/gazdasagportal.hu\/index.php\/wp-json\/wp\/v2\/categories?post=87272"},{"taxonomy":"post_tag","embeddable":true,"href":"https:\/\/gazdasagportal.hu\/index.php\/wp-json\/wp\/v2\/tags?post=87272"}],"curies":[{"name":"wp","href":"https:\/\/api.w.org\/{rel}","templated":true}]}}