{"id":87268,"date":"2016-11-30T15:14:35","date_gmt":"2016-11-30T14:14:35","guid":{"rendered":"http:\/\/gazdasagportal.hu\/?p=87268"},"modified":"2016-11-30T15:05:30","modified_gmt":"2016-11-30T14:05:30","slug":"ukran-valsag-fokozott-keszultsegbe-helyzetek-az-orosz-legvedelmet-a-krimben","status":"publish","type":"post","link":"https:\/\/gazdasagportal.hu\/index.php\/ukran-valsag-fokozott-keszultsegbe-helyzetek-az-orosz-legvedelmet-a-krimben\/","title":{"rendered":"Ukr\u00e1n v\u00e1ls\u00e1g &#8211; Fokozott k\u00e9sz\u00fclts\u00e9gbe helyzet\u00e9k az orosz l\u00e9gv\u00e9delmet a Kr\u00edmben"},"content":{"rendered":"<p><strong>Fokozott k\u00e9sz\u00fclts\u00e9gbe helyezt\u00e9k a Kr\u00edmben az orosz l\u00e9gv\u00e9delmi er\u0151ket, miut\u00e1n Ukrajna bejelentette, hogy december 1-j\u00e9n \u00e9s 2-\u00e1n rak\u00e9tagyakorlatot tervez v\u00e9grehajtani a Fekete-tenger felett &#8211; k\u00f6z\u00f6lte szerd\u00e1n katonai forr\u00e1sokra hivatkozva a TASZSZ orosz \u00e1llami h\u00edr\u00fcgyn\u00f6ks\u00e9g.<\/strong><!--more--><\/p>\n<div class=\"ads-in-post1\"><div id=\"gazdasagportal.hu_fullbanner_wideboard\"><\/div>\r\n<\/div>\n<p>    A TASZSZ-t \u00fagy t\u00e1j\u00e9koztatt\u00e1k, hogy a fokozott k\u00e9sz\u00fclts\u00e9g a l\u00e9gv\u00e9delemnek nemcsak a sz\u00e1razf\u00f6ldi, hanem a Fekete-tengeri Flotta haj\u00f3ira telep\u00edtett eszk\u00f6zeire is kiterjed.<br \/>\n    Dmitrij Peszkov, a Kreml sz\u00f3viv\u0151je szerdai sajt\u00f3\u00e9rtekezlet\u00e9n nem tudott v\u00e1laszolni arra a k\u00e9rd\u00e9sre, hogy vajon Vlagyimir Putyin orosz eln\u00f6k adott-e utas\u00edt\u00e1st a tervezett ukr\u00e1n rak\u00e9takil\u00f6v\u00e9sekre adand\u00f3 katonai v\u00e1lasz el\u0151k\u00e9sz\u00edt\u00e9s\u00e9re.<br \/>\n    Ukr\u00e1n sajt\u00f3\u00e9rtes\u00fcl\u00e9sek szerint az orosz v\u00e9delmi miniszt\u00e9rium lev\u00e9lben figyelmeztette a moszkvai ukr\u00e1n katonai attas\u00e9t, hogy Oroszorsz\u00e1g meg fogja semmis\u00edteni az ukr\u00e1n rak\u00e9t\u00e1kat \u00e9s kil\u00f6v\u0151\u00e1ll\u00e1saikat, ha Kijev rak\u00e9t\u00e1kat l\u0151 ki a Kr\u00edm k\u00f6rzet\u00e9nek l\u00e9gter\u00e9be. A RIA Novosztyi orosz h\u00edr\u00fcgyn\u00f6ks\u00e9g \u00fagy tudja, hogy az attas\u00e9nak katonadiplom\u00e1ciai tiltakoz\u00f3 jegyz\u00e9ket ny\u00fajtottal \u00e1t.<br \/>\n    Peszkov szerint Moszkva rem\u00e9li, hogy Kijev nem enged meg olyan t\u00f6rv\u00e9nytelen l\u00e9p\u00e9seket, amelyek vesz\u00e9lyeztetn\u00e9k az Oroszorsz\u00e1g f\u00f6l\u00f6tti l\u00e9gi forgalmat.<br \/>\n    Marija Zaharova orosz k\u00fcl\u00fcgyi sz\u00f3viv\u0151 &#8222;\u00fajabb nagyszab\u00e1s\u00fa provok\u00e1ci\u00f3nak&#8221; min\u0151s\u00edtette a tervezett ukr\u00e1n rak\u00e9takil\u00f6v\u00e9seket, amelynek c\u00e9lja szerinte a k\u00e9t orsz\u00e1g k\u00f6z\u00f6tti konfliktus elm\u00e9ly\u00edt\u00e9se, valamint annak kimutat\u00e1sa, hogy sz\u00fcks\u00e9ge van Ukrajn\u00e1nak m\u00e1s orsz\u00e1gok, k\u00f6zt\u00fck az Egyes\u00fclt \u00c1llamok oltalm\u00e1ra.<br \/>\n    Kor\u00e1bban az orosz sz\u00f6vets\u00e9gi l\u00e9gik\u00f6zleked\u00e9si hat\u00f3s\u00e1g, a Roszaviacija k\u00f6z\u00f6lte: Ukrajna egyoldal\u00faan, a nemzetk\u00f6zi meg\u00e1llapod\u00e1sokat megs\u00e9rtve \u00fagy d\u00f6nt\u00f6tt, hogy cs\u00fct\u00f6rt\u00f6k\u00f6n \u00e9s p\u00e9nteken rak\u00e9takil\u00f6v\u00e9seket hajt v\u00e9gre az Oroszorsz\u00e1gi F\u00f6der\u00e1ci\u00f3 szuver\u00e9n l\u00e9gter\u00e9ben, ami vesz\u00e9lyezteti a l\u00e9gik\u00f6zleked\u00e9st. Kijev err\u0151l el\u0151sz\u00f6r m\u00falt cs\u00fct\u00f6rt\u00f6k\u00f6n adott ki hivatalos nemzetk\u00f6zi l\u00e9g\u00fcgyi \u00e9rtes\u00edt\u00e9st (NOTAM-ot).<br \/>\n    Ukrajna kedden \u00fajabb NOTAM-okat bocs\u00e1tott ki, amelyekben \u00fajabb vesz\u00e9lyeztetett \u00f6vezeteket jel\u00f6lt ki a Fekete-tenger nemzetk\u00f6zi vizein, valamint r\u00e9szben az Oroszorsz\u00e1g \u00e1ltal saj\u00e1t ter\u00fcleti vizeinek tekintett ter\u00fcletek f\u00f6l\u00f6tt, a Kr\u00edmt\u0151l d\u00e9lnyugatra \u00e9s d\u00e9lkeletre.<br \/>\n    A Roszaviacija szerint a kr\u00edmi l\u00e9gt\u00e9r lez\u00e1r\u00e1s\u00e1nak k\u00e9rd\u00e9se &#8222;nem \u00e1ll fenn&#8221;. A TASZSZ eml\u00e9keztetett r\u00e1, hogy Oroszorsz\u00e1g ter\u00fcleti vizeinek sz\u00e9less\u00e9ge 12 tengeri m\u00e9rf\u00f6ld (22,2 kilom\u00e9ter).<br \/>\n(MTI)<\/p>\n","protected":false},"excerpt":{"rendered":"<p>Fokozott k\u00e9sz\u00fclts\u00e9gbe helyezt\u00e9k a Kr\u00edmben az orosz l\u00e9gv\u00e9delmi er\u0151ket, miut\u00e1n Ukrajna bejelentette, hogy december 1-j\u00e9n \u00e9s 2-\u00e1n rak\u00e9tagyakorlatot tervez v\u00e9grehajtani a Fekete-tenger felett &#8211; k\u00f6z\u00f6lte szerd\u00e1n katonai forr\u00e1sokra hivatkozva a TASZSZ orosz \u00e1llami h\u00edr\u00fcgyn\u00f6ks\u00e9g.<\/p>\n","protected":false},"author":1,"featured_media":0,"comment_status":"open","ping_status":"closed","sticky":false,"template":"","format":"standard","meta":[],"categories":[139],"tags":[],"_links":{"self":[{"href":"https:\/\/gazdasagportal.hu\/index.php\/wp-json\/wp\/v2\/posts\/87268"}],"collection":[{"href":"https:\/\/gazdasagportal.hu\/index.php\/wp-json\/wp\/v2\/posts"}],"about":[{"href":"https:\/\/gazdasagportal.hu\/index.php\/wp-json\/wp\/v2\/types\/post"}],"author":[{"embeddable":true,"href":"https:\/\/gazdasagportal.hu\/index.php\/wp-json\/wp\/v2\/users\/1"}],"replies":[{"embeddable":true,"href":"https:\/\/gazdasagportal.hu\/index.php\/wp-json\/wp\/v2\/comments?post=87268"}],"version-history":[{"count":1,"href":"https:\/\/gazdasagportal.hu\/index.php\/wp-json\/wp\/v2\/posts\/87268\/revisions"}],"predecessor-version":[{"id":87269,"href":"https:\/\/gazdasagportal.hu\/index.php\/wp-json\/wp\/v2\/posts\/87268\/revisions\/87269"}],"wp:attachment":[{"href":"https:\/\/gazdasagportal.hu\/index.php\/wp-json\/wp\/v2\/media?parent=87268"}],"wp:term":[{"taxonomy":"category","embeddable":true,"href":"https:\/\/gazdasagportal.hu\/index.php\/wp-json\/wp\/v2\/categories?post=87268"},{"taxonomy":"post_tag","embeddable":true,"href":"https:\/\/gazdasagportal.hu\/index.php\/wp-json\/wp\/v2\/tags?post=87268"}],"curies":[{"name":"wp","href":"https:\/\/api.w.org\/{rel}","templated":true}]}}