{"id":87266,"date":"2016-11-30T15:02:33","date_gmt":"2016-11-30T14:02:33","guid":{"rendered":"http:\/\/gazdasagportal.hu\/?p=87266"},"modified":"2016-11-30T15:02:33","modified_gmt":"2016-11-30T14:02:33","slug":"kijev-az-orosz-fenyegetes-ellenere-sem-all-el-a-hadgyakorlat-megtartasatol-a-krim-kozeleben","status":"publish","type":"post","link":"https:\/\/gazdasagportal.hu\/index.php\/kijev-az-orosz-fenyegetes-ellenere-sem-all-el-a-hadgyakorlat-megtartasatol-a-krim-kozeleben\/","title":{"rendered":"Kijev az orosz fenyeget\u00e9s ellen\u00e9re sem \u00e1ll el a hadgyakorlat megtart\u00e1s\u00e1t\u00f3l a Kr\u00edm k\u00f6zel\u00e9ben"},"content":{"rendered":"<p><strong>Ukrajna nem \u00e1ll el az el\u0151re betervezett rak\u00e9tagyakorlat megtart\u00e1s\u00e1t\u00f3l az Oroszorsz\u00e1g \u00e1ltal bekebelezett Kr\u00edm f\u00e9lsziget k\u00f6zel\u00e9ben annak ellen\u00e9re, hogy a moszkvai v\u00e9delmi miniszt\u00e9rium emiatt \u00e1ll\u00edt\u00f3lag rak\u00e9tacsap\u00e1ssal fenyegette meg az orsz\u00e1got &#8211; jelentette ki Andrij Liszenko, az ukr\u00e1n v\u00e9delmi miniszt\u00e9rium sz\u00f3viv\u0151je szerdai sajt\u00f3t\u00e1j\u00e9koztat\u00f3j\u00e1n.<\/strong><!--more--><\/p>\n<div class=\"ads-in-post1\"><div id=\"gazdasagportal.hu_fullbanner_wideboard\"><\/div>\r\n<\/div>\n<p>    A tiszts\u00e9gvisel\u0151 lesz\u00f6gezte, hogy Ukrajna szuver\u00e9n orsz\u00e1g, hadgyakorlatait \u00e9s fegyvertesztjeit szigor\u00fa rendben, el\u0151re betervezve \u00e9s nemzetk\u00f6zi norm\u00e1knak megfelel\u0151en hajtja v\u00e9gre.<br \/>\n    Ukrajna d\u00e9li r\u00e9sz\u00e9n december 1-2-\u00e1n k\u00e9sz\u00fcl az ukr\u00e1n fegyveres er\u0151k l\u00e9gi ereje hadgyakorlatot tartani, amelynek sor\u00e1n rak\u00e9t\u00e1kat fognak kil\u0151ni. Liszenko hangs\u00falyozta, hogy a gyakorlat kiz\u00e1r\u00f3lag a leveg\u0151ben zajlik, a ny\u00edlt tenger f\u00f6l\u00f6tt, a nemzetk\u00f6zi norm\u00e1k szigor\u00fa betart\u00e1s\u00e1val.<br \/>\n    Ukr\u00e1n h\u00edrforr\u00e1sok szerint az orosz v\u00e9delmi miniszt\u00e9rium november 26-\u00e1n kelt level\u00e9ben arra figyelmeztette Kijevet, hogy ha megtartja a hadgyakorlatot, az orosz f\u00e9l t\u00fczet nyit az ukr\u00e1n rak\u00e9t\u00e1kra \u00e9s a csap\u00e1st m\u00e9r az ukrajnai kil\u00f6v\u0151 \u00e1ll\u00e1sokra is.<br \/>\n    Sajt\u00f3jelent\u00e9sek szerint Oroszorsz\u00e1g Basztyion t\u00edpus\u00fa partv\u00e9delmi rak\u00e9tarendszereket telep\u00edt a Kr\u00edm f\u00e9lszigetre. Mintegy 10 j\u00e1rm\u0171 &#8211; k\u00f6zt\u00fck n\u00e9gy kil\u00f6v\u0151\u00e1ll\u00e1s k\u00e9t rak\u00e9tasz\u00e1ll\u00edt\u00f3 kont\u00e9nerrel &#8211; v\u00e1rhat\u00f3an szerd\u00e1n \u00e9rkezik a f\u00e9lszigetre. Egy ismert orosz blogger pedig szerd\u00e1n fot\u00f3kat tett k\u00f6zz\u00e9 az interneten, amelyeken \u00e1ll\u00edt\u00f3lag az l\u00e1that\u00f3, hogy a Kr\u00edm sz\u00e9kv\u00e1ros\u00e1ban, Szimferopolban harckocsik, valamint tarack\u00e1gy\u00fakat \u00e9s m\u00e1s katonai eszk\u00f6z\u00f6ket sz\u00e1ll\u00edt\u00f3 j\u00e1rm\u0171vek haladnak az utc\u00e1kon. Az InformNapalm nemzetk\u00f6zi szervezet \u00f6nk\u00e9ntesei pedig videofelv\u00e9telt tette k\u00f6zz\u00e9, amelyen \u00e1ll\u00edt\u00f3lag a Kr\u00edm f\u00e9lsziget keleti r\u00e9sz\u00e9n l\u00e9v\u0151 Kercsben l\u00e1that\u00f3k haditechnikai eszk\u00f6z\u00f6k, k\u00f6zt\u00fck k\u00fcl\u00f6nb\u00f6z\u0151 t\u00edpus\u00fa l\u00e9gv\u00e9delmi rak\u00e9tarendszerek.(MTI)<\/p>\n","protected":false},"excerpt":{"rendered":"<p>Ukrajna nem \u00e1ll el az el\u0151re betervezett rak\u00e9tagyakorlat megtart\u00e1s\u00e1t\u00f3l az Oroszorsz\u00e1g \u00e1ltal bekebelezett Kr\u00edm f\u00e9lsziget k\u00f6zel\u00e9ben annak ellen\u00e9re, hogy a moszkvai v\u00e9delmi miniszt\u00e9rium emiatt \u00e1ll\u00edt\u00f3lag rak\u00e9tacsap\u00e1ssal fenyegette meg az orsz\u00e1got &#8211; jelentette ki Andrij Liszenko, az ukr\u00e1n v\u00e9delmi miniszt\u00e9rium sz\u00f3viv\u0151je szerdai sajt\u00f3t\u00e1j\u00e9koztat\u00f3j\u00e1n.<\/p>\n","protected":false},"author":1,"featured_media":0,"comment_status":"open","ping_status":"closed","sticky":false,"template":"","format":"standard","meta":[],"categories":[139],"tags":[],"_links":{"self":[{"href":"https:\/\/gazdasagportal.hu\/index.php\/wp-json\/wp\/v2\/posts\/87266"}],"collection":[{"href":"https:\/\/gazdasagportal.hu\/index.php\/wp-json\/wp\/v2\/posts"}],"about":[{"href":"https:\/\/gazdasagportal.hu\/index.php\/wp-json\/wp\/v2\/types\/post"}],"author":[{"embeddable":true,"href":"https:\/\/gazdasagportal.hu\/index.php\/wp-json\/wp\/v2\/users\/1"}],"replies":[{"embeddable":true,"href":"https:\/\/gazdasagportal.hu\/index.php\/wp-json\/wp\/v2\/comments?post=87266"}],"version-history":[{"count":1,"href":"https:\/\/gazdasagportal.hu\/index.php\/wp-json\/wp\/v2\/posts\/87266\/revisions"}],"predecessor-version":[{"id":87267,"href":"https:\/\/gazdasagportal.hu\/index.php\/wp-json\/wp\/v2\/posts\/87266\/revisions\/87267"}],"wp:attachment":[{"href":"https:\/\/gazdasagportal.hu\/index.php\/wp-json\/wp\/v2\/media?parent=87266"}],"wp:term":[{"taxonomy":"category","embeddable":true,"href":"https:\/\/gazdasagportal.hu\/index.php\/wp-json\/wp\/v2\/categories?post=87266"},{"taxonomy":"post_tag","embeddable":true,"href":"https:\/\/gazdasagportal.hu\/index.php\/wp-json\/wp\/v2\/tags?post=87266"}],"curies":[{"name":"wp","href":"https:\/\/api.w.org\/{rel}","templated":true}]}}