{"id":87264,"date":"2016-11-30T14:30:06","date_gmt":"2016-11-30T13:30:06","guid":{"rendered":"http:\/\/gazdasagportal.hu\/?p=87264"},"modified":"2016-11-30T14:30:06","modified_gmt":"2016-11-30T13:30:06","slug":"orban-europa-sorsa-ma-ismet-bulgaria-deli-hatarainal-dol-el","status":"publish","type":"post","link":"https:\/\/gazdasagportal.hu\/index.php\/orban-europa-sorsa-ma-ismet-bulgaria-deli-hatarainal-dol-el\/","title":{"rendered":"Orb\u00e1n: Eur\u00f3pa sorsa ma ism\u00e9t Bulg\u00e1ria d\u00e9li hat\u00e1rain\u00e1l d\u0151l el"},"content":{"rendered":"<p><strong>Eur\u00f3pa sorsa ma ism\u00e9t Bulg\u00e1ria d\u00e9li hat\u00e1rain\u00e1l d\u0151l el, a bolg\u00e1rok nemcsak orsz\u00e1guk\u00e9rt \u00e1llnak ki \u00e9s er\u0151s\u00edtik Magyarorsz\u00e1g biztons\u00e1g\u00e1t, hanem eg\u00e9sz Eur\u00f3p\u00e1t v\u00e9dik &#8211; mondta Orb\u00e1n Viktor minisztereln\u00f6k, amikor a Magyar \u00c9rdemrend nagykereszt polg\u00e1ri tagozata kit\u00fcntet\u00e9st adta \u00e1t Bojko Boriszov bolg\u00e1r minisztereln\u00f6knek szerd\u00e1n az Orsz\u00e1gh\u00e1zban.<\/strong><!--more--><\/p>\n<div class=\"ads-in-post1\"><div id=\"gazdasagportal.hu_fullbanner_wideboard\"><\/div>\r\n<\/div>\n<p>    Orb\u00e1n Viktor kiemelte: tudjuk, hogy vannak olyan t\u00f6rt\u00e9nelmi hib\u00e1k, amelyeket nem lehet kijav\u00edtani. Arra t\u00f6reksz\u00fcnk, hogy minden d\u00f6nt\u00e9s\u00fcnket al\u00e1rendelj\u00fck nemzeteink \u00e9rdekeinek, mert csak \u00edgy v\u00e9dhetj\u00fck meg magunkat \u00e9s Eur\u00f3p\u00e1t &#8211; mutatott r\u00e1.<br \/>\n    Bojko Boriszov arr\u00f3l besz\u00e9lt, hogy Eur\u00f3pa helyzete egyre nehezebb\u00e9 v\u00e1lik. A kit\u00fcntet\u00e9s b\u00e1tor\u00edt\u00e1s lehet mindazoknak, akik fontosnak \u00e9rzik a hat\u00e1rok v\u00e9delm\u00e9t &#8211; \u00e9rt\u00e9kelt.<br \/>\n    A kit\u00fcntet\u00e9st a bolg\u00e1r minisztereln\u00f6k a hivatalos indokl\u00e1s alapj\u00e1n az ezer\u00e9ves magyar-bolg\u00e1r bar\u00e1ts\u00e1g meger\u0151s\u00edt\u00e9s\u00e9t el\u0151seg\u00edt\u0151, valamint Eur\u00f3pa d\u00e9li hat\u00e1rainak v\u00e9delme ir\u00e1nt elhivatott \u00e9s Magyarorsz\u00e1g biztons\u00e1ga szempontj\u00e1b\u00f3l is meghat\u00e1roz\u00f3 jelent\u0151s\u00e9g\u0171 tev\u00e9kenys\u00e9ge elismer\u00e9sek\u00e9nt kapta.(MTI)<\/p>\n","protected":false},"excerpt":{"rendered":"<p>Eur\u00f3pa sorsa ma ism\u00e9t Bulg\u00e1ria d\u00e9li hat\u00e1rain\u00e1l d\u0151l el, a bolg\u00e1rok nemcsak orsz\u00e1guk\u00e9rt \u00e1llnak ki \u00e9s er\u0151s\u00edtik Magyarorsz\u00e1g biztons\u00e1g\u00e1t, hanem eg\u00e9sz Eur\u00f3p\u00e1t v\u00e9dik &#8211; mondta Orb\u00e1n Viktor minisztereln\u00f6k, amikor a Magyar \u00c9rdemrend nagykereszt polg\u00e1ri tagozata kit\u00fcntet\u00e9st adta \u00e1t Bojko Boriszov bolg\u00e1r minisztereln\u00f6knek szerd\u00e1n az Orsz\u00e1gh\u00e1zban.<\/p>\n","protected":false},"author":1,"featured_media":0,"comment_status":"open","ping_status":"closed","sticky":false,"template":"","format":"standard","meta":[],"categories":[4],"tags":[],"_links":{"self":[{"href":"https:\/\/gazdasagportal.hu\/index.php\/wp-json\/wp\/v2\/posts\/87264"}],"collection":[{"href":"https:\/\/gazdasagportal.hu\/index.php\/wp-json\/wp\/v2\/posts"}],"about":[{"href":"https:\/\/gazdasagportal.hu\/index.php\/wp-json\/wp\/v2\/types\/post"}],"author":[{"embeddable":true,"href":"https:\/\/gazdasagportal.hu\/index.php\/wp-json\/wp\/v2\/users\/1"}],"replies":[{"embeddable":true,"href":"https:\/\/gazdasagportal.hu\/index.php\/wp-json\/wp\/v2\/comments?post=87264"}],"version-history":[{"count":1,"href":"https:\/\/gazdasagportal.hu\/index.php\/wp-json\/wp\/v2\/posts\/87264\/revisions"}],"predecessor-version":[{"id":87265,"href":"https:\/\/gazdasagportal.hu\/index.php\/wp-json\/wp\/v2\/posts\/87264\/revisions\/87265"}],"wp:attachment":[{"href":"https:\/\/gazdasagportal.hu\/index.php\/wp-json\/wp\/v2\/media?parent=87264"}],"wp:term":[{"taxonomy":"category","embeddable":true,"href":"https:\/\/gazdasagportal.hu\/index.php\/wp-json\/wp\/v2\/categories?post=87264"},{"taxonomy":"post_tag","embeddable":true,"href":"https:\/\/gazdasagportal.hu\/index.php\/wp-json\/wp\/v2\/tags?post=87264"}],"curies":[{"name":"wp","href":"https:\/\/api.w.org\/{rel}","templated":true}]}}