{"id":87260,"date":"2016-11-30T13:21:52","date_gmt":"2016-11-30T12:21:52","guid":{"rendered":"http:\/\/gazdasagportal.hu\/?p=87260"},"modified":"2016-11-30T13:21:52","modified_gmt":"2016-11-30T12:21:52","slug":"donald-trump-lemond-uzleti-erdekeltsegeirol","status":"publish","type":"post","link":"https:\/\/gazdasagportal.hu\/index.php\/donald-trump-lemond-uzleti-erdekeltsegeirol\/","title":{"rendered":"Donald Trump lemond \u00fczleti \u00e9rdekelts\u00e9geir\u0151l"},"content":{"rendered":"<p><strong>Donald Trump teljes m\u00e9rt\u00e9kben lemond \u00fczleti \u00e9rdekelts\u00e9geir\u0151l, hogy az orsz\u00e1g ir\u00e1ny\u00edt\u00e1s\u00e1ra \u00f6sszpontos\u00edtson &#8211; tudatta az egyik k\u00f6z\u00f6ss\u00e9gi oldalon kereszt\u00fcl maga a megv\u00e1lasztott amerikai eln\u00f6k szerd\u00e1n.<\/strong><!--more--><\/p>\n<div class=\"ads-in-post1\"><div id=\"gazdasagportal.hu_fullbanner_wideboard\"><\/div>\r\n<\/div>\n<p>    Trump azt \u00edrta: december 15-\u00e9n sajt\u00f3t\u00e1j\u00e9koztat\u00f3n sz\u00e1mol be a r\u00e9szletekr\u0151l.<br \/>\n    \u00dczenet\u00e9ben nagy bet\u0171vel \u00fagy fogalmazott: arra szeretne koncentr\u00e1lni, hogy &#8222;ISM\u00c9T NAGGY\u00c1 TEGYE AMERIK\u00c1T&#8221;.<br \/>\n    Trump megjegyezte azt is, hogy ugyan erre nem k\u00f6telezi a t\u00f6rv\u00e9ny, de fontosnak tartja, hogy m\u00e9g l\u00e1tsz\u00f3lag se legyen \u00f6sszef\u00e9rhetetlens\u00e9g sz\u00e1mos \u00fczleti \u00e9rdekelts\u00e9ge \u00e9s (janu\u00e1r v\u00e9g\u00e9n kezd\u0151d\u0151) eln\u00f6ki tev\u00e9kenys\u00e9ge k\u00f6z\u00f6tt.<br \/>\n    &#8222;Ez\u00e9rt k\u00e9sz\u00fclnek a jogi iratok, amelyek teljesen megfosztanak \u00fczleti tev\u00e9kenys\u00e9gemt\u0151l. Az eln\u00f6ks\u00e9g enn\u00e9l j\u00f3val fontosabb&#8221; &#8211; \u00edrta a k\u00f6z\u00f6ss\u00e9gi m\u00e9di\u00e1ban Donald Trump, az Egyes\u00fclt \u00c1llamok leend\u0151 45. eln\u00f6ke.(MTI)<\/p>\n","protected":false},"excerpt":{"rendered":"<p>Donald Trump teljes m\u00e9rt\u00e9kben lemond \u00fczleti \u00e9rdekelts\u00e9geir\u0151l, hogy az orsz\u00e1g ir\u00e1ny\u00edt\u00e1s\u00e1ra \u00f6sszpontos\u00edtson &#8211; tudatta az egyik k\u00f6z\u00f6ss\u00e9gi oldalon kereszt\u00fcl maga a megv\u00e1lasztott amerikai eln\u00f6k szerd\u00e1n.<\/p>\n","protected":false},"author":1,"featured_media":0,"comment_status":"open","ping_status":"closed","sticky":false,"template":"","format":"standard","meta":[],"categories":[13],"tags":[],"_links":{"self":[{"href":"https:\/\/gazdasagportal.hu\/index.php\/wp-json\/wp\/v2\/posts\/87260"}],"collection":[{"href":"https:\/\/gazdasagportal.hu\/index.php\/wp-json\/wp\/v2\/posts"}],"about":[{"href":"https:\/\/gazdasagportal.hu\/index.php\/wp-json\/wp\/v2\/types\/post"}],"author":[{"embeddable":true,"href":"https:\/\/gazdasagportal.hu\/index.php\/wp-json\/wp\/v2\/users\/1"}],"replies":[{"embeddable":true,"href":"https:\/\/gazdasagportal.hu\/index.php\/wp-json\/wp\/v2\/comments?post=87260"}],"version-history":[{"count":1,"href":"https:\/\/gazdasagportal.hu\/index.php\/wp-json\/wp\/v2\/posts\/87260\/revisions"}],"predecessor-version":[{"id":87261,"href":"https:\/\/gazdasagportal.hu\/index.php\/wp-json\/wp\/v2\/posts\/87260\/revisions\/87261"}],"wp:attachment":[{"href":"https:\/\/gazdasagportal.hu\/index.php\/wp-json\/wp\/v2\/media?parent=87260"}],"wp:term":[{"taxonomy":"category","embeddable":true,"href":"https:\/\/gazdasagportal.hu\/index.php\/wp-json\/wp\/v2\/categories?post=87260"},{"taxonomy":"post_tag","embeddable":true,"href":"https:\/\/gazdasagportal.hu\/index.php\/wp-json\/wp\/v2\/tags?post=87260"}],"curies":[{"name":"wp","href":"https:\/\/api.w.org\/{rel}","templated":true}]}}