{"id":87226,"date":"2016-11-30T05:04:17","date_gmt":"2016-11-30T04:04:17","guid":{"rendered":"http:\/\/gazdasagportal.hu\/?p=87226"},"modified":"2016-11-29T22:06:07","modified_gmt":"2016-11-29T21:06:07","slug":"valoszinuleg-nem-fuggolegesen-zuhant-le-kolumbiaban-a-repulogep","status":"publish","type":"post","link":"https:\/\/gazdasagportal.hu\/index.php\/valoszinuleg-nem-fuggolegesen-zuhant-le-kolumbiaban-a-repulogep\/","title":{"rendered":"Val\u00f3sz\u00edn\u0171leg nem f\u00fcgg\u0151legesen zuhant le Kolumbi\u00e1ban a rep\u00fcl\u0151g\u00e9p"},"content":{"rendered":"<p><strong>Az, hogy vannak t\u00fal\u00e9l\u0151i a kolumbiai rep\u00fcl\u0151g\u00e9p szerencs\u00e9tlens\u00e9gnek, azt jelenti, hogy a g\u00e9p nem f\u00fcgg\u0151legesen zuhant, hiszen egy ilyen balesetn\u00e9l senki nem marad \u00e9letben &#8211; mondta H\u00e1y Gy\u00f6rgy rep\u00fcl\u00e9sbiztons\u00e1gi szak\u00e9rt\u0151 kedden az M1 aktu\u00e1lis csatorn\u00e1n.<\/strong><!--more--><\/p>\n<div class=\"ads-in-post1\"><div id=\"gazdasagportal.hu_fullbanner_wideboard\"><\/div>\r\n<\/div>\n<p>    A szak\u00e9rt\u0151 elmondta: ez azt is jelentheti, hogy a pil\u00f3t\u00e1k megpr\u00f3b\u00e1lt\u00e1k letenni a g\u00e9pet a talajon, de arra is utalhat, hogy \u00e9ppen ide\u00e1lis sz\u00f6gben rep\u00fcltek a zuhan\u00e1skor.<br \/>\n    &#8222;Teh\u00e1t az biztos, hogy nem egy kem\u00e9ny becsap\u00f3d\u00e1s volt, de, hogy ez sz\u00e1nd\u00e9kos, vagy v\u00e9letlen eredm\u00e9nye, ez \u00edgy az els\u0151 napon m\u00e9g nem v\u00e1laszthat\u00f3 sz\u00e9t&#8221; &#8211; f\u0171zte hozz\u00e1.<br \/>\n    H\u00e1y Gy\u00f6rgy azzal kapcsolatban, hogy a g\u00e9p nem gyulladt ki a becsap\u00f3d\u00e1s ut\u00e1n, megjegyezte, val\u00f3ban ritka, hogy egy ennyire \u00f6sszeroncsol\u00f3dott rep\u00fcl\u0151 ne kapjon l\u00e1ngra, de egyel\u0151re korai ebb\u0151l a k\u00f6r\u00fclm\u00e9nyb\u0151l azt a k\u00f6vetkeztet\u00e9st levonni, hogy \u00fatk\u00f6zben kifogyott az \u00fczemanyag.<br \/>\n    A Lamia bol\u00edviai l\u00e9git\u00e1rsas\u00e1g Bol\u00edvi\u00e1b\u00f3l indul\u00f3 j\u00e1rata helyi id\u0151 szerint h\u00e9tf\u0151 este zuhant le a Kolumbia \u00e9szaknyugati r\u00e9sz\u00e9n tal\u00e1lhat\u00f3 El Gordo hegyn\u00e9l, La Uni\u00f3n telep\u00fcl\u00e9s k\u00f6zel\u00e9ben, r\u00f6viddel a medell\u00edni nemzetk\u00f6zi rep\u00fcl\u0151t\u00e9ren tervezett lesz\u00e1ll\u00e1s el\u0151tt. Miel\u0151tt az Avro RJ85 t\u00edpus\u00fa g\u00e9p elt\u0171nt a radarok k\u00e9perny\u0151j\u00e9r\u0151l, v\u00e9szjelz\u00e9st adott le az elektromos rendszer meghib\u00e1sod\u00e1sa miatt. A kolumbiai polg\u00e1ri rep\u00fcl\u00e9s vezet\u0151je azt mondta: a hat\u00f3s\u00e1gok nem z\u00e1rj\u00e1k ki, hogy a rep\u00fcl\u0151g\u00e9p a lezuhan\u00e1s el\u0151tt kifogyott az \u00fczemanyagb\u00f3l, err\u0151l sz\u00e1molt be ugyanis a balesetet t\u00fal\u00e9l\u0151 egyik l\u00e9giutas-k\u00eds\u00e9r\u0151.<br \/>\n    A g\u00e9pen utaz\u00f3k t\u00f6bbs\u00e9ge &#8211; a legfrissebb h\u00edrek szerint 75 ember &#8211; meghalt, a katasztr\u00f3f\u00e1t hatan \u00e9lt\u00e9k t\u00fal. A g\u00e9pen tart\u00f3zkodtak a Chapecoense brazil labdar\u00fag\u00f3csapat j\u00e1t\u00e9kosai is.(MTI)<\/p>\n","protected":false},"excerpt":{"rendered":"<p>Az, hogy vannak t\u00fal\u00e9l\u0151i a kolumbiai rep\u00fcl\u0151g\u00e9p szerencs\u00e9tlens\u00e9gnek, azt jelenti, hogy a g\u00e9p nem f\u00fcgg\u0151legesen zuhant, hiszen egy ilyen balesetn\u00e9l senki nem marad \u00e9letben &#8211; mondta H\u00e1y Gy\u00f6rgy rep\u00fcl\u00e9sbiztons\u00e1gi szak\u00e9rt\u0151 kedden az M1 aktu\u00e1lis csatorn\u00e1n.<\/p>\n","protected":false},"author":1,"featured_media":0,"comment_status":"open","ping_status":"closed","sticky":false,"template":"","format":"standard","meta":[],"categories":[13],"tags":[],"_links":{"self":[{"href":"https:\/\/gazdasagportal.hu\/index.php\/wp-json\/wp\/v2\/posts\/87226"}],"collection":[{"href":"https:\/\/gazdasagportal.hu\/index.php\/wp-json\/wp\/v2\/posts"}],"about":[{"href":"https:\/\/gazdasagportal.hu\/index.php\/wp-json\/wp\/v2\/types\/post"}],"author":[{"embeddable":true,"href":"https:\/\/gazdasagportal.hu\/index.php\/wp-json\/wp\/v2\/users\/1"}],"replies":[{"embeddable":true,"href":"https:\/\/gazdasagportal.hu\/index.php\/wp-json\/wp\/v2\/comments?post=87226"}],"version-history":[{"count":1,"href":"https:\/\/gazdasagportal.hu\/index.php\/wp-json\/wp\/v2\/posts\/87226\/revisions"}],"predecessor-version":[{"id":87227,"href":"https:\/\/gazdasagportal.hu\/index.php\/wp-json\/wp\/v2\/posts\/87226\/revisions\/87227"}],"wp:attachment":[{"href":"https:\/\/gazdasagportal.hu\/index.php\/wp-json\/wp\/v2\/media?parent=87226"}],"wp:term":[{"taxonomy":"category","embeddable":true,"href":"https:\/\/gazdasagportal.hu\/index.php\/wp-json\/wp\/v2\/categories?post=87226"},{"taxonomy":"post_tag","embeddable":true,"href":"https:\/\/gazdasagportal.hu\/index.php\/wp-json\/wp\/v2\/tags?post=87226"}],"curies":[{"name":"wp","href":"https:\/\/api.w.org\/{rel}","templated":true}]}}