{"id":86908,"date":"2016-11-22T11:15:53","date_gmt":"2016-11-22T10:15:53","guid":{"rendered":"http:\/\/gazdasagportal.hu\/?p=86908"},"modified":"2016-11-22T11:15:53","modified_gmt":"2016-11-22T10:15:53","slug":"megallapodott-a-jovo-evi-berekrol-a-kormany-a-szocialis-partnerekkel","status":"publish","type":"post","link":"https:\/\/gazdasagportal.hu\/index.php\/megallapodott-a-jovo-evi-berekrol-a-kormany-a-szocialis-partnerekkel\/","title":{"rendered":"Meg\u00e1llapodott a j\u00f6v\u0151 \u00e9vi b\u00e9rekr\u0151l a korm\u00e1ny a szoci\u00e1lis partnerekkel"},"content":{"rendered":"<p><strong>Meg\u00e1llapodott kedden a korm\u00e1ny a szoci\u00e1lis partnerekkel a k\u00f6vetkez\u0151 k\u00e9t \u00e9v minim\u00e1lb\u00e9remel\u00e9s\u00e9r\u0151l \u00e9s j\u00e1rul\u00e9kcs\u00f6kkent\u00e9s\u00e9r\u0151l; a nemzetgazdas\u00e1gi miniszter a meg\u00e1llapod\u00e1snak k\u00f6sz\u00f6nhet\u0151en gyorsabb gazdas\u00e1gi b\u0151v\u00fcl\u00e9st v\u00e1r, a 2,3 sz\u00e1zal\u00e9kos GDP-ar\u00e1nyos j\u00f6v\u0151 \u00e9vi hi\u00e1nysz\u00e1mon szerinte nem kell v\u00e1ltoztatni, de ha sz\u00fcks\u00e9ges a korm\u00e1ny m\u00e1rciusban m\u00f3dos\u00edthatja a k\u00f6lts\u00e9gvet\u00e9st. <\/strong><!--more--><\/p>\n<div class=\"ads-in-post1\"><div id=\"gazdasagportal.hu_fullbanner_wideboard\"><\/div>\r\n<\/div>\n<p>    Varga Mih\u00e1ly nemzetgazdas\u00e1gi miniszter a Versenyszf\u00e9ra \u00e9s a Korm\u00e1ny \u00c1lland\u00f3 Konzult\u00e1ci\u00f3s F\u00f3rum\u00e1nak (VKF) \u00fcl\u00e9s\u00e9t k\u00f6vet\u0151en kedden Budapesten bejelentette, j\u00f6v\u0151re a minim\u00e1lb\u00e9r 15 sz\u00e1zal\u00e9kkal, a garant\u00e1lt b\u00e9rminimum 25 sz\u00e1zal\u00e9kkal n\u0151, a munk\u00e1ltat\u00f3i j\u00e1rul\u00e9kok pedig 5 sz\u00e1zal\u00e9kponttal cs\u00f6kkennek. 2018-ban a minim\u00e1lb\u00e9r \u00fajabb 8 sz\u00e1zal\u00e9kkal, a b\u00e9rminimum 12 sz\u00e1zal\u00e9kkal n\u0151 \u00e9s tov\u00e1bbi 2 sz\u00e1zal\u00e9kponttal cs\u00f6kkennek a j\u00e1rul\u00e9kok. Meg\u00e1llapodtak abban is, ha 2017 els\u0151 9 h\u00f3napj\u00e1ban a brutt\u00f3 b\u00e9rn\u00f6veked\u00e9s meghaladja a 11 sz\u00e1zal\u00e9kot, akkor a korm\u00e1ny kezdem\u00e9nyezni fogja, hogy 2018. janu\u00e1r elsej\u00e9vel tov\u00e1bbi 0,5 sz\u00e1zal\u00e9kponttal cs\u00f6kkenjenek a munk\u00e1ltat\u00f3i j\u00e1rul\u00e9kok. \u00d6sszesen \u00edgy 2018-ban 2,5 sz\u00e1zal\u00e9kkal cs\u00f6kkenhetnek a j\u00e1rul\u00e9kok.     A korm\u00e1ny v\u00e1llalta azt is, hogy j\u00f6v\u0151re a t\u00e1rsas\u00e1gi nyeres\u00e9gad\u00f3 egys\u00e9gesen 9 sz\u00e1zal\u00e9kra cs\u00f6kken az eddigi 19 \u00e9s 10 sz\u00e1zal\u00e9kr\u00f3l &#8211; mondta. Ezzel szavai szerint eleget tett a minisztereln\u00f6ki elv\u00e1r\u00e1snak, &#8222;elment a falig&#8221;, \u00e9s megjegyezte, minden partner elment a lehets\u00e9ges hat\u00e1rig, amelyet a felhatalmaz\u00f3 \u00e9rdekk\u00e9pviselet lehet\u0151v\u00e9 tett sz\u00e1m\u00e1ra.<br \/>\n    A nemzetgazdas\u00e1gi miniszter szerint m\u00e9rf\u00f6ldk\u0151h\u00f6z \u00e9rkezett a magyar gazdas\u00e1g azzal, hogy a korm\u00e1ny egyszerre jav\u00edtan\u00e1 a versenyk\u00e9pess\u00e9get \u00e9s n\u00f6veln\u00e9 a b\u00e9reket. \u00dagy v\u00e9lte, ez lehet\u0151v\u00e9 teszi, hogy a magyar gazdas\u00e1g a mostani 2-3 sz\u00e1zal\u00e9kos b\u0151v\u00fcl\u00e9sr\u0151l egy magasabb n\u00f6veked\u00e9si tartom\u00e1nyba ker\u00fclj\u00f6n.     Kord\u00e1s L\u00e1szl\u00f3, a Magyar Szakszervezeti Sz\u00f6vets\u00e9g (MaSzSz) eln\u00f6ke azt mondta, &#8222;nagy nap a mai&#8221;, ilyen m\u00e9rt\u00e9k\u0171 b\u00e9remel\u00e9sre hossz\u00fa \u00e9vek \u00f3ta nem volt p\u00e9lda. Siker\u00fclt el\u00e9rni a szakszervezet strat\u00e9giai c\u00e9lj\u00e1t, hogy 2018-ra a minim\u00e1lb\u00e9r el\u00e9rje az egyf\u0151s, egykeres\u0151s l\u00e9tminimum \u00e9rt\u00e9k\u00e9t, azaz a meg\u00e9lhet\u00e9shez sz\u00fcks\u00e9ges b\u00e9rt. Hangs\u00falyozta, nem \u00e9rt v\u00e9get a b\u00e9rharc, a j\u00e1rul\u00e9kcs\u00f6kkent\u00e9st ugyanis b\u00e9res\u00edteni kell a munkahelyeken. Szeretn\u00e9k el\u00e9rni, hogy a garant\u00e1lt b\u00e9rminiumum feletti b\u00e9rkateg\u00f3ri\u00e1kban is legal\u00e1bb k\u00e9tsz\u00e1mjegy\u0171 b\u00e9remel\u00e9s legyen &#8211; jelentette ki. Ez\u00e9rt m\u00e9g helyben meg kell k\u00fczdeni, ez\u00e9rt nagyon fontos a  mostani, kiindul\u00f3pontot jelent\u0151 meg\u00e1llapod\u00e1s &#8211; tette hozz\u00e1.     Elmondta, h\u00e9tf\u0151n a MaSzSz eln\u00f6ks\u00e9ge \u00fagy d\u00f6nt\u00f6tt, felsorakozik a meg\u00e1llapod\u00e1s mellett, tov\u00e1bbi tev\u00e9kenys\u00e9get a munkahelyeken fogj\u00e1k folytatni, hogy a minim\u00e1lb\u00e9r emel\u00e9s oda is &#8222;lesziv\u00e1rogjon&#8221;.     Fut\u00f3 P\u00e9ter, a Munkaad\u00f3k \u00e9s Gy\u00e1riparosok Orsz\u00e1gos Sz\u00f6vets\u00e9ge (MGyOSz) eln\u00f6ke a munkaad\u00f3k v\u00e1llal\u00e1s\u00e1nak s\u00faly\u00e1ra h\u00edvta fel a figyelmet. &#8222;Mi v\u00e1llaltuk a legt\u00f6bbet&#8221; &#8211; mondta. Nagy teher a munkaad\u00f3knak a 15 \u00e9s 25 sz\u00e1zal\u00e9kos minim\u00e1lb\u00e9r \u00e9s b\u00e9rminimum-emel\u00e9s, \u00e9s az ezzel egy\u00fctt j\u00e1r\u00f3 tov\u00e1bbi fizet\u00e9semel\u00e9sek, de meggy\u0151z\u0151d\u00e9s\u00fck, hogy ez hozz\u00e1j\u00e1rul az orsz\u00e1g versenyk\u00e9pess\u00e9g\u00e9nek jelent\u0151s n\u00f6veked\u00e9s\u00e9hez \u00e9s a szakk\u00e9pzett munkaer\u0151 megtart\u00e1s\u00e1hoz.     Varga Mih\u00e1ly k\u00e9rd\u00e9sre elmondta, b\u00edzik benne, hogy szerd\u00e1n beny\u00fajtja a korm\u00e1ny a parlamentnek a m\u00f3dos\u00edt\u00e1sokat, amelyeket az orsz\u00e1ggy\u0171l\u00e9s gyors\u00edtott elj\u00e1r\u00e1ssal elfogadhat.     Elmondta, a meg\u00e1llapod\u00e1s nyom\u00e1n magasabb b\u00e9rki\u00e1raml\u00e1s v\u00e1rhat\u00f3, ami az infl\u00e1ci\u00f3s terv \u00e1tsz\u00e1m\u00edt\u00e1s\u00e1val is j\u00e1r, amire a korm\u00e1ny k\u00e9szen \u00e1ll. A v\u00e1ltoz\u00f3 felt\u00e9telekhez kell igaz\u00edtani tov\u00e1bbi makrogazdas\u00e1gi param\u00e9tereket is, els\u0151 k\u00f6rben azonban m\u00e9g nem kell hozz\u00e1ny\u00falni a j\u00f6v\u0151 \u00e9vi k\u00f6lts\u00e9gvet\u00e9shez, a korm\u00e1ny r\u00e1\u00e9r j\u00f6v\u0151 m\u00e1rciusban m\u00f3dos\u00edtani azt, ha sz\u00fcks\u00e9ges.<br \/>\n    Varga Mih\u00e1ly szerint a b\u00e9rki\u00e1raml\u00e1s hat\u00e1sa a fogyaszt\u00e1s \u00e9s a kiskereskedelmi forgalom n\u00f6veked\u00e9se jelent\u0151sen jav\u00edtja majd a gazdas\u00e1g teljes\u00edtm\u00e9ny\u00e9t, valamint b\u00edzik benne, hogy a j\u00e1rul\u00e9kcs\u00f6kkent\u00e9s seg\u00edti a c\u00e9lzottabb fejleszt\u00e9si-beruh\u00e1z\u00e1si d\u00f6nt\u00e9sek meghozatal\u00e1t a v\u00e1llalatokn\u00e1l. Elmondta, j\u00f6v\u0151re magasabb, 2,3 sz\u00e1zal\u00e9kos hi\u00e1nyt terveztek, \u00edgy a hi\u00e1nysz\u00e1mokon v\u00e1rhat\u00f3an nem kell m\u00f3dos\u00edtani, ha egy\u00e9b vil\u00e1ggazdas\u00e1gi k\u00f6r\u00fclm\u00e9nyek ezt nem teszik sz\u00fcks\u00e9gess\u00e9.     K\u00e9rd\u00e9sre v\u00e1laszolva azt is elmondta, van olyan k\u00fclf\u00f6ldi v\u00e1llalat, amely a t\u00e1rsas\u00e1gi ad\u00f3 cs\u00f6kkent\u00e9s\u00e9nek hat\u00e1s\u00e1ra m\u00e9rlegeli egy magyarorsz\u00e1gi befektet\u00e9s lehet\u0151s\u00e9g\u00e9t.(MTI)<\/p>\n","protected":false},"excerpt":{"rendered":"<p>Meg\u00e1llapodott kedden a korm\u00e1ny a szoci\u00e1lis partnerekkel a k\u00f6vetkez\u0151 k\u00e9t \u00e9v minim\u00e1lb\u00e9remel\u00e9s\u00e9r\u0151l \u00e9s j\u00e1rul\u00e9kcs\u00f6kkent\u00e9s\u00e9r\u0151l; a nemzetgazdas\u00e1gi miniszter a meg\u00e1llapod\u00e1snak k\u00f6sz\u00f6nhet\u0151en gyorsabb gazdas\u00e1gi b\u0151v\u00fcl\u00e9st v\u00e1r, a 2,3 sz\u00e1zal\u00e9kos GDP-ar\u00e1nyos j\u00f6v\u0151 \u00e9vi hi\u00e1nysz\u00e1mon szerinte nem kell v\u00e1ltoztatni, de ha sz\u00fcks\u00e9ges a korm\u00e1ny m\u00e1rciusban m\u00f3dos\u00edthatja a k\u00f6lts\u00e9gvet\u00e9st.<\/p>\n","protected":false},"author":1,"featured_media":0,"comment_status":"open","ping_status":"closed","sticky":false,"template":"","format":"standard","meta":[],"categories":[19],"tags":[],"_links":{"self":[{"href":"https:\/\/gazdasagportal.hu\/index.php\/wp-json\/wp\/v2\/posts\/86908"}],"collection":[{"href":"https:\/\/gazdasagportal.hu\/index.php\/wp-json\/wp\/v2\/posts"}],"about":[{"href":"https:\/\/gazdasagportal.hu\/index.php\/wp-json\/wp\/v2\/types\/post"}],"author":[{"embeddable":true,"href":"https:\/\/gazdasagportal.hu\/index.php\/wp-json\/wp\/v2\/users\/1"}],"replies":[{"embeddable":true,"href":"https:\/\/gazdasagportal.hu\/index.php\/wp-json\/wp\/v2\/comments?post=86908"}],"version-history":[{"count":1,"href":"https:\/\/gazdasagportal.hu\/index.php\/wp-json\/wp\/v2\/posts\/86908\/revisions"}],"predecessor-version":[{"id":86909,"href":"https:\/\/gazdasagportal.hu\/index.php\/wp-json\/wp\/v2\/posts\/86908\/revisions\/86909"}],"wp:attachment":[{"href":"https:\/\/gazdasagportal.hu\/index.php\/wp-json\/wp\/v2\/media?parent=86908"}],"wp:term":[{"taxonomy":"category","embeddable":true,"href":"https:\/\/gazdasagportal.hu\/index.php\/wp-json\/wp\/v2\/categories?post=86908"},{"taxonomy":"post_tag","embeddable":true,"href":"https:\/\/gazdasagportal.hu\/index.php\/wp-json\/wp\/v2\/tags?post=86908"}],"curies":[{"name":"wp","href":"https:\/\/api.w.org\/{rel}","templated":true}]}}