{"id":86892,"date":"2016-11-22T07:03:25","date_gmt":"2016-11-22T06:03:25","guid":{"rendered":"http:\/\/gazdasagportal.hu\/?p=86892"},"modified":"2016-11-22T07:03:25","modified_gmt":"2016-11-22T06:03:25","slug":"tiz-kilometer-hosszan-elkeszult-a-kettos-vedvonal-a-magyar-szerb-hataron","status":"publish","type":"post","link":"https:\/\/gazdasagportal.hu\/index.php\/tiz-kilometer-hosszan-elkeszult-a-kettos-vedvonal-a-magyar-szerb-hataron\/","title":{"rendered":"T\u00edz kilom\u00e9ter hosszan elk\u00e9sz\u00fclt a kett\u0151s v\u00e9dvonal a magyar-szerb hat\u00e1ron"},"content":{"rendered":"<p><strong>T\u00edz kilom\u00e9ter hosszan elk\u00e9sz\u00fclt a kett\u0151s v\u00e9dvonal a magyar-szerb hat\u00e1ron &#8211; hangzott el az M1 aktu\u00e1lis csatorna h\u00e9tf\u0151 esti H\u00edrad\u00f3j\u00e1ban.<\/strong><!--more--><\/p>\n<div class=\"ads-in-post1\"><div id=\"gazdasagportal.hu_fullbanner_wideboard\"><\/div>\r\n<\/div>\n<p>    A tud\u00f3s\u00edt\u00e1s szerint a biztons\u00e1gi hat\u00e1rz\u00e1rat kieg\u00e9sz\u00edt\u0151 m\u00e1sodik ker\u00edt\u00e9s mintaszakasza &#8211; amelyet a b\u00fcntet\u00e9s-v\u00e9grehajt\u00e1s \u00e9p\u00edtett &#8211; B\u00e1csszentgy\u00f6rgy \u00e9s Gara k\u00f6z\u00f6tt \u00e9p\u00fclt meg. A meger\u0151s\u00edtett m\u0171szaki hat\u00e1rz\u00e1r itt m\u00e1r egy gyorstelep\u00edt\u00e9s\u0171 dr\u00f3takad\u00e1lyb\u00f3l \u00e9s k\u00e9t ker\u00edt\u00e9sb\u0151l \u00e1ll. A ker\u00edt\u00e9sek k\u00f6z\u00f6tt van egy \u00e1rok, itt fut az \u00fagynevezett man\u0151ver \u00fat is.<br \/>\n    Tov\u00e1bb\u00e9p\u00edt\u00e9se eset\u00e9n a kett\u0151s v\u00e9dvonalat intelligens jelz\u0151rendszerrel \u00e9s kamer\u00e1kkal szerelik majd fel. Az &#8222;okosker\u00edt\u00e9s&#8221; teljes ki\u00e9p\u00edt\u00e9se ut\u00e1n a jelenlegin\u00e9l j\u00f3val kevesebb rend\u0151rre \u00e9s katon\u00e1ra lesz sz\u00fcks\u00e9g a d\u00e9li hat\u00e1ron &#8211; hangzott el.<br \/>\n    Az \u00faj, h\u00e1rom m\u00e9ter magas \u00e9s ponthegesztett dr\u00f3th\u00e1l\u00f3val meger\u0151s\u00edtett ker\u00edt\u00e9st intelligens jelz\u0151rendszerrel szerelt\u00e9k fel. Ezekben 10-15 centim\u00e9terenk\u00e9nt \u00e9rz\u00e9kel\u0151k vannak, amelyek jelzik, ha valaki hozz\u00e1juk \u00e9r. A biztons\u00e1gi rendszert h\u0151- \u00e9s mozg\u00e1s\u00e9rz\u00e9kel\u0151 kamer\u00e1k eg\u00e9sz\u00edtik ki. Jelenleg a berendez\u00e9seket kiszolg\u00e1l\u00f3, a f\u00f6ld alatt fut\u00f3 optikai k\u00e1beleket telep\u00edtik &#8211; fejtett\u00e9k ki.<br \/>\n    Perj\u00e9si Zsolt biztons\u00e1gi tan\u00e1csad\u00f3 a hirado.hu-nak azt mondta, hogy az &#8222;okosker\u00edt\u00e9s&#8221; kiv\u00e1ltja az &#8222;\u00e9l\u0151er\u0151&#8221; egy r\u00e9sz\u00e9t, \u00edgy olcs\u00f3bb\u00e1 v\u00e1lik a hat\u00e1r \u0151rz\u00e9se.<br \/>\n    Hosszabb t\u00e1von mindenk\u00e9ppen megt\u00e9r\u00fcl a hat\u00e1sa &#8211; tette hozz\u00e1. A port\u00e1l azt \u00edrta: a biztons\u00e1gi hat\u00e1rz\u00e1r meger\u0151s\u00edt\u00e9s\u00e9r\u0151l augusztusban besz\u00e9lt el\u0151sz\u00f6r a minisztereln\u00f6k. A mintaszakasz tov\u00e1bb\u00e9p\u00edt\u00e9s\u00e9r\u0151l a korm\u00e1ny d\u00f6nt majd.(MTI)<\/p>\n","protected":false},"excerpt":{"rendered":"<p>T\u00edz kilom\u00e9ter hosszan elk\u00e9sz\u00fclt a kett\u0151s v\u00e9dvonal a magyar-szerb hat\u00e1ron &#8211; hangzott el az M1 aktu\u00e1lis csatorna h\u00e9tf\u0151 esti H\u00edrad\u00f3j\u00e1ban.<\/p>\n","protected":false},"author":1,"featured_media":0,"comment_status":"open","ping_status":"closed","sticky":false,"template":"","format":"standard","meta":[],"categories":[4],"tags":[],"_links":{"self":[{"href":"https:\/\/gazdasagportal.hu\/index.php\/wp-json\/wp\/v2\/posts\/86892"}],"collection":[{"href":"https:\/\/gazdasagportal.hu\/index.php\/wp-json\/wp\/v2\/posts"}],"about":[{"href":"https:\/\/gazdasagportal.hu\/index.php\/wp-json\/wp\/v2\/types\/post"}],"author":[{"embeddable":true,"href":"https:\/\/gazdasagportal.hu\/index.php\/wp-json\/wp\/v2\/users\/1"}],"replies":[{"embeddable":true,"href":"https:\/\/gazdasagportal.hu\/index.php\/wp-json\/wp\/v2\/comments?post=86892"}],"version-history":[{"count":1,"href":"https:\/\/gazdasagportal.hu\/index.php\/wp-json\/wp\/v2\/posts\/86892\/revisions"}],"predecessor-version":[{"id":86893,"href":"https:\/\/gazdasagportal.hu\/index.php\/wp-json\/wp\/v2\/posts\/86892\/revisions\/86893"}],"wp:attachment":[{"href":"https:\/\/gazdasagportal.hu\/index.php\/wp-json\/wp\/v2\/media?parent=86892"}],"wp:term":[{"taxonomy":"category","embeddable":true,"href":"https:\/\/gazdasagportal.hu\/index.php\/wp-json\/wp\/v2\/categories?post=86892"},{"taxonomy":"post_tag","embeddable":true,"href":"https:\/\/gazdasagportal.hu\/index.php\/wp-json\/wp\/v2\/tags?post=86892"}],"curies":[{"name":"wp","href":"https:\/\/api.w.org\/{rel}","templated":true}]}}