{"id":86888,"date":"2016-11-21T19:48:17","date_gmt":"2016-11-21T18:48:17","guid":{"rendered":"http:\/\/gazdasagportal.hu\/?p=86888"},"modified":"2016-11-21T19:48:17","modified_gmt":"2016-11-21T18:48:17","slug":"sztrajkot-hirdetett-szerdara-a-lufthansa-pilotait-kepviselo-szakszervezet","status":"publish","type":"post","link":"https:\/\/gazdasagportal.hu\/index.php\/sztrajkot-hirdetett-szerdara-a-lufthansa-pilotait-kepviselo-szakszervezet\/","title":{"rendered":"Sztr\u00e1jkot hirdetett szerd\u00e1ra a Lufthansa pil\u00f3t\u00e1it k\u00e9pvisel\u0151 szakszervezet"},"content":{"rendered":"<p><strong>Eg\u00e9sz napos sztr\u00e1jkot hirdetett szerd\u00e1ra a Lufthansa n\u00e9met l\u00e9git\u00e1rsas\u00e1g pil\u00f3t\u00e1it k\u00e9pvisel\u0151 szakszervezet (Vereinigung Cockpit &#8211; VC).<\/strong><!--more--><\/p>\n<div class=\"ads-in-post1\"><div id=\"gazdasagportal.hu_fullbanner_wideboard\"><\/div>\r\n<\/div>\n<p>    Az \u00e9rdekk\u00e9pviselet h\u00e9tf\u0151i k\u00f6zlem\u00e9nye szerint a sztr\u00e1jkfelh\u00edv\u00e1s a Lufthansa valamennyi N\u00e9metorsz\u00e1gb\u00f3l indul\u00f3 j\u00e1rat\u00e1ra vonatkozik, \u00e9s \u00e9rintheti a v\u00e1llalatcsoport m\u00e1s l\u00e9git\u00e1rsas\u00e1gait is.<br \/>\n    A VC \u00e9ves szinten \u00e1tlagosan 3,66 sz\u00e1zal\u00e9kos b\u00e9remel\u00e9st k\u00e9r a legut\u00f3bbi kollekt\u00edv szerz\u0151d\u00e9s lej\u00e1rt\u00e1val, 2012 \u00e1prilis\u00e1val kezd\u0151d\u0151 \u00f6t \u00e9ves id\u0151szakra a Lufthansa, a Lufthansa Cargo \u00e9s a csoporthoz tartoz\u00f3 Germanwings diszkont l\u00e9git\u00e1rsas\u00e1g mintegy 5400 pil\u00f3t\u00e1j\u00e1nak. A munkaad\u00f3 2,5 sz\u00e1zal\u00e9kos emel\u00e9st aj\u00e1nl.<br \/>\n    A szakszervezet k\u00f6zlem\u00e9nye szerint az aj\u00e1nlat elfogadhatatlan, nemcsak az\u00e9rt, mert gyakorlatilag a b\u00e9rek befagyaszt\u00e1s\u00e1t jelenten\u00e9, hanem az\u00e9rt is, mert a Lufthansa \u00e9vek \u00f3ta b\u0151s\u00e9gesen termel nyeres\u00e9get, ami az igazgat\u00f3s\u00e1gi tagok javadalmaz\u00e1s\u00e1nak jelent\u0151s, egyes esetekben a 30 sz\u00e1zal\u00e9kot el\u00e9r\u0151 emel\u00e9se is jelez.<br \/>\n    Az \u00e1gazat 9600 munkav\u00e1llal\u00f3j\u00e1t k\u00e9pvisel\u0151 VC a b\u00e9rmeg\u00e1llapod\u00e1s \u00fcgye mellett a korai nyugd\u00edjaz\u00e1si rendszer \u00e1talak\u00edt\u00e1s\u00e1val \u00e9s a v\u00e1llalatvezet\u00e9s k\u00f6lts\u00e9gcs\u00f6kkent\u00e9si t\u00f6rekv\u00e9seivel kapcsolatban is konfliktusba ker\u00fclt a Lufthans\u00e1val. A t\u00e1rgyal\u00e1sok el\u0151sz\u00f6r 2014 tavasz\u00e1n rekedtek meg, az\u00f3ta 13-szor sztr\u00e1jkoltak a Lufthansa pil\u00f3t\u00e1i.<br \/>\n    A legut\u00f3bbi, tavaly szeptemberi sztr\u00e1jk befejez\u00e9s\u00e9t b\u00edr\u00f3s\u00e1g rendelte el, arra hivatkozva, hogy VC k\u00f6vetel\u00e9sei a kollekt\u00edv szerz\u0151d\u00e9sben nem szab\u00e1lyozhat\u00f3 k\u00e9rd\u00e9sekre is kiterjednek \u00e9s r\u00e9szben azt a c\u00e9lt szolg\u00e1lj\u00e1k, hogy az \u00e9rdekk\u00e9pviselet nagyobb belesz\u00f3l\u00e1st szerezzen a Lufthansa diszkont \u00fczlet\u00e1ga \u00fczleti modellj\u00e9nek alak\u00edt\u00e1s\u00e1ban.<br \/>\n    A Lufthansa csoport az id\u00e9n a janu\u00e1r-szeptemberi id\u0151szakban 23,8 milli\u00e1rd eur\u00f3 \u00e1rbev\u00e9tel mellett 1,8 milli\u00e1rd eur\u00f3 ad\u00f3zott eredm\u00e9nyt \u00e9rt el. Tavalyi \u00e1rbev\u00e9tele 32 milli\u00e1rd eur\u00f3 volt, ad\u00f3zott nyeres\u00e9ge 1,69 milli\u00e1rd eur\u00f3t tett ki.(MTI)<\/p>\n","protected":false},"excerpt":{"rendered":"<p>Eg\u00e9sz napos sztr\u00e1jkot hirdetett szerd\u00e1ra a Lufthansa n\u00e9met l\u00e9git\u00e1rsas\u00e1g pil\u00f3t\u00e1it k\u00e9pvisel\u0151 szakszervezet (Vereinigung Cockpit &#8211; VC).<\/p>\n","protected":false},"author":1,"featured_media":0,"comment_status":"open","ping_status":"closed","sticky":false,"template":"","format":"standard","meta":[],"categories":[246],"tags":[],"_links":{"self":[{"href":"https:\/\/gazdasagportal.hu\/index.php\/wp-json\/wp\/v2\/posts\/86888"}],"collection":[{"href":"https:\/\/gazdasagportal.hu\/index.php\/wp-json\/wp\/v2\/posts"}],"about":[{"href":"https:\/\/gazdasagportal.hu\/index.php\/wp-json\/wp\/v2\/types\/post"}],"author":[{"embeddable":true,"href":"https:\/\/gazdasagportal.hu\/index.php\/wp-json\/wp\/v2\/users\/1"}],"replies":[{"embeddable":true,"href":"https:\/\/gazdasagportal.hu\/index.php\/wp-json\/wp\/v2\/comments?post=86888"}],"version-history":[{"count":1,"href":"https:\/\/gazdasagportal.hu\/index.php\/wp-json\/wp\/v2\/posts\/86888\/revisions"}],"predecessor-version":[{"id":86889,"href":"https:\/\/gazdasagportal.hu\/index.php\/wp-json\/wp\/v2\/posts\/86888\/revisions\/86889"}],"wp:attachment":[{"href":"https:\/\/gazdasagportal.hu\/index.php\/wp-json\/wp\/v2\/media?parent=86888"}],"wp:term":[{"taxonomy":"category","embeddable":true,"href":"https:\/\/gazdasagportal.hu\/index.php\/wp-json\/wp\/v2\/categories?post=86888"},{"taxonomy":"post_tag","embeddable":true,"href":"https:\/\/gazdasagportal.hu\/index.php\/wp-json\/wp\/v2\/tags?post=86888"}],"curies":[{"name":"wp","href":"https:\/\/api.w.org\/{rel}","templated":true}]}}