{"id":86886,"date":"2016-11-21T18:47:21","date_gmt":"2016-11-21T17:47:21","guid":{"rendered":"http:\/\/gazdasagportal.hu\/?p=86886"},"modified":"2016-11-21T17:48:04","modified_gmt":"2016-11-21T16:48:04","slug":"a-nav-a-rendorseg-es-a-kozlekedesi-hatosag-kozosen-akciozott-48-szabalytalansagot-talaltak","status":"publish","type":"post","link":"https:\/\/gazdasagportal.hu\/index.php\/a-nav-a-rendorseg-es-a-kozlekedesi-hatosag-kozosen-akciozott-48-szabalytalansagot-talaltak\/","title":{"rendered":"A NAV, a rend\u0151rs\u00e9g \u00e9s a k\u00f6zleked\u00e9si hat\u00f3s\u00e1g k\u00f6z\u00f6sen akci\u00f3zott, 48 szab\u00e1lytalans\u00e1got tal\u00e1ltak"},"content":{"rendered":"<p><strong>K\u00f6z\u00f6s akci\u00f3t tartott november 15-17. k\u00f6z\u00f6tt a Nemzeti K\u00f6zleked\u00e9si Hat\u00f3s\u00e1g (NKH), a Nemzeti Ad\u00f3- \u00e9s V\u00e1mhivatal (NAV) \u00e9s az Orsz\u00e1gos Rend\u0151r-f\u0151kapit\u00e1nys\u00e1g (ORFK), az ellen\u0151r\u00f6k 326 g\u00e9pj\u00e1rm\u0171vet vizsg\u00e1ltak meg, 48 esetben tal\u00e1ltak szab\u00e1lytalans\u00e1got &#8211; ismertett\u00e9k a hat\u00f3s\u00e1gok h\u00e9tf\u0151n Budapesten sajt\u00f3t\u00e1j\u00e9koztat\u00f3n.  <\/strong><!--more--><\/p>\n<div class=\"ads-in-post1\"><div id=\"gazdasagportal.hu_fullbanner_wideboard\"><\/div>\r\n<\/div>\n<p>    Az NKH \u00e9s a t\u00e1rsszervek a 3,5 tonna \u00f6sszt\u00f6meget nem meghalad\u00f3 g\u00e9pj\u00e1rm\u0171vekn\u00e9l \u00e9s a hozz\u00e1juk kapcsol\u00f3d\u00f3 p\u00f3tkocsikn\u00e1l vizsg\u00e1lt\u00e1k a rakod\u00e1sra, a rakom\u00e1nyok sz\u00e1ll\u00edt\u00e1s\u00e1ra vonatkoz\u00f3 el\u0151\u00edr\u00e1sok, valamint az ad\u00f3-, v\u00e1m- \u00e9s k\u00f6zleked\u00e9si jogszab\u00e1lyok betart\u00e1s\u00e1t &#8211; mondta el \u00c9rsek Istv\u00e1n, az NKH eln\u00f6khelyettese.<br \/>\n    Az ellen\u0151rz\u00e9sek B\u00e9k\u00e9s, Csongr\u00e1d, Gy\u0151r-Moson-Sopron, N\u00f3gr\u00e1d, Pest \u00e9s Zala megy\u00e9re terjedtek ki.<br \/>\n    \u00c9rsek Istv\u00e1n elmond\u00e1sa szerint a hat\u00f3s\u00e1gok a vizsg\u00e1latokat  az Overload (t\u00falterhel\u00e9s, t\u00fals\u00faly) elnevez\u00e9s\u0171 akci\u00f3 keret\u00e9ben v\u00e9gezt\u00e9k. Ilyen jelleg\u0171 ellen\u0151rz\u00e9st a NAV, az NKH \u00e9s a rend\u0151rs\u00e9g m\u00e9g nem tartott &#8211; tette hozz\u00e1.<br \/>\n    Az NKH eln\u00f6khelyettese a szab\u00e1lytalans\u00e1gok k\u00f6z\u00fcl kiemelte, hogy Csongr\u00e1d \u00e9s Zala megy\u00e9ben fennakadt az ellen\u0151rz\u00e9sen egy-egy olyan g\u00e9pj\u00e1rm\u0171, amelynek az \u00f6sszt\u00f6mege rakom\u00e1nnyal egy\u00fctt 8, illetve 6,9 tonna volt.<br \/>\n    \u00c9rsek Istv\u00e1n hangs\u00falyozta: s\u00falyos k\u00f6zleked\u00e9sbiztons\u00e1gi kock\u00e1zatokat jelentenek azok a j\u00e1rm\u0171vek, amelyek 3,5 tonna rakom\u00e1ny biztons\u00e1gos sz\u00e1ll\u00edt\u00e1s\u00e1ra vannak kialak\u00edtva, azonban a megengedett mennyis\u00e9g k\u00e9tszeres\u00e9t sz\u00e1ll\u00edtj\u00e1k. A megn\u00f6vekedett s\u00faly miatt ugyanis m\u00e1shogy m\u0171k\u00f6dnek a j\u00e1rm\u0171 m\u0171szaki berendez\u00e9sei, sokkal nagyobb lesz p\u00e9ld\u00e1ul a f\u00e9k\u00fat.<br \/>\n    Demeter Tam\u00e1s, a NAV rend\u00e9szeti f\u0151oszt\u00e1lyvezet\u0151je elmondta: az ad\u00f3hat\u00f3s\u00e1g a 3 napos akci\u00f3 sor\u00e1n f\u0151k\u00e9nt azt vizsg\u00e1lta, hogy az ellen\u0151rz\u00f6tt rakom\u00e1nyokat bejelentett\u00e9k-e az elektronikus k\u00f6z\u00fati \u00e1ruforgalom-ellen\u0151rz\u0151 rendszerbe (ek\u00e1er),  rendelkeznek-e \u00e9rv\u00e9nyes ek\u00e1er-azonos\u00edt\u00f3val.<br \/>\n    A NAV 30 esetben j\u00e1rt el jogs\u00e9rt\u00e9s miatt \u00e9s t\u00f6bb mint 3,6 milli\u00f3 forint b\u00edrs\u00e1got szabott ki, z\u00f6m\u00e9ben az ek\u00e1er-bejelent\u00e9shez k\u00f6thet\u0151 mulaszt\u00e1si b\u00edrs\u00e1g, valamint k\u00f6zigazgat\u00e1si b\u00edrs\u00e1g c\u00edmen &#8211; k\u00f6z\u00f6lte.          \u00d3berling J\u00f3zsef, az ORFK k\u00f6zleked\u00e9srend\u00e9szeti f\u0151oszt\u00e1lyvezet\u0151je t\u00e1j\u00e9koztat\u00e1sa szerint a rend\u0151rs\u00e9g minden \u00e9vben nagy hangs\u00falyt helyez a j\u00e1rm\u0171vek rakod\u00e1s\u00e1t meghat\u00e1roz\u00f3 szab\u00e1lyok betartat\u00e1s\u00e1ra, tavaly 10 ezer, az id\u00e9n pedig m\u00e1r 7500 ilyen jelleg\u0171 \u00fcgyben szabtak ki b\u00edrs\u00e1got.(MTI)<\/p>\n","protected":false},"excerpt":{"rendered":"<p>K\u00f6z\u00f6s akci\u00f3t tartott november 15-17. k\u00f6z\u00f6tt a Nemzeti K\u00f6zleked\u00e9si Hat\u00f3s\u00e1g (NKH), a Nemzeti Ad\u00f3- \u00e9s V\u00e1mhivatal (NAV) \u00e9s az Orsz\u00e1gos Rend\u0151r-f\u0151kapit\u00e1nys\u00e1g (ORFK), az ellen\u0151r\u00f6k 326 g\u00e9pj\u00e1rm\u0171vet vizsg\u00e1ltak meg, 48 esetben tal\u00e1ltak szab\u00e1lytalans\u00e1got &#8211; ismertett\u00e9k a hat\u00f3s\u00e1gok h\u00e9tf\u0151n Budapesten sajt\u00f3t\u00e1j\u00e9koztat\u00f3n.<\/p>\n","protected":false},"author":1,"featured_media":0,"comment_status":"open","ping_status":"closed","sticky":false,"template":"","format":"standard","meta":[],"categories":[20,19],"tags":[],"_links":{"self":[{"href":"https:\/\/gazdasagportal.hu\/index.php\/wp-json\/wp\/v2\/posts\/86886"}],"collection":[{"href":"https:\/\/gazdasagportal.hu\/index.php\/wp-json\/wp\/v2\/posts"}],"about":[{"href":"https:\/\/gazdasagportal.hu\/index.php\/wp-json\/wp\/v2\/types\/post"}],"author":[{"embeddable":true,"href":"https:\/\/gazdasagportal.hu\/index.php\/wp-json\/wp\/v2\/users\/1"}],"replies":[{"embeddable":true,"href":"https:\/\/gazdasagportal.hu\/index.php\/wp-json\/wp\/v2\/comments?post=86886"}],"version-history":[{"count":1,"href":"https:\/\/gazdasagportal.hu\/index.php\/wp-json\/wp\/v2\/posts\/86886\/revisions"}],"predecessor-version":[{"id":86887,"href":"https:\/\/gazdasagportal.hu\/index.php\/wp-json\/wp\/v2\/posts\/86886\/revisions\/86887"}],"wp:attachment":[{"href":"https:\/\/gazdasagportal.hu\/index.php\/wp-json\/wp\/v2\/media?parent=86886"}],"wp:term":[{"taxonomy":"category","embeddable":true,"href":"https:\/\/gazdasagportal.hu\/index.php\/wp-json\/wp\/v2\/categories?post=86886"},{"taxonomy":"post_tag","embeddable":true,"href":"https:\/\/gazdasagportal.hu\/index.php\/wp-json\/wp\/v2\/tags?post=86886"}],"curies":[{"name":"wp","href":"https:\/\/api.w.org\/{rel}","templated":true}]}}