{"id":86882,"date":"2016-11-21T17:18:40","date_gmt":"2016-11-21T16:18:40","guid":{"rendered":"http:\/\/gazdasagportal.hu\/?p=86882"},"modified":"2016-11-21T17:18:40","modified_gmt":"2016-11-21T16:18:40","slug":"regionalis-kozpontot-nyitott-az-otp-del-szerbiaban","status":"publish","type":"post","link":"https:\/\/gazdasagportal.hu\/index.php\/regionalis-kozpontot-nyitott-az-otp-del-szerbiaban\/","title":{"rendered":"Region\u00e1lis k\u00f6zpontot nyitott az OTP D\u00e9l-Szerbi\u00e1ban"},"content":{"rendered":"<p><strong>Region\u00e1lis k\u00f6zpontot nyitott az OTP D\u00e9l-Szerbi\u00e1ban, ez egyben annak a gazdas\u00e1gi egy\u00fcttm\u0171k\u00f6d\u00e9snek a szimb\u00f3luma is lehet, amelyr\u0151l a magyar \u00e9s a szerb korm\u00e1ny a d\u00e9l-szerbiai k\u00f6z\u00f6s korm\u00e1nyzati cs\u00facson egyeztetett &#8211; jelentette ki Orb\u00e1n Viktor minisztereln\u00f6k a fi\u00f3kint\u00e9zet megnyit\u00f3j\u00e1n. <\/strong><!--more--><\/p>\n<div class=\"ads-in-post1\"><div id=\"gazdasagportal.hu_fullbanner_wideboard\"><\/div>\r\n<\/div>\n<p>    Cs\u00e1nyi S\u00e1ndor az OTP vez\u00e9rigazgat\u00f3ja azt hangs\u00falyozta, hogy az OTP Bank t\u00edz \u00e9ve jelent meg Szerbi\u00e1ban, amikor megv\u00e1s\u00e1rolta a Niska Bank\u00e1t (Nisi Bank), \u00e9s tov\u00e1bbi terjeszked\u00e9sre, \u00fajabb bankfi\u00f3kok megv\u00e1s\u00e1rl\u00e1s\u00e1ra k\u00e9sz\u00fcl, amellyel a legnagyobb bankok sor\u00e1ba emelkedhet Szerbi\u00e1ban.<br \/>\n    A vez\u00e9rigazgat\u00f3 a bankot is bemutatta a helyieknek, elmondta, hogy az OTP Kelet-K\u00f6z\u00e9p-Eur\u00f3pa egyetlen f\u00fcggetlen p\u00e9nzint\u00e9zete, olyan \u00f6n\u00e1ll\u00f3 bank, amely nem ker\u00fclt nagy k\u00fclf\u00f6ldi int\u00e9zetek tulajdon\u00e1ba, emellett pedig kiemelked\u0151 t\u0151keer\u0151vel, jelent\u0151s likvidit\u00e1si tartal\u00e9kkal rendelkezik. Az OTP kilenc orsz\u00e1gban van jelen, t\u00f6bb mint 1300 fi\u00f3kja t\u00f6bb mint 12 milli\u00f3 \u00fcgyfelet szolg\u00e1l ki.<br \/>\n    Mint mondta, a bank konzervat\u00edv, \u00f3vatos \u00fczletpolitik\u00e1t folytat, ugyanakkor dinamikusan fejl\u0151dik, \u00e9s mindig \u00e9len j\u00e1rt \u00faj p\u00e9nz\u00fcgyi szolg\u00e1ltat\u00e1sok, p\u00e9nz\u00fcgyi technol\u00f3gi\u00e1k alkalmaz\u00e1s\u00e1ban, \u00edgy Szerbi\u00e1ban az OTP vezette be el\u0151sz\u00f6r a mobiltelefonos szolg\u00e1ltat\u00e1st.<br \/>\n    Kiemelte, hogy a j\u00f3 magyar-szerb politikai-gazdas\u00e1gi kapcsolatok el\u0151seg\u00edtik mindk\u00e9t orsz\u00e1g gazdas\u00e1gi fejl\u0151d\u00e9s\u00e9t, \u00e9s tov\u00e1bbi j\u00f3 egy\u00fcttm\u0171k\u00f6d\u00e9sre lehet sz\u00e1m\u00edtani, mivel m\u00e1r l\u00e1that\u00f3k a szerb gazdas\u00e1g fejl\u0151d\u00e9s\u00e9nek, \u00e9l\u00e9nk\u00fcl\u00e9s\u00e9nek jelei.<br \/>\n    Orb\u00e1n Viktor minisztereln\u00f6k ehhez kapcsol\u00f3d\u00f3an kiemelte, hogy a magyar korm\u00e1ny tagjai egyebek mellett az\u00e9rt \u00e9rkeztek D\u00e9l-Szerbi\u00e1ba, hogy meggy\u0151zz\u00e9k a magyar v\u00e1llalkoz\u00f3kat, Belgr\u00e1dt\u00f3l d\u00e9lre is \u00e9rdemes beruh\u00e1z\u00e1si lehet\u0151s\u00e9geket keresni. A magyar-szerb \u00fczleti f\u00f3rumon t\u00f6bb mint 90 magyar v\u00e1llalkoz\u00f3 vett r\u00e9szt, akit a k\u00e9t korm\u00e1nyf\u0151 arr\u00f3l pr\u00f3b\u00e1lt meggy\u0151zni, hogy ne csak a Belgr\u00e1d-Budapest vagy a Vajdas\u00e1g-Budapest kapcsolatban gondolkodjon, hanem az eg\u00e9sz szerb gazdas\u00e1gban.<br \/>\n    Az OTP nisi k\u00f6zpontj\u00e1nak megnyit\u00e1sa bizony\u00edt\u00e9k arra, hogy Szerbia sz\u00edvesen v\u00e1rja a magyar befektet\u0151ket, Magyarorsz\u00e1g pedig t\u00e1mogatja az ilyen t\u00edpus\u00fa befektet\u00e9seket &#8211; tette hozz\u00e1 a minisztereln\u00f6k. A bankfi\u00f3k megnyit\u00f3ja olyan szimbolikus pillanat &#8211; folytatta Orb\u00e1n Viktor -, amely al\u00e1t\u00e1masztja a szoros egy\u00fcttm\u0171k\u00f6d\u00e9st szorgalmaz\u00f3 gazdas\u00e1gpolitik\u00e1t.<br \/>\n    Aleksandar Vucic szerb korm\u00e1nyf\u0151 pedig rem\u00e9ny\u00e9t fejezte ki, hogy mindk\u00e9t f\u00e9l sz\u00e1m\u00e1ra gy\u00fcm\u00f6lcs\u00f6z\u0151 lesz a nisi beruh\u00e1z\u00e1s.<br \/>\n    Az OTP Bank jelent\u0151s c\u00e9lpiack\u00e9nt tekint Szerbi\u00e1ra. A nisi beruh\u00e1z\u00e1s \u00f6ssz\u00e9rt\u00e9ke az el\u0151zetes bejelent\u00e9sek szerint mintegy f\u00e9lmilli\u00f3 eur\u00f3.<br \/>\n    A magyar-szerb kereskedelmi \u00e1ruforgalom 2014-ben mintegy 1,7 milli\u00e1rd eur\u00f3, 2015-ben pedig 1,8 milli\u00e1rd eur\u00f3 volt. Az idei esztend\u0151 els\u0151 nyolc h\u00f3napj\u00e1ban tov\u00e1bbi 5 sz\u00e1zal\u00e9kos b\u0151v\u00fcl\u00e9s volt tapasztalhat\u00f3 az el\u0151z\u0151 \u00e9v azonos id\u0151szak\u00e1hoz k\u00e9pest, \u00e9s a v\u00e1rakoz\u00e1sok szerint a forgalom hamarosan el\u00e9rheti a k\u00e9tmilli\u00e1rd eur\u00f3t. Magyarorsz\u00e1g az \u00f6t\u00f6dik legnagyobb befektet\u0151 Szerbi\u00e1ban. A magyar c\u00e9gek k\u00f6z\u00fcl a Mol a m\u00e1sodik legfontosabb szerepl\u0151 a szerbiai \u00fczemanyag-kereskedelmi piacon, a Richter pedig folyamatosan n\u00f6veli piaci r\u00e9szesed\u00e9s\u00e9t.(MTI)<\/p>\n","protected":false},"excerpt":{"rendered":"<p>Region\u00e1lis k\u00f6zpontot nyitott az OTP D\u00e9l-Szerbi\u00e1ban, ez egyben annak a gazdas\u00e1gi egy\u00fcttm\u0171k\u00f6d\u00e9snek a szimb\u00f3luma is lehet, amelyr\u0151l a magyar \u00e9s a szerb korm\u00e1ny a d\u00e9l-szerbiai k\u00f6z\u00f6s korm\u00e1nyzati cs\u00facson egyeztetett &#8211; jelentette ki Orb\u00e1n Viktor minisztereln\u00f6k a fi\u00f3kint\u00e9zet megnyit\u00f3j\u00e1n.<\/p>\n","protected":false},"author":1,"featured_media":0,"comment_status":"open","ping_status":"closed","sticky":false,"template":"","format":"standard","meta":[],"categories":[19,7],"tags":[],"_links":{"self":[{"href":"https:\/\/gazdasagportal.hu\/index.php\/wp-json\/wp\/v2\/posts\/86882"}],"collection":[{"href":"https:\/\/gazdasagportal.hu\/index.php\/wp-json\/wp\/v2\/posts"}],"about":[{"href":"https:\/\/gazdasagportal.hu\/index.php\/wp-json\/wp\/v2\/types\/post"}],"author":[{"embeddable":true,"href":"https:\/\/gazdasagportal.hu\/index.php\/wp-json\/wp\/v2\/users\/1"}],"replies":[{"embeddable":true,"href":"https:\/\/gazdasagportal.hu\/index.php\/wp-json\/wp\/v2\/comments?post=86882"}],"version-history":[{"count":1,"href":"https:\/\/gazdasagportal.hu\/index.php\/wp-json\/wp\/v2\/posts\/86882\/revisions"}],"predecessor-version":[{"id":86883,"href":"https:\/\/gazdasagportal.hu\/index.php\/wp-json\/wp\/v2\/posts\/86882\/revisions\/86883"}],"wp:attachment":[{"href":"https:\/\/gazdasagportal.hu\/index.php\/wp-json\/wp\/v2\/media?parent=86882"}],"wp:term":[{"taxonomy":"category","embeddable":true,"href":"https:\/\/gazdasagportal.hu\/index.php\/wp-json\/wp\/v2\/categories?post=86882"},{"taxonomy":"post_tag","embeddable":true,"href":"https:\/\/gazdasagportal.hu\/index.php\/wp-json\/wp\/v2\/tags?post=86882"}],"curies":[{"name":"wp","href":"https:\/\/api.w.org\/{rel}","templated":true}]}}