{"id":86880,"date":"2016-11-21T16:45:07","date_gmt":"2016-11-21T15:45:07","guid":{"rendered":"http:\/\/gazdasagportal.hu\/?p=86880"},"modified":"2016-11-21T16:45:07","modified_gmt":"2016-11-21T15:45:07","slug":"nemetorszagban-szeles-korben-elterjedtek-az-alternativ-szelsojobb-nezetei-egy-kutatas-szerint","status":"publish","type":"post","link":"https:\/\/gazdasagportal.hu\/index.php\/nemetorszagban-szeles-korben-elterjedtek-az-alternativ-szelsojobb-nezetei-egy-kutatas-szerint\/","title":{"rendered":"N\u00e9metorsz\u00e1gban sz\u00e9les k\u00f6rben elterjedtek az alternat\u00edv sz\u00e9ls\u0151jobb n\u00e9zetei egy kutat\u00e1s szerint"},"content":{"rendered":"<p><strong>N\u00e9metorsz\u00e1gban sz\u00e9les k\u00f6rben elterjedtek a &#8222;klasszikus&#8221; sz\u00e9ls\u0151jobboldali n\u00e9zetek hely\u00e9be l\u00e9p\u0151 &#8222;alternat\u00edv&#8221; sz\u00e9ls\u0151jobboldali n\u00e9zetrendszer elemei, amelyek kifinomult form\u00e1ban, intellektu\u00e1lis csomagol\u00e1sban k\u00f6zvet\u00edtik a &#8222;nacionalista-n\u00e9pnemzeti&#8221; (nationalistisch-v\u00f6lkisch) ideol\u00f3gi\u00e1kat &#8211; mutatta ki egy h\u00e9tf\u0151n ismertetett kutat\u00e1s.<\/strong><!--more--><\/p>\n<div class=\"ads-in-post1\"><div id=\"gazdasagportal.hu_fullbanner_wideboard\"><\/div>\r\n<\/div>\n<p>    A n\u00e9met szoci\u00e1ldemokrata p\u00e1rthoz (SPD) k\u00f6zel \u00e1ll\u00f3 Freidrich Ebert Alap\u00edtv\u00e1ny (FES) \u00e9s a bielefeldi egyetem interdiszciplin\u00e1ris konfliktus- \u00e9s er\u0151szakkutat\u00f3 int\u00e9zet\u00e9nek (IKG) vizsg\u00e1lata szerint az \u00fagynevezett csoportra vonatkoztatott emberelleness\u00e9g \u00e1ltal\u00e1ban v\u00e9ve stabil tendenci\u00e1t mutat N\u00e9metorsz\u00e1gban, de er\u0151s\u00f6dik a t\u00e1rsadalom megosztotts\u00e1ga, a vil\u00e1gra nyitott, toler\u00e1ns t\u00f6bbs\u00e9gr\u0151l egyre ink\u00e1bb lev\u00e1lik egy hangos, nemzeti bez\u00e1rk\u00f3z\u00e1st hirdet\u0151 kisebbs\u00e9g.<br \/>\n    P\u00e9ld\u00e1ul a fogyat\u00e9kkal \u00e9l\u0151kkel szembeni el\u0151\u00edt\u00e9letess\u00e9g szinte teljesen kikopott a n\u00e9met t\u00e1rsadalomb\u00f3l &#8211; a lakoss\u00e1g 2 sz\u00e1zal\u00e9k\u00e1ra jellemz\u0151 -, a homoszexu\u00e1lisokkal szembeni ellens\u00e9ges \u00e9rz\u00fclet a n\u00e9metek mind\u00f6ssze 10 sz\u00e1zal\u00e9k\u00e1ra, a klasszikusnak is nevezett ny\u00edlt antiszemitizmus pedig a lakoss\u00e1g 6 sz\u00e1zal\u00e9k\u00e1ra jellemz\u0151, \u00e9s a 2014-es szinthez k\u00e9pest nem v\u00e1ltozott a bev\u00e1ndorl\u00f3kkal, a szintikkel \u00e9s rom\u00e1kkal, illetve a hajl\u00e9ktalanokkal szemben ellens\u00e9ges n\u00e9metek ar\u00e1nya, amely \u00edgy tov\u00e1bbra is 19, 25, illetve 18 sz\u00e1zal\u00e9k.<br \/>\n    Ugyanakkor 44 sz\u00e1zal\u00e9kr\u00f3l 50 sz\u00e1zal\u00e9kra emelkedett a mened\u00e9kk\u00e9r\u0151kkel szemben t\u00e1pl\u00e1lt el\u0151\u00edt\u00e9letekkel \u00e9l\u0151k ar\u00e1nya, \u00e9s sz\u00e9les k\u00f6rben elterjedtek az antiszemitizmus rejtettebb form\u00e1i. \u00cdgy p\u00e9ld\u00e1ul 40 sz\u00e1zal\u00e9k \u00e9rt egyet azzal az \u00e1ll\u00edt\u00e1ssal, hogy Izrael politik\u00e1j\u00e1t tekintve \u00e9rthet\u0151, ha valakinek van baja a zsid\u00f3kkal, \u00e9s 25 sz\u00e1zal\u00e9k \u00e9rt egyet azzal az \u00e1ll\u00edt\u00e1ssal, hogy a zsid\u00f3k igyekeznek el\u0151nyt kov\u00e1csolni a nemzetiszocialista m\u00faltb\u00f3l, a n\u00e1ci harmadik birodalom t\u00f6rt\u00e9net\u00e9b\u0151l.<br \/>\n    A kutat\u00f3k szerint a n\u00e9met t\u00e1rsadalomra nagym\u00e9rt\u00e9kben jellemz\u0151 a sz\u00e9ls\u0151jobboldali gondolkod\u00e1sm\u00f3d alternat\u00edvnak vagy \u00fajnak nevezett v\u00e1ltozata, amelynek k\u00f6zponti fogalma az identit\u00e1s \u00e9s az ellen\u00e1ll\u00e1s. Ezt jelzi, hogy a felm\u00e9r\u00e9s\u00e9ben megk\u00e9rdezettek 40 sz\u00e1zal\u00e9ka \u00fagy \u00e9rzi, az iszl\u00e1m bef\u00e9rk\u0151zik \u00e9s bel\u00fclr\u0151l megv\u00e1ltoztatja a t\u00e1rsadalmat, \u00e9s egyar\u00e1nt 28 sz\u00e1zal\u00e9k gondolja azt, hogy a korm\u00e1nyz\u00f3 p\u00e1rtok becsapj\u00e1k a n\u00e9pet, illetve hogy N\u00e9metorsz\u00e1gban bajba ker\u00fcl, aki ny\u00edltan kimondja, amit gondol. Tov\u00e1bb\u00e1 29 sz\u00e1zal\u00e9k \u00e9rt egyet azzal a v\u00e9leked\u00e9ssel, hogy meg\u00e9rett az id\u0151 az ellen\u00e1ll\u00e1sra az uralkod\u00f3 politikai ir\u00e1nyvonallal szemben.<br \/>\n    A FES \u00e9s az IKG szak\u00e9rt\u0151i szerint az ilyen t\u00edpus\u00fa gondolkod\u00e1s k\u00f6zponti elemei k\u00f6z\u00e9 tartozik m\u00e9g a hit is az \u00e1ll\u00edt\u00f3lagos v\u00e9lem\u00e9nydiktat\u00far\u00e1val \u00e9s az \u00e1ll\u00edt\u00f3lagosan a hagyom\u00e1nyos viszonyok felforgat\u00e1s\u00e1ra t\u00f6rekv\u0151 iszl\u00e1mmal kapcsolatos \u00f6sszeesk\u00fcv\u00e9s-elm\u00e9letekben, \u00e9s abban, hogy a politikai-gazdas\u00e1gi-kultur\u00e1lis elit &#8211; az &#8222;establishment&#8221; &#8211; illegitim, jogtalanul, \u00e9rdemtelen\u00fcl tett szert befoly\u00e1sra. Ugyancsak meghat\u00e1roz\u00f3 elem az EU-elleness\u00e9g \u00e9s a bez\u00e1rk\u00f3z\u00e1s a nemzeti hagyom\u00e1nyba.<br \/>\n    Ez a gondolkod\u00e1sm\u00f3d egyre ink\u00e1bb lev\u00e1ltja a sz\u00e9ls\u0151jobboldalis\u00e1g hagyom\u00e1nyos v\u00e1lfaj\u00e1t, \u00e9s els\u0151sorban az Alternat\u00edva N\u00e9metorsz\u00e1gnak (AfD) szavaz\u00f3ira jellemz\u0151: a legnagyobb parlamenten (Bundestag) k\u00edv\u00fcli p\u00e1rt t\u00e1bor\u00e1ban 84 sz\u00e1zal\u00e9kos az alternat\u00edv sz\u00e9ls\u0151jobb eszm\u00e9iben h\u00edv\u0151k ar\u00e1nya.<br \/>\n    Tov\u00e1bbi fontos n\u00e9met saj\u00e1toss\u00e1g, hogy az orsz\u00e1g keleti r\u00e9sz\u00e9n, a volt NDK ter\u00fclet\u00e9n sokkal er\u0151sebb az idegenelleness\u00e9g, az iszl\u00e1melleness\u00e9g, a szintik \u00e9s rom\u00e1k, mened\u00e9kk\u00e9r\u0151k \u00e9s hajl\u00e9ktalanok megvet\u00e9se, mint az orsz\u00e1g nyugati r\u00e9sz\u00e9n.<br \/>\n    A felm\u00e9r\u00e9ssel azt is kimutatt\u00e1k, hogy legink\u00e1bb az alacsony \u00e9s a k\u00f6zepes j\u00f6vedelemmel, illetve k\u00e9pzetts\u00e9ggel rendelkez\u0151 r\u00e9teg fog\u00e9kony az emberellenes n\u00e9zetekre.<br \/>\n    A FES \u00e9s az IKG kutat\u00e1s\u00e1ban 1896 embert k\u00e9rdeztek meg az id\u00e9n j\u00fanius \u00e9s augusztus k\u00f6z\u00f6tt, az adatok a lakoss\u00e1g 16 \u00e9ven fel\u00fcli, n\u00e9met \u00e1llampolg\u00e1rs\u00e1g\u00fa r\u00e9sz\u00e9re n\u00e9zve reprezentat\u00edvak.<br \/>\n    A felm\u00e9r\u00e9s szerint az alternat\u00edv sz\u00e9ls\u0151jobboldali be\u00e1ll\u00edtotts\u00e1g a n\u00e9metek 28 sz\u00e1zal\u00e9k\u00e1ra jellemz\u0151. Egy m\u00e1sik, szint\u00e9n h\u00e9tf\u0151n ismertetett vizsg\u00e1lat m\u00e1s eredm\u00e9nyre jutott. A Die Welt c\u00edm\u0171 lap a YouGov nev\u0171 brit kutat\u00f3int\u00e9zet tanulm\u00e1ny\u00e1r\u00f3l sz\u00e1molt be, amely a tekint\u00e9lyelv\u0171 populizmus fogalm\u00e1val igyekszik megragadni egy hasonl\u00f3 jelens\u00e9get.<br \/>\n    A 12 uni\u00f3s tagorsz\u00e1got vizsg\u00e1l\u00f3 elemz\u00e9s m\u00f3dszertana szerint a tekint\u00e9lyelv\u0171 populizmusra &#8211; a n\u00e9metorsz\u00e1gi viszonyok k\u00f6z\u00f6tt az AfD politik\u00e1j\u00e1ra &#8211; fog\u00e9konynak tekintend\u0151, aki er\u0151s fenntart\u00e1sokkal viszonyul az emberi jogok \u00e9rv\u00e9nyes\u00edt\u00e9s\u00e9t k\u00f6z\u00e9ppontba \u00e1ll\u00edt\u00f3 politik\u00e1hoz \u00e9s a bev\u00e1ndorl\u00e1shoz, elutas\u00edtja az EU-t \u00e9s az a meggy\u0151z\u0151d\u00e9se, hogy csak a kiz\u00e1r\u00f3lag a nemzeti \u00e9rdekekre \u00f6sszpontos\u00edt\u00f3 k\u00fclpolitik\u00e1nak van l\u00e9tjogosults\u00e1ga.<br \/>\n    A YouGov szerint N\u00e9metorsz\u00e1gban a lakoss\u00e1g 18 sz\u00e1zal\u00e9k\u00e1ra &#8211; f\u0151leg id\u0151sekre, f\u00e9rfiakra \u00e9s k\u00f6zepes j\u00f6vedelm\u0171ekre &#8211;  jellemz\u0151 ez a felfog\u00e1s. N\u00e9metorsz\u00e1g ezzel a tekint\u00e9lyelv\u0171 populizmusnak legkev\u00e9sb\u00e9 kitett tag\u00e1llamok k\u00f6z\u00e9 tartozik &#8211; emelte ki a Die Welt a brit kutat\u00e1s eredm\u00e9nyei k\u00f6z\u00fcl, amelyek szerint ugyanez az ar\u00e1ny Rom\u00e1ni\u00e1ban 82 sz\u00e1zal\u00e9k, Lengyelorsz\u00e1gban 78 sz\u00e1zal\u00e9k, Franciaorsz\u00e1gban 63 sz\u00e1zal\u00e9k, Hollandi\u00e1ban 55 sz\u00e1zal\u00e9k, Finnorsz\u00e1gban 50 sz\u00e1zal\u00e9k, D\u00e1ni\u00e1ban 49 sz\u00e1zal\u00e9k, Nagy-Britanni\u00e1ban 48 sz\u00e1zal\u00e9k, Olaszorsz\u00e1gban 47 sz\u00e1zal\u00e9k, Sv\u00e9dorsz\u00e1gban 35 sz\u00e1zal\u00e9k, Spanyolorsz\u00e1gban 33 sz\u00e1zal\u00e9k, a 12. vizsg\u00e1lt orsz\u00e1gban, Litv\u00e1ni\u00e1ban pedig 0 sz\u00e1zal\u00e9k.(MTI)<\/p>\n","protected":false},"excerpt":{"rendered":"<p>N\u00e9metorsz\u00e1gban sz\u00e9les k\u00f6rben elterjedtek a &#8222;klasszikus&#8221; sz\u00e9ls\u0151jobboldali n\u00e9zetek hely\u00e9be l\u00e9p\u0151 &#8222;alternat\u00edv&#8221; sz\u00e9ls\u0151jobboldali n\u00e9zetrendszer elemei, amelyek kifinomult form\u00e1ban, intellektu\u00e1lis csomagol\u00e1sban k\u00f6zvet\u00edtik a &#8222;nacionalista-n\u00e9pnemzeti&#8221; (nationalistisch-v\u00f6lkisch) ideol\u00f3gi\u00e1kat &#8211; mutatta ki egy h\u00e9tf\u0151n ismertetett kutat\u00e1s.<\/p>\n","protected":false},"author":1,"featured_media":0,"comment_status":"open","ping_status":"closed","sticky":false,"template":"","format":"standard","meta":[],"categories":[12],"tags":[],"_links":{"self":[{"href":"https:\/\/gazdasagportal.hu\/index.php\/wp-json\/wp\/v2\/posts\/86880"}],"collection":[{"href":"https:\/\/gazdasagportal.hu\/index.php\/wp-json\/wp\/v2\/posts"}],"about":[{"href":"https:\/\/gazdasagportal.hu\/index.php\/wp-json\/wp\/v2\/types\/post"}],"author":[{"embeddable":true,"href":"https:\/\/gazdasagportal.hu\/index.php\/wp-json\/wp\/v2\/users\/1"}],"replies":[{"embeddable":true,"href":"https:\/\/gazdasagportal.hu\/index.php\/wp-json\/wp\/v2\/comments?post=86880"}],"version-history":[{"count":1,"href":"https:\/\/gazdasagportal.hu\/index.php\/wp-json\/wp\/v2\/posts\/86880\/revisions"}],"predecessor-version":[{"id":86881,"href":"https:\/\/gazdasagportal.hu\/index.php\/wp-json\/wp\/v2\/posts\/86880\/revisions\/86881"}],"wp:attachment":[{"href":"https:\/\/gazdasagportal.hu\/index.php\/wp-json\/wp\/v2\/media?parent=86880"}],"wp:term":[{"taxonomy":"category","embeddable":true,"href":"https:\/\/gazdasagportal.hu\/index.php\/wp-json\/wp\/v2\/categories?post=86880"},{"taxonomy":"post_tag","embeddable":true,"href":"https:\/\/gazdasagportal.hu\/index.php\/wp-json\/wp\/v2\/tags?post=86880"}],"curies":[{"name":"wp","href":"https:\/\/api.w.org\/{rel}","templated":true}]}}