{"id":86876,"date":"2016-11-21T15:02:01","date_gmt":"2016-11-21T14:02:01","guid":{"rendered":"http:\/\/gazdasagportal.hu\/?p=86876"},"modified":"2016-11-21T15:02:01","modified_gmt":"2016-11-21T14:02:01","slug":"orban-a-migracio-ugyeben-nem-lehet-tevedni","status":"publish","type":"post","link":"https:\/\/gazdasagportal.hu\/index.php\/orban-a-migracio-ugyeben-nem-lehet-tevedni\/","title":{"rendered":"Orb\u00e1n: a migr\u00e1ci\u00f3 \u00fcgy\u00e9ben nem lehet t\u00e9vedni"},"content":{"rendered":"<p><strong>A migr\u00e1ci\u00f3 olyan \u00fcgy, amelyben nem lehet viccelni, hib\u00e1zni, t\u00e9vedni, \u00e1tgondolatlanul engedm\u00e9nyeket tenni, mert azt k\u00e9s\u0151bb nem lehet kijav\u00edtani &#8211; jelentette ki Orb\u00e1n Viktor minisztereln\u00f6k h\u00e9tf\u0151n a szerbiai Nisben.<\/strong><!--more--><\/p>\n<div class=\"ads-in-post1\"><div id=\"gazdasagportal.hu_fullbanner_wideboard\"><\/div>\r\n<\/div>\n<p>    A korm\u00e1nyf\u0151 a magyar-szerb korm\u00e1nyzati cs\u00facs alkalm\u00e1val tartott sajt\u00f3t\u00e1j\u00e9koztat\u00f3n k\u00f6z\u00f6lte: ahova t\u00f6meg\u00e9vel \u00e9rkeznek a migr\u00e1nsok, ott az \u00e9let megv\u00e1ltozik, \u00e9s&#8221; a gyerekeink, unok\u00e1ink azt k\u00e9rdezik majd, hogy mi\u00e9rt engedt\u00fck, hogy megv\u00e1ltozzanak az orsz\u00e1gaink, a kult\u00far\u00e1juk, etnikai \u00f6sszet\u00e9tel\u00fck, \u00e9s mi\u00e9rt engedt\u00fck, hogy rosszabb\u00e1 v\u00e1ljanak, mint voltak&#8221;.<br \/>\n    Orb\u00e1n Viktor kiemelte: egy\u00fctt \u00e9rez a migr\u00e1nsokkal, \u00e1ldozatnak tekinti \u0151ket, akiket a saj\u00e1t orsz\u00e1gaik rossz korm\u00e1nyai, az embercsemp\u00e9szek \u00e9s az elhib\u00e1zott eur\u00f3pai beh\u00edv\u00f3 politika egyszerre csapott be, de nem a bajt kell idehozni, hanem a seg\u00edts\u00e9get odavinni, ahol sz\u00fcks\u00e9g van r\u00e1.<br \/>\n    A korm\u00e1nyf\u0151 kifejtette: Magyarorsz\u00e1g nyitva \u00e1ll minden szerb ember el\u0151tt, aki dolgozni, kereskedni, beruh\u00e1zni vagy csak megl\u00e1togatni akarja, minden szerbet sz\u00edvesen l\u00e1t. A migr\u00e1ci\u00f3 viszont teljesen m\u00e1s t\u00e9ma, amelyben ha egyszer hib\u00e1zik az ember, nem tudja kijav\u00edtani &#8211; magyar\u00e1zta. \u00dagy l\u00e1tja, ha egyszer a migr\u00e1nsok azt gondolj\u00e1k, hogy Magyarorsz\u00e1g c\u00e9lorsz\u00e1g lehet, ahova t\u00f6rv\u00e9nytelen\u00fcl, ellen\u0151rz\u00e9s n\u00e9lk\u00fcl, a jobb \u00e9let rem\u00e9ny\u00e9ben korl\u00e1tlanul j\u00f6hetnek, m\u00e1r nem fognak elmenni t\u00f6bbet. Hozz\u00e1tette: Magyarorsz\u00e1g mindent megtesz, hogy mindenki visszat\u00e9rhessen a saj\u00e1t haz\u00e1j\u00e1ba, \u00e9s jogszer\u0171tlen\u00fcl, a t\u00f6rv\u00e9nyeket megs\u00e9rtve senki nem l\u00e9phet be vagy tart\u00f3zkodhat az orsz\u00e1gban. Nem fogadjuk el azt sem, hogy Br\u00fcsszel\u0151l mondj\u00e1k meg, kik \u00e9ljenek az orsz\u00e1gban, ennek a mi d\u00f6nt\u00e9s\u00fcnknek kell lennie &#8211; hangs\u00falyozta.(MTI)<\/p>\n","protected":false},"excerpt":{"rendered":"<p>A migr\u00e1ci\u00f3 olyan \u00fcgy, amelyben nem lehet viccelni, hib\u00e1zni, t\u00e9vedni, \u00e1tgondolatlanul engedm\u00e9nyeket tenni, mert azt k\u00e9s\u0151bb nem lehet kijav\u00edtani &#8211; jelentette ki Orb\u00e1n Viktor minisztereln\u00f6k h\u00e9tf\u0151n a szerbiai Nisben.<\/p>\n","protected":false},"author":1,"featured_media":0,"comment_status":"open","ping_status":"closed","sticky":false,"template":"","format":"standard","meta":[],"categories":[4],"tags":[],"_links":{"self":[{"href":"https:\/\/gazdasagportal.hu\/index.php\/wp-json\/wp\/v2\/posts\/86876"}],"collection":[{"href":"https:\/\/gazdasagportal.hu\/index.php\/wp-json\/wp\/v2\/posts"}],"about":[{"href":"https:\/\/gazdasagportal.hu\/index.php\/wp-json\/wp\/v2\/types\/post"}],"author":[{"embeddable":true,"href":"https:\/\/gazdasagportal.hu\/index.php\/wp-json\/wp\/v2\/users\/1"}],"replies":[{"embeddable":true,"href":"https:\/\/gazdasagportal.hu\/index.php\/wp-json\/wp\/v2\/comments?post=86876"}],"version-history":[{"count":1,"href":"https:\/\/gazdasagportal.hu\/index.php\/wp-json\/wp\/v2\/posts\/86876\/revisions"}],"predecessor-version":[{"id":86877,"href":"https:\/\/gazdasagportal.hu\/index.php\/wp-json\/wp\/v2\/posts\/86876\/revisions\/86877"}],"wp:attachment":[{"href":"https:\/\/gazdasagportal.hu\/index.php\/wp-json\/wp\/v2\/media?parent=86876"}],"wp:term":[{"taxonomy":"category","embeddable":true,"href":"https:\/\/gazdasagportal.hu\/index.php\/wp-json\/wp\/v2\/categories?post=86876"},{"taxonomy":"post_tag","embeddable":true,"href":"https:\/\/gazdasagportal.hu\/index.php\/wp-json\/wp\/v2\/tags?post=86876"}],"curies":[{"name":"wp","href":"https:\/\/api.w.org\/{rel}","templated":true}]}}