{"id":86874,"date":"2016-11-21T14:29:03","date_gmt":"2016-11-21T13:29:03","guid":{"rendered":"http:\/\/gazdasagportal.hu\/?p=86874"},"modified":"2016-11-21T14:29:03","modified_gmt":"2016-11-21T13:29:03","slug":"amerikai-elnokvalasztas-orban-most-eselyunk-van-arra-hogy-jobb-legyen-a-helyzet","status":"publish","type":"post","link":"https:\/\/gazdasagportal.hu\/index.php\/amerikai-elnokvalasztas-orban-most-eselyunk-van-arra-hogy-jobb-legyen-a-helyzet\/","title":{"rendered":"Amerikai eln\u00f6kv\u00e1laszt\u00e1s &#8211; Orb\u00e1n: most es\u00e9ly\u00fcnk van arra, hogy jobb legyen a helyzet"},"content":{"rendered":"<p><strong>Orb\u00e1n Viktor szerint az amerikai eln\u00f6kv\u00e1laszt\u00e1st k\u00f6vet\u0151en most es\u00e9ly van &#8222;\u00fajragombolni kab\u00e1tot&#8221;, \u00e9s jobb legyen a helyzet, mint eddig volt, \u00e9s ez siker\u00fclni is fog.<\/strong><!--more--><\/p>\n<div class=\"ads-in-post1\"><div id=\"gazdasagportal.hu_fullbanner_wideboard\"><\/div>\r\n<\/div>\n<p>    A korm\u00e1nyf\u0151 a nisi magyar-szerb korm\u00e1ny\u00fcl\u00e9s alkalm\u00e1val tartott sajt\u00f3t\u00e1j\u00e9koztat\u00f3n elmondta: t\u00f6bb szer\u00e9nys\u00e9g, emp\u00e1tia, meg\u00e9rt\u00e9s, partners\u00e9g \u00e9s szellemi al\u00e1zat kell a nemzetk\u00f6zi politik\u00e1ban az eddig tapasztaltn\u00e1l. Az, hogy b\u00e1rki fell\u00e9pjen azzal az ig\u00e9nnyel, hogy \u0151 &#8222;minden j\u00f3nak tud\u00f3ja&#8221;, minden erk\u00f6lcsi fels\u0151bbrend\u0171s\u00e9g garanci\u00e1ja, \u00e9s aki elt\u00e9r\u0151en gondolkodik a migr\u00e1ci\u00f3r\u00f3l, a nemzetr\u0151l vagy a csal\u00e1dr\u00f3l, az csak erk\u00f6lcsileg alacsonyabb rend\u0171 \u00e1ll\u00e1spontot k\u00e9pvisel, m\u00e9rhetetlen\u00fcl b\u00e1ntott minket &#8211; fogalmazott.<br \/>\n    Hozz\u00e1tette: rem\u00e9lhet\u0151leg ett\u0151l most megszabadulhatunk.<br \/>\n    Orb\u00e1n Viktor kifejtette: a &#8222;saj\u00e1tos k\u00f6z\u00e9p-eur\u00f3pai lelkis\u00e9g&#8221; nagyon \u00e9rz\u00e9keny az elnyom\u00e1s minden fajt\u00e1j\u00e1ra, \u00e9s oka van annak, hogy az \u00e9rz\u00e9keny k\u00f6z\u00e9p-eur\u00f3paiak m\u00e1r hossz\u00fa \u00e9vek \u00f3ta \u00fagy \u00e9rzik, van a vil\u00e1gban egyfajta szellemi elnyom\u00e1s.<br \/>\n    \u00dagy l\u00e1tja, Eur\u00f3p\u00e1ban is v\u00e1ltoz\u00e1sok kellenek, &#8222;mert eleg\u00fcnk van a kioktat\u00e1sb\u00f3l, abb\u00f3l, hogy nem lehet elmondani a v\u00e9lem\u00e9ny\u00fcnket, mert att\u00f3l kell tartanunk, hogy erk\u00f6lcsileg vagy politikailag megb\u00e9lyegeznek minket. Meg kell szabadulni a szellemi elnyom\u00e1st\u00f3l&#8221; &#8211; magyar\u00e1zta.<br \/>\n    A korm\u00e1nyf\u0151 \u00fagy v\u00e9lte, nek\u00fcnk is b\u00e1trabbnak kell lenn\u00fcnk, szabadabban kell besz\u00e9ln\u00fcnk, \u00e9rveln\u00fcnk. Most k\u00f6nnyebb lesz a dolgunk, mint kor\u00e1bban, \u00e9s nagy rem\u00e9nyekkel n\u00e9z\u00fcnk az Egyes\u00fclt \u00c1llamokban v\u00e1rhat\u00f3 v\u00e1ltoz\u00e1sok el\u00e9 &#8211; tette hozz\u00e1.(MTI)<\/p>\n","protected":false},"excerpt":{"rendered":"<p>Orb\u00e1n Viktor szerint az amerikai eln\u00f6kv\u00e1laszt\u00e1st k\u00f6vet\u0151en most es\u00e9ly van &#8222;\u00fajragombolni kab\u00e1tot&#8221;, \u00e9s jobb legyen a helyzet, mint eddig volt, \u00e9s ez siker\u00fclni is fog.<\/p>\n","protected":false},"author":1,"featured_media":0,"comment_status":"open","ping_status":"closed","sticky":false,"template":"","format":"standard","meta":[],"categories":[4],"tags":[],"_links":{"self":[{"href":"https:\/\/gazdasagportal.hu\/index.php\/wp-json\/wp\/v2\/posts\/86874"}],"collection":[{"href":"https:\/\/gazdasagportal.hu\/index.php\/wp-json\/wp\/v2\/posts"}],"about":[{"href":"https:\/\/gazdasagportal.hu\/index.php\/wp-json\/wp\/v2\/types\/post"}],"author":[{"embeddable":true,"href":"https:\/\/gazdasagportal.hu\/index.php\/wp-json\/wp\/v2\/users\/1"}],"replies":[{"embeddable":true,"href":"https:\/\/gazdasagportal.hu\/index.php\/wp-json\/wp\/v2\/comments?post=86874"}],"version-history":[{"count":1,"href":"https:\/\/gazdasagportal.hu\/index.php\/wp-json\/wp\/v2\/posts\/86874\/revisions"}],"predecessor-version":[{"id":86875,"href":"https:\/\/gazdasagportal.hu\/index.php\/wp-json\/wp\/v2\/posts\/86874\/revisions\/86875"}],"wp:attachment":[{"href":"https:\/\/gazdasagportal.hu\/index.php\/wp-json\/wp\/v2\/media?parent=86874"}],"wp:term":[{"taxonomy":"category","embeddable":true,"href":"https:\/\/gazdasagportal.hu\/index.php\/wp-json\/wp\/v2\/categories?post=86874"},{"taxonomy":"post_tag","embeddable":true,"href":"https:\/\/gazdasagportal.hu\/index.php\/wp-json\/wp\/v2\/tags?post=86874"}],"curies":[{"name":"wp","href":"https:\/\/api.w.org\/{rel}","templated":true}]}}