{"id":86870,"date":"2016-11-21T13:23:07","date_gmt":"2016-11-21T12:23:07","guid":{"rendered":"http:\/\/gazdasagportal.hu\/?p=86870"},"modified":"2016-11-21T13:23:07","modified_gmt":"2016-11-21T12:23:07","slug":"fenntartja-a-sztrajkkeszultseget-de-targyalasba-kezd-az-mkksz-a-kormannyal","status":"publish","type":"post","link":"https:\/\/gazdasagportal.hu\/index.php\/fenntartja-a-sztrajkkeszultseget-de-targyalasba-kezd-az-mkksz-a-kormannyal\/","title":{"rendered":"Fenntartja a sztr\u00e1jkk\u00e9sz\u00fclts\u00e9get, de t\u00e1rgyal\u00e1sba kezd az MKKSZ a korm\u00e1nnyal"},"content":{"rendered":"<p><strong>Fenntartja a sztr\u00e1jkk\u00e9sz\u00fclts\u00e9get a Magyar K\u00f6zszolg\u00e1lati, K\u00f6zalkalmazotti \u00e9s a K\u00f6zszolg\u00e1latban Dolgoz\u00f3k Szakszervezete (MKKSZ), de szerd\u00e1n megkezdi a t\u00e1rgyal\u00e1sokat a szoci\u00e1lis \u00e1gazatban dolgoz\u00f3k keresetn\u00f6veked\u00e9se \u00e9rdek\u00e9ben Nyitrai Imre szoci\u00e1lpolitik\u00e1\u00e9rt felel\u0151s helyettes \u00e1llamtitk\u00e1rral, a sztr\u00e1jkt\u00e1rgyal\u00e1sokra kijel\u00f6lt \u00e1llami vezet\u0151vel &#8211; mondta a szakszervezet eln\u00f6ke h\u00e9tf\u0151n sajt\u00f3t\u00e1j\u00e9koztat\u00f3n, Budapesten.<\/strong><!--more--><\/p>\n<div class=\"ads-in-post1\"><div id=\"gazdasagportal.hu_fullbanner_wideboard\"><\/div>\r\n<\/div>\n<p>    Boros P\u00e9tern\u00e9 lesz\u00f6gezte: fenntartj\u00e1k az \u00e1gazatban dolgoz\u00f3k 30 sz\u00e1zal\u00e9kos keresetn\u00f6veked\u00e9s\u00e9re vonatkoz\u00f3 k\u00f6vetel\u00e9s\u00fcket.<br \/>\n    Felid\u00e9zte, november 10-\u00e9n e-mailben \u00e9s t\u00e9rtivev\u00e9nyes k\u00fcldem\u00e9nyk\u00e9nt postai \u00faton is bejelentett\u00e9k hogy orsz\u00e1gos szervez\u00e9s\u0171 sztr\u00e1jkot kezdem\u00e9nyeznek december 5-\u00e9re. Ennek igazol\u00e1s\u00e1ra az e-mailt annak k\u00fcld\u00e9si d\u00e1tum\u00e1val \u00e9s a t\u00e9rtivev\u00e9ny szelv\u00e9nyt is a sajt\u00f3 rendelkez\u00e9s\u00e9re bocs\u00e1tott\u00e1k.<br \/>\n    A szakszervezet ezzel arra reag\u00e1lt, hogy a korm\u00e1nyzati port\u00e1lon m\u00falt cs\u00fct\u00f6rt\u00f6k\u00f6n megjelent k\u00f6zlem\u00e9nyben az szerepelt: &#8222;a decemberre munkabesz\u00fcntet\u00e9st hirdet\u0151k hivatalos bejelent\u00e9ssel nem \u00e9ltek, a sztr\u00e1jkr\u00f3l nem kezdem\u00e9nyeztek egyeztet\u00e9st a korm\u00e1nyzattal, \u00e9s nem folytattak t\u00e1rgyal\u00e1st az el\u00e9gs\u00e9ges szolg\u00e1ltat\u00e1sok k\u00f6r\u00e9r\u0151l sem&#8221;.<br \/>\n    Boros P\u00e9tern\u00e9 vis maiornak nevezte, hogy a dokumentum mindezek ellen\u00e9re nem \u00e9rkezett meg a korm\u00e1nyhoz. Hozz\u00e1tette: amikor err\u0151l \u00e9rtes\u00fclt, lev\u00e9lben fordult a helyettes \u00e1llamtitk\u00e1rhoz \u00e9s megism\u00e9telte a sztr\u00e1jkfelh\u00edv\u00e1sukat, emellett szombaton telefonon is besz\u00e9lt az \u00e1llamtitk\u00e1rral, aki jelezte, hogy szerd\u00e1n nyitott a t\u00e1rgyal\u00e1sokra a szakszervezettel.<br \/>\n    Az MKKSZ eln\u00f6ke arra k\u00e9rte az \u00e1gazatban dolgoz\u00f3kat, folytass\u00e1k a t\u00f6rv\u00e9nyes sztr\u00e1jkel\u0151k\u00e9sz\u00fcletet, hogy megfelel\u0151en nyom\u00e1st tudjanak gyakorolni a korm\u00e1nyra m\u00e1r a szerdai t\u00e1rgyal\u00e1son is.<br \/>\n    Kiemelte: felel\u0151ss\u00e9get v\u00e1llalnak a sztr\u00e1jk szervez\u00e9s\u00e9\u00e9rt \u00e9s k\u00e9pesek megszervezni a t\u00f6rv\u00e9nyes sztr\u00e1jkot. Felh\u00edvta a figyelmet arra is, hogy m\u00e1r a sztr\u00e1jkfelh\u00edv\u00e1suk els\u0151 bejelent\u00e9s\u00e9nek hat\u00e1s\u00e1ra teljes\u00fclhet az egyik k\u00f6vetel\u00e9s\u00fck &#8211; miszerint a szoci\u00e1lis munka napja legyen munkasz\u00fcneti nap az \u00e1gazatban -, mivel a parlament el\u0151tt szerepel egy ezt tartalmaz\u00f3 javaslat.<br \/>\n    Az Emberi Er\u0151forr\u00e1sok Miniszt\u00e9rium\u00e1nak k\u00f6zlem\u00e9ny\u00e9re utalva, amely szerint \u00e1gazati sz\u00e1m\u00edt\u00e1sok alapj\u00e1n a j\u00f6v\u0151 \u00e9vi, a b\u00e9rt\u00e1bl\u00e1ban \u00e9s p\u00f3tl\u00e9kokban megmutatkoz\u00f3 b\u00e9rt\u00f6bblet jelent\u0151s b\u00e9remel\u00e9st eredm\u00e9nyezhet a szoci\u00e1lis ter\u00fcleten dolgoz\u00f3k eset\u00e9ben, Boros P\u00e9tern\u00e9 azt mondta: \u00fagy t\u0171nik, a 30 sz\u00e1zal\u00e9kos keresetn\u00f6veked\u00e9sre vonatkoz\u00f3 k\u00f6vetel\u00e9s\u00fck egy j\u00f3 r\u00e9sze m\u00e1ris teljes\u00fclhet. Hangs\u00falyozta: nem lehetetlent k\u00e9rnek, azt szeretn\u00e9k el\u00e9rni, hogy ne fokoz\u00f3djon az \u00e1gazatban a munkaer\u0151hi\u00e1ny, amely m\u00e1r most is 10 sz\u00e1zal\u00e9kra tehet\u0151.<br \/>\n    B\u00e1rdos Judit, a Bel\u00fcgyi, Rendv\u00e9delmi \u00e9s K\u00f6zszolg\u00e1lati Dolgoz\u00f3k Szakszervezet\u00e9nek f\u0151titk\u00e1ra, a K\u00f6zszolg\u00e1lati \u00c9rdekegyeztet\u0151 F\u00f3rum munkav\u00e1llal\u00f3i oldal\u00e1nak k\u00e9pvisel\u0151je arr\u00f3l besz\u00e9lt: a parlament el\u0151tt szerepl\u0151 tervezetben ugyan elismerik a szoci\u00e1lis munka napjak\u00e9nt november 12-\u00e9t \u00e9s az munkasz\u00fcneti nap lehet az \u00e1gazatban dolgoz\u00f3k sz\u00e1m\u00e1ra, egy m\u00e1sik rendelkez\u00e9s ugyanakkor t\u00f6r\u00f6ln\u00e9 a ,90-es \u00e9vekben kiv\u00edvott k\u00f6ztisztvisel\u0151k napj\u00e1t.<br \/>\n    A k\u00f6ztisztvisel\u0151k napj\u00e1t minden \u00e9vben j\u00falius 1-j\u00e9n \u00fcnneplik, a j\u00f6v\u0151ben B\u00e1rdos Judit szerint az \u00f6nkorm\u00e1nyzatok a saj\u00e1t k\u00f6lts\u00e9gvet\u00e9si b\u00fcdzs\u00e9j\u00fckh\u00f6z igaz\u00edtva \u00fcnnepelhetik munkasz\u00fcneti napk\u00e9nt, de a tervezet indokol\u00e1sa kit\u00e9r arra, hogy az \u00e1llami szolg\u00e1latban l\u00e9v\u0151 k\u00f6ztisztvisel\u0151k, a rendv\u00e9delemben dolgoz\u00f3 k\u00f6ztisztvisel\u0151k sz\u00e1m\u00e1ra ez a nap a j\u00f6v\u0151ben nem lenne munkasz\u00fcneti nap.<br \/>\n    Felid\u00e9zte: 2010-ben, amikor az Orb\u00e1n-korm\u00e1ny elnyerte mand\u00e1tum\u00e1t, t\u00e1rgyal\u00e1sok kezd\u0151dtek a rendv\u00e9delem p\u00e9nz\u00fcgyi helyzet\u00e9nek megold\u00e1s\u00e1ra, az \u00e9letp\u00e1lyamodell kialak\u00edt\u00e1s\u00e1ra. Hozz\u00e1tette: akkoriban sok esem\u00e9ny t\u00f6rt\u00e9nt az utc\u00e1n \u00e9s ezeknek az lett a k\u00f6vetkezm\u00e9ny\u00fck, hogy a szolg\u00e1lati nyugd\u00edjat elt\u00f6r\u00f6lt\u00e9k \u00e9s a korhat\u00e1r el\u0151tti nyugd\u00edjba vonul\u00e1s lehet\u0151s\u00e9g\u00e9t is megsz\u00fcntett\u00e9k.<br \/>\n    &#8222;Bossz\u00fa\u00e9rzetem van&#8221; &#8211; fogalmazott, hozz\u00e1f\u0171zve, hogy az \u00f6nkorm\u00e1nyzati k\u00f6ztisztvisel\u0151k vonatkoz\u00e1s\u00e1ban volt egy sztr\u00e1jk, \u00e9s ennek a k\u00f6vetkezm\u00e9nye, hogy a 8 \u00e9ve keresetn\u00f6veked\u00e9sben nem r\u00e9szes\u00fcl\u0151 egy\u00e9b korm\u00e1nyzati tisztvisel\u0151k m\u00e9g ezt az egy szabadnapot is elvesztik.<br \/>\n    \u00dagy v\u00e9lte, ezt az\u00e9rt lehet megtenni, mert &#8222;tiszt\u00e1ban van azzal a hatalom, hogy ezek a koll\u00e9g\u00e1k nem fognak az utc\u00e1ra menni, \u00e9s a polg\u00e1rok, a Magyarorsz\u00e1gon \u00e9l\u0151 emberek pedig \u00f6r\u00fclnek, hogy a b\u00fcrokr\u00e1ciacs\u00f6kkent\u00e9s keret\u00e9ben egy jogos\u00edtv\u00e1nyt elvesztenek&#8221;.  Ez pedig azt \u00fczeni a szakszervezeti vezet\u0151 szerint, hogy a hatalomt\u00f3l soha nem lehet pluszjuttat\u00e1sokat elv\u00e1rni akkor, ha szembefordulnak vele.(MTI)<\/p>\n","protected":false},"excerpt":{"rendered":"<p>Fenntartja a sztr\u00e1jkk\u00e9sz\u00fclts\u00e9get a Magyar K\u00f6zszolg\u00e1lati, K\u00f6zalkalmazotti \u00e9s a K\u00f6zszolg\u00e1latban Dolgoz\u00f3k Szakszervezete (MKKSZ), de szerd\u00e1n megkezdi a t\u00e1rgyal\u00e1sokat a szoci\u00e1lis \u00e1gazatban dolgoz\u00f3k keresetn\u00f6veked\u00e9se \u00e9rdek\u00e9ben Nyitrai Imre szoci\u00e1lpolitik\u00e1\u00e9rt felel\u0151s helyettes \u00e1llamtitk\u00e1rral, a sztr\u00e1jkt\u00e1rgyal\u00e1sokra kijel\u00f6lt \u00e1llami vezet\u0151vel &#8211; mondta a szakszervezet eln\u00f6ke h\u00e9tf\u0151n sajt\u00f3t\u00e1j\u00e9koztat\u00f3n, Budapesten.<\/p>\n","protected":false},"author":1,"featured_media":0,"comment_status":"open","ping_status":"closed","sticky":false,"template":"","format":"standard","meta":[],"categories":[19],"tags":[],"_links":{"self":[{"href":"https:\/\/gazdasagportal.hu\/index.php\/wp-json\/wp\/v2\/posts\/86870"}],"collection":[{"href":"https:\/\/gazdasagportal.hu\/index.php\/wp-json\/wp\/v2\/posts"}],"about":[{"href":"https:\/\/gazdasagportal.hu\/index.php\/wp-json\/wp\/v2\/types\/post"}],"author":[{"embeddable":true,"href":"https:\/\/gazdasagportal.hu\/index.php\/wp-json\/wp\/v2\/users\/1"}],"replies":[{"embeddable":true,"href":"https:\/\/gazdasagportal.hu\/index.php\/wp-json\/wp\/v2\/comments?post=86870"}],"version-history":[{"count":1,"href":"https:\/\/gazdasagportal.hu\/index.php\/wp-json\/wp\/v2\/posts\/86870\/revisions"}],"predecessor-version":[{"id":86871,"href":"https:\/\/gazdasagportal.hu\/index.php\/wp-json\/wp\/v2\/posts\/86870\/revisions\/86871"}],"wp:attachment":[{"href":"https:\/\/gazdasagportal.hu\/index.php\/wp-json\/wp\/v2\/media?parent=86870"}],"wp:term":[{"taxonomy":"category","embeddable":true,"href":"https:\/\/gazdasagportal.hu\/index.php\/wp-json\/wp\/v2\/categories?post=86870"},{"taxonomy":"post_tag","embeddable":true,"href":"https:\/\/gazdasagportal.hu\/index.php\/wp-json\/wp\/v2\/tags?post=86870"}],"curies":[{"name":"wp","href":"https:\/\/api.w.org\/{rel}","templated":true}]}}