{"id":86868,"date":"2016-11-21T13:01:04","date_gmt":"2016-11-21T12:01:04","guid":{"rendered":"http:\/\/gazdasagportal.hu\/?p=86868"},"modified":"2016-11-21T13:01:04","modified_gmt":"2016-11-21T12:01:04","slug":"gyorsjelentes-2016-nott-az-alteo-arbevetele-es-eredmenye-az-elso-haromnegyed-evben","status":"publish","type":"post","link":"https:\/\/gazdasagportal.hu\/index.php\/gyorsjelentes-2016-nott-az-alteo-arbevetele-es-eredmenye-az-elso-haromnegyed-evben\/","title":{"rendered":"Gyorsjelent\u00e9s 2016: N\u0151tt az Alteo \u00e1rbev\u00e9tele \u00e9s eredm\u00e9nye az els\u0151 h\u00e1romnegyed \u00e9vben"},"content":{"rendered":"<p><strong>Az Alteo csoport 41 sz\u00e1zal\u00e9kkal, 9,549 milli\u00e1rd forintra n\u00f6velte \u00e1rbev\u00e9tel\u00e9t az idei els\u0151 kilenc h\u00f3napban a m\u00falt \u00e9vi b\u00e1zisid\u0151szakhoz k\u00e9pest, kamat-, ad\u00f3fizet\u00e9s \u00e9s amortiz\u00e1ci\u00f3 el\u0151tti eredm\u00e9nye (EBITDA) pedig 141 sz\u00e1zal\u00e9kos n\u00f6veked\u00e9ssel 2,116 milli\u00e1rd forintra emelkedett &#8211; k\u00f6z\u00f6lte az Alteo az MTI-vel h\u00e9tf\u0151n.<\/strong><!--more--><\/p>\n<div class=\"ads-in-post1\"><div id=\"gazdasagportal.hu_fullbanner_wideboard\"><\/div>\r\n<\/div>\n<p>    A t\u00e1j\u00e9koztat\u00e1s szerint a csoport 961 milli\u00f3 forint nett\u00f3 eredm\u00e9nnyel z\u00e1rta az els\u0151 h\u00e1romnegyed\u00e9vet.<br \/>\n    Az \u00e1rbev\u00e9tel 22 sz\u00e1zal\u00e9ka sz\u00e1rmazott villamosenergia-kereskedelemb\u0151l, m\u00edg az energiatermel\u00e9s 58 sz\u00e1zal\u00e9k\u00e1t adta az \u00e1rbev\u00e9telnek. A k\u00fcls\u0151 partnereknek ny\u00fajtott \u00fczemeltet\u00e9si \u00e9s karbantart\u00e1si szolg\u00e1ltat\u00e1sok r\u00e9szesed\u00e9se a mutat\u00f3b\u00f3l m\u00e1r el\u00e9rte a 14 sz\u00e1zal\u00e9kot &#8211; ismertett\u00e9k.<br \/>\n    A v\u00e1llalat okt\u00f3berben ind\u00edtotta el f\u00f6ldg\u00e1z-kereskedelmi \u00fczlet\u00e1g\u00e1t.<br \/>\n    A Sinergyvel kib\u0151v\u00fclt portf\u00f3li\u00f3 \u00e9ves EBITDA termel\u0151 kapacit\u00e1sa az id\u0151j\u00e1r\u00e1si viszonyok \u00e9s az energiapiaci trendek f\u00fcggv\u00e9ny\u00e9ben 2-2,5 milli\u00e1rd forint k\u00f6z\u00f6tt ingadozhat \u00e9ves szinten, az els\u0151 kilenc havi teljes\u00edtm\u00e9ny alapj\u00e1n id\u00e9n a s\u00e1v tetej\u00e9n lesz az eredm\u00e9ny &#8211; id\u00e9zi a k\u00f6zlem\u00e9ny ifj. Chik\u00e1n Attil\u00e1t, az Alteo csoport vez\u00e9rigazgat\u00f3j\u00e1t.<br \/>\n    A tervekr\u0151l a vez\u00e9rigazgat\u00f3 kifejtette: dolgoznak a r\u00e9szv\u00e9nykibocs\u00e1t\u00e1s r\u00e9v\u00e9n bevont forr\u00e1sok befektet\u00e9s\u00e9n, a sz\u00f3ba j\u00f6het\u0151 projektek \u00e9rt\u00e9kel\u00e9se \u00e9s a befektet\u00e9si d\u00f6nt\u00e9sek el\u0151k\u00e9sz\u00edt\u00e9se a v\u00e1llalat stabil m\u0171k\u00f6dtet\u00e9se mellett a legfontosabb feladat.<br \/>\n    Az Alteo csoport hazai tulajdonban l\u00e9v\u0151 komplex energetikai szolg\u00e1ltat\u00f3, \u00fczleti aktivit\u00e1sa kiterjed a meg\u00fajul\u00f3 \u00e9s hagyom\u00e1nyos er\u0151forr\u00e1sokon alapul\u00f3 energiatermel\u00e9sre, az energia kis- \u00e9s nagykereskedelemre, valamint a komplex ipari smart energy management szolg\u00e1ltat\u00e1sok ter\u00fclet\u00e9re.<br \/>\n    A v\u00e1llalat 2015-\u00f6s \u00e1rbev\u00e9tele meghaladta a 10 milli\u00e1rd, nett\u00f3 eredm\u00e9nye pedig az 1 milli\u00e1rd forintot.<br \/>\n    A t\u00e1rsas\u00e1g r\u00e9szv\u00e9nyei 2010. okt\u00f3ber 11-e \u00f3ta vannak jelen a Budapesti \u00c9rt\u00e9kt\u0151zsd\u00e9n. A v\u00e1llalat 2016-ban nyilv\u00e1nos r\u00e9szv\u00e9nykibocs\u00e1t\u00e1st hajtott v\u00e9gre, amelynek sor\u00e1n r\u00e9szv\u00e9nyei k\u00f6zk\u00e9zh\u00e1nyad\u00e1t n\u00e9gyszeres\u00e9re n\u00f6velte, mik\u00f6zben csaknem 1,4 milli\u00e1rd forintnyi t\u0151keemel\u00e9st hajtott v\u00e9gre &#8211; k\u00f6z\u00f6lt\u00e9k.<br \/>\n    Az Alteo r\u00e9szv\u00e9nyei a standard kateg\u00f3ri\u00e1ban forognak. Legut\u00f3bbi z\u00e1r\u00f3\u00e1ruk 4630 forint volt, az elm\u00falt egy \u00e9vben a legmagasabb \u00e1r 5200, a legalacsonyabb 3800 forint volt.(MTI)<\/p>\n","protected":false},"excerpt":{"rendered":"<p>Az Alteo csoport 41 sz\u00e1zal\u00e9kkal, 9,549 milli\u00e1rd forintra n\u00f6velte \u00e1rbev\u00e9tel\u00e9t az idei els\u0151 kilenc h\u00f3napban a m\u00falt \u00e9vi b\u00e1zisid\u0151szakhoz k\u00e9pest, kamat-, ad\u00f3fizet\u00e9s \u00e9s amortiz\u00e1ci\u00f3 el\u0151tti eredm\u00e9nye (EBITDA) pedig 141 sz\u00e1zal\u00e9kos n\u00f6veked\u00e9ssel 2,116 milli\u00e1rd forintra emelkedett &#8211; k\u00f6z\u00f6lte az Alteo az MTI-vel h\u00e9tf\u0151n.<\/p>\n","protected":false},"author":1,"featured_media":0,"comment_status":"open","ping_status":"closed","sticky":false,"template":"","format":"standard","meta":[],"categories":[7],"tags":[],"_links":{"self":[{"href":"https:\/\/gazdasagportal.hu\/index.php\/wp-json\/wp\/v2\/posts\/86868"}],"collection":[{"href":"https:\/\/gazdasagportal.hu\/index.php\/wp-json\/wp\/v2\/posts"}],"about":[{"href":"https:\/\/gazdasagportal.hu\/index.php\/wp-json\/wp\/v2\/types\/post"}],"author":[{"embeddable":true,"href":"https:\/\/gazdasagportal.hu\/index.php\/wp-json\/wp\/v2\/users\/1"}],"replies":[{"embeddable":true,"href":"https:\/\/gazdasagportal.hu\/index.php\/wp-json\/wp\/v2\/comments?post=86868"}],"version-history":[{"count":1,"href":"https:\/\/gazdasagportal.hu\/index.php\/wp-json\/wp\/v2\/posts\/86868\/revisions"}],"predecessor-version":[{"id":86869,"href":"https:\/\/gazdasagportal.hu\/index.php\/wp-json\/wp\/v2\/posts\/86868\/revisions\/86869"}],"wp:attachment":[{"href":"https:\/\/gazdasagportal.hu\/index.php\/wp-json\/wp\/v2\/media?parent=86868"}],"wp:term":[{"taxonomy":"category","embeddable":true,"href":"https:\/\/gazdasagportal.hu\/index.php\/wp-json\/wp\/v2\/categories?post=86868"},{"taxonomy":"post_tag","embeddable":true,"href":"https:\/\/gazdasagportal.hu\/index.php\/wp-json\/wp\/v2\/tags?post=86868"}],"curies":[{"name":"wp","href":"https:\/\/api.w.org\/{rel}","templated":true}]}}