{"id":86866,"date":"2016-11-21T12:21:57","date_gmt":"2016-11-21T11:21:57","guid":{"rendered":"http:\/\/gazdasagportal.hu\/?p=86866"},"modified":"2016-11-21T12:21:57","modified_gmt":"2016-11-21T11:21:57","slug":"ujabb-terrortamadast-hiusitottak-meg-a-hatosagok","status":"publish","type":"post","link":"https:\/\/gazdasagportal.hu\/index.php\/ujabb-terrortamadast-hiusitottak-meg-a-hatosagok\/","title":{"rendered":"\u00dajabb terrort\u00e1mad\u00e1st hi\u00fas\u00edtottak meg a hat\u00f3s\u00e1gok"},"content":{"rendered":"<p><strong>El\u0151\u00e1ll\u00edtottak h\u00e9t embert Franciaorsz\u00e1gban egy terrorellenes m\u0171velet keret\u00e9ben, amivel egy \u00fajabb t\u00e1mad\u00e1st siker\u00fclt meghi\u00fas\u00edtani &#8211; jelentette be h\u00e9tf\u0151n a francia bel\u00fcgyminiszter.<\/strong><!--more--><\/p>\n<div class=\"ads-in-post1\"><div id=\"gazdasagportal.hu_fullbanner_wideboard\"><\/div>\r\n<\/div>\n<p>     Bernard Cazeneuve elmondta, hogy a hat\u00f3s\u00e1gi akci\u00f3t vas\u00e1rnapra virrad\u00f3ra hajtott\u00e1k v\u00e9gre az orsz\u00e1g keleti r\u00e9sz\u00e9n tal\u00e1lhat\u00f3 Strasbourgban \u00e9s a d\u00e9len fekv\u0151 Marseille-ban.<br \/>\n    A bel\u00fcgyi t\u00e1rcavezet\u0151 t\u00e1j\u00e9koztat\u00e1sa szerint a k\u00e9zre ker\u00edtettek 29 \u00e9s 37 \u00e9v k\u00f6z\u00f6ttiek, francia, marokk\u00f3i \u00e9s afg\u00e1n \u00e1llampolg\u00e1rok. Mint hozz\u00e1tette, az egyik marokk\u00f3i f\u00e9rfira egy partnerorsz\u00e1g h\u00edvta fel a figyelmet, a t\u00f6bbiek viszont ismeretlenek voltak a francia h\u00edrszerz\u00e9s el\u0151tt.(MTI)<\/p>\n","protected":false},"excerpt":{"rendered":"<p>El\u0151\u00e1ll\u00edtottak h\u00e9t embert Franciaorsz\u00e1gban egy terrorellenes m\u0171velet keret\u00e9ben, amivel egy \u00fajabb t\u00e1mad\u00e1st siker\u00fclt meghi\u00fas\u00edtani &#8211; jelentette be h\u00e9tf\u0151n a francia bel\u00fcgyminiszter.<\/p>\n","protected":false},"author":1,"featured_media":0,"comment_status":"open","ping_status":"closed","sticky":false,"template":"","format":"standard","meta":[],"categories":[12],"tags":[],"_links":{"self":[{"href":"https:\/\/gazdasagportal.hu\/index.php\/wp-json\/wp\/v2\/posts\/86866"}],"collection":[{"href":"https:\/\/gazdasagportal.hu\/index.php\/wp-json\/wp\/v2\/posts"}],"about":[{"href":"https:\/\/gazdasagportal.hu\/index.php\/wp-json\/wp\/v2\/types\/post"}],"author":[{"embeddable":true,"href":"https:\/\/gazdasagportal.hu\/index.php\/wp-json\/wp\/v2\/users\/1"}],"replies":[{"embeddable":true,"href":"https:\/\/gazdasagportal.hu\/index.php\/wp-json\/wp\/v2\/comments?post=86866"}],"version-history":[{"count":1,"href":"https:\/\/gazdasagportal.hu\/index.php\/wp-json\/wp\/v2\/posts\/86866\/revisions"}],"predecessor-version":[{"id":86867,"href":"https:\/\/gazdasagportal.hu\/index.php\/wp-json\/wp\/v2\/posts\/86866\/revisions\/86867"}],"wp:attachment":[{"href":"https:\/\/gazdasagportal.hu\/index.php\/wp-json\/wp\/v2\/media?parent=86866"}],"wp:term":[{"taxonomy":"category","embeddable":true,"href":"https:\/\/gazdasagportal.hu\/index.php\/wp-json\/wp\/v2\/categories?post=86866"},{"taxonomy":"post_tag","embeddable":true,"href":"https:\/\/gazdasagportal.hu\/index.php\/wp-json\/wp\/v2\/tags?post=86866"}],"curies":[{"name":"wp","href":"https:\/\/api.w.org\/{rel}","templated":true}]}}