{"id":86864,"date":"2016-11-21T11:44:53","date_gmt":"2016-11-21T10:44:53","guid":{"rendered":"http:\/\/gazdasagportal.hu\/?p=86864"},"modified":"2016-11-21T11:44:53","modified_gmt":"2016-11-21T10:44:53","slug":"kikapcsolasi-moratoriumot-vallal-a-fogaz-az-ev-vegi-unnepek-alatt","status":"publish","type":"post","link":"https:\/\/gazdasagportal.hu\/index.php\/kikapcsolasi-moratoriumot-vallal-a-fogaz-az-ev-vegi-unnepek-alatt\/","title":{"rendered":"Kikapcsol\u00e1si morat\u00f3riumot v\u00e1llal a F\u0151g\u00e1z az \u00e9v v\u00e9gi \u00fcnnepek alatt"},"content":{"rendered":"<p><strong>\u00d6nk\u00e9ntes kikapcsol\u00e1si morat\u00f3riumot v\u00e1llal a nemzeti k\u00f6zm\u0171szolg\u00e1ltat\u00e1si rendszer r\u00e9szek\u00e9nt m\u0171k\u00f6d\u0151 F\u0151g\u00e1z \u00e9s az \u00e9v v\u00e9g\u00e9n beolvad\u00f3 ENKSZ \u00c9szak-D\u00e9l Region\u00e1lis F\u00f6ldg\u00e1zszolg\u00e1ltat\u00f3 december 17. \u00e9s j\u00f6v\u0151 janu\u00e1r 9. k\u00f6z\u00f6tt, hogy ebben az id\u0151szakban a fogyaszt\u00f3k ne maradjanak szolg\u00e1ltat\u00e1s n\u00e9lk\u00fcl &#8211; k\u00f6z\u00f6lte az ENKSZ Els\u0151 Nemzeti K\u00f6zm\u0171szolg\u00e1ltat\u00f3 Zrt. h\u00e9tf\u0151n.<\/strong><!--more--><\/p>\n<div class=\"ads-in-post1\"><div id=\"gazdasagportal.hu_fullbanner_wideboard\"><\/div>\r\n<\/div>\n<p>    A F\u0151g\u00e1z t\u00e1rsas\u00e1gai biztos\u00edtj\u00e1k a teljes hazai lakoss\u00e1g f\u00f6ldg\u00e1zszolg\u00e1ltat\u00e1s\u00e1t okt\u00f3ber 1-je \u00f3ta.<br \/>\n    A kikapcsol\u00e1si morat\u00f3rium nemcsak a v\u00e9dett fogyaszt\u00f3kat \u00e9rinti, hanem azokat a lakoss\u00e1gi \u00fcgyfeleket is, akiknek 60 napon t\u00fali sz\u00e1mlatartoz\u00e1suk van. A F\u0151g\u00e1z seg\u00edteni k\u00edv\u00e1nja a r\u00e1szorul\u00f3kat, hogy a kar\u00e1csony \u00e9s \u00faj\u00e9v k\u00f6r\u00fcli \u00fcnnepi id\u0151szakot minden csal\u00e1d megfelel\u0151 k\u00f6r\u00fclm\u00e9nyek k\u00f6z\u00f6tt t\u00f6lthesse &#8211; hangs\u00falyozt\u00e1k.<br \/>\n    A kikapcsol\u00e1si morat\u00f3rium a t\u00e1rsas\u00e1gok lakoss\u00e1gi fogyaszt\u00f3ira \u00e9rv\u00e9nyes, de nem vonatkozik azokra, akiket m\u00e1r kikapcsoltak.(MTI)<\/p>\n","protected":false},"excerpt":{"rendered":"<p>\u00d6nk\u00e9ntes kikapcsol\u00e1si morat\u00f3riumot v\u00e1llal a nemzeti k\u00f6zm\u0171szolg\u00e1ltat\u00e1si rendszer r\u00e9szek\u00e9nt m\u0171k\u00f6d\u0151 F\u0151g\u00e1z \u00e9s az \u00e9v v\u00e9g\u00e9n beolvad\u00f3 ENKSZ \u00c9szak-D\u00e9l Region\u00e1lis F\u00f6ldg\u00e1zszolg\u00e1ltat\u00f3 december 17. \u00e9s j\u00f6v\u0151 janu\u00e1r 9. k\u00f6z\u00f6tt, hogy ebben az id\u0151szakban a fogyaszt\u00f3k ne maradjanak szolg\u00e1ltat\u00e1s n\u00e9lk\u00fcl &#8211; k\u00f6z\u00f6lte az ENKSZ Els\u0151 Nemzeti K\u00f6zm\u0171szolg\u00e1ltat\u00f3 Zrt. h\u00e9tf\u0151n.<\/p>\n","protected":false},"author":1,"featured_media":0,"comment_status":"open","ping_status":"closed","sticky":false,"template":"","format":"standard","meta":[],"categories":[19],"tags":[],"_links":{"self":[{"href":"https:\/\/gazdasagportal.hu\/index.php\/wp-json\/wp\/v2\/posts\/86864"}],"collection":[{"href":"https:\/\/gazdasagportal.hu\/index.php\/wp-json\/wp\/v2\/posts"}],"about":[{"href":"https:\/\/gazdasagportal.hu\/index.php\/wp-json\/wp\/v2\/types\/post"}],"author":[{"embeddable":true,"href":"https:\/\/gazdasagportal.hu\/index.php\/wp-json\/wp\/v2\/users\/1"}],"replies":[{"embeddable":true,"href":"https:\/\/gazdasagportal.hu\/index.php\/wp-json\/wp\/v2\/comments?post=86864"}],"version-history":[{"count":1,"href":"https:\/\/gazdasagportal.hu\/index.php\/wp-json\/wp\/v2\/posts\/86864\/revisions"}],"predecessor-version":[{"id":86865,"href":"https:\/\/gazdasagportal.hu\/index.php\/wp-json\/wp\/v2\/posts\/86864\/revisions\/86865"}],"wp:attachment":[{"href":"https:\/\/gazdasagportal.hu\/index.php\/wp-json\/wp\/v2\/media?parent=86864"}],"wp:term":[{"taxonomy":"category","embeddable":true,"href":"https:\/\/gazdasagportal.hu\/index.php\/wp-json\/wp\/v2\/categories?post=86864"},{"taxonomy":"post_tag","embeddable":true,"href":"https:\/\/gazdasagportal.hu\/index.php\/wp-json\/wp\/v2\/tags?post=86864"}],"curies":[{"name":"wp","href":"https:\/\/api.w.org\/{rel}","templated":true}]}}