{"id":86844,"date":"2016-11-21T08:07:41","date_gmt":"2016-11-21T07:07:41","guid":{"rendered":"http:\/\/gazdasagportal.hu\/?p=86844"},"modified":"2016-11-21T08:07:41","modified_gmt":"2016-11-21T07:07:41","slug":"orban-a-munkaalapu-gazdasag-sikeres","status":"publish","type":"post","link":"https:\/\/gazdasagportal.hu\/index.php\/orban-a-munkaalapu-gazdasag-sikeres\/","title":{"rendered":"Orb\u00e1n: a munkaalap\u00fa gazdas\u00e1g sikeres"},"content":{"rendered":"<p><strong>Sikeresnek nevezte a magyar gazdas\u00e1gi modellt, a munkaalap\u00fa gazdas\u00e1got Orb\u00e1n Viktor minisztereln\u00f6k a Kossuth R\u00e1di\u00f3 180 perc m\u0171sor\u00e1nak adott interj\u00faban, amelyben azt mondta: az\u00e9rt emelkedhet nagy m\u00e9rt\u00e9kben a minim\u00e1lb\u00e9r \u00e9s cs\u00f6kkenhet a t\u00e1rsas\u00e1gi ad\u00f3, mert az orsz\u00e1g gazdas\u00e1gi alapjai rendben vannak, a p\u00e9nz\u00fcgyi rendszer stabil.<\/strong><!--more--><\/p>\n<div class=\"ads-in-post1\"><div id=\"gazdasagportal.hu_fullbanner_wideboard\"><\/div>\r\n<\/div>\n<p>    &#8222;Ezek az int\u00e9zked\u00e9sek most az\u00e9rt j\u00f6hettek l\u00e9tre, mert a munk\u00e1t elv\u00e9gezt\u00fck. A magyar gazdas\u00e1gi modell, a munkaalap\u00fa gazdas\u00e1g sikeres. Mi mindig is hitt\u00fcnk benne, most a k\u00fclvil\u00e1g is elismeri&#8221; &#8211; mondta a korm\u00e1nyf\u0151 a kor\u00e1bban r\u00f6gz\u00edtett, h\u00e9tf\u0151 reggel sug\u00e1rzott, gazdas\u00e1gi k\u00e9rd\u00e9seket \u00e9rint\u0151 interj\u00faban.<br \/>\n    K\u00f6z\u00f6lte: most j\u00f6n a k\u00f6vetkez\u0151 szakasz, egy hat\u00e9ves gazdas\u00e1gi tervr\u0151l t\u00e1rgyal Varga Mih\u00e1ly nemzetgazdas\u00e1gi miniszter a munkaad\u00f3kkal \u00e9s a munkav\u00e1llal\u00f3kkal.<br \/>\n    A tervezett minim\u00e1lb\u00e9r-emel\u00e9st a minisztereln\u00f6k el\u00e9rhet\u0151nek tartja. R\u00e1mutatott ugyanakkor, hogy &#8222;a v\u00e1llalkoz\u00f3kkal vannak gondjaink&#8221; az \u00fcgyben, de a k\u00f6vetkez\u0151 napokban szeretn\u00e9nek megegyezni vel\u00fck. A nemzetgazdas\u00e1gi miniszter &#8222;kapott mozg\u00e1steret&#8221; a t\u00e1rgyal\u00e1sokra &#8211; tette hozz\u00e1.<br \/>\n    Orb\u00e1n Viktor szerint a v\u00e1llalkoz\u00f3knak igazuk van abban, hogy a kifizetett b\u00e9rt t\u00fal nagy ad\u00f3 terheli, \u00e9s ez\u00e9rt k\u00f6vetelik annak cs\u00f6kkent\u00e9s\u00e9t. Az ar\u00e1nyok a k\u00e9rd\u00e9sesek, de Varga Mih\u00e1ly a munkab\u00e9reket terhel\u0151 ad\u00f3k hat\u00e9ves cs\u00f6kkent\u00e9si programj\u00e1ra tett javaslatot a munkaad\u00f3knak &#8211; er\u0151s\u00edtette meg, hozz\u00e1f\u0171zve, hogy a magyar v\u00e1llalkoz\u00f3k m\u00e9g soha nem kaptak ilyen aj\u00e1nlatot az elm\u00falt 30 \u00e9vben.<br \/>\n    Megjegyezte, hogy ha a v\u00e1llalkoz\u00f3knak kisebb az ad\u00f3juk &#8211; m\u00e1rpedig a munkab\u00e9rt terhel\u0151 ad\u00f3k cs\u00f6kkenni fognak -, akkor magasabb fizet\u00e9seket adhatnak.<br \/>\n    Kit\u00e9rt arra is &#8211; mint az az interj\u00fa vas\u00e1rnap ismertetett el\u0151zetes\u00e9b\u0151l m\u00e1r kider\u00fclt -, hogy ha meg tudnak \u00e1llapodni a v\u00e1llalkoz\u00f3kkal egy magasabb minim\u00e1lb\u00e9r-emel\u00e9sben, akkor az emelked\u0151 b\u00e9rek \u00e9s az annak k\u00f6vetkezt\u00e9ben magasabb infl\u00e1ci\u00f3 lehet\u0151s\u00e9get ad majd magasabb nyugd\u00edjemel\u00e9sre.<br \/>\n    A korm\u00e1nyf\u0151 \u00fagy fogalmazott: a b\u00e9rt\u00e1rgyal\u00e1sok sikere eset\u00e9n a most tervezett 0,9 sz\u00e1zal\u00e9kos helyett &#8211; amely \u00e9rthet\u0151 m\u00f3don b\u00e1ntja a nyugd\u00edjasokat &#8211; az ideivel megegyez\u0151 m\u00e9rt\u00e9k\u0171, vagyis 1,6 sz\u00e1zal\u00e9kos nyugd\u00edjemel\u00e9s lehet j\u00f6v\u0151re.<br \/>\n    Eml\u00e9keztetett arra, hogy korm\u00e1nya megtartotta \u00edg\u00e9ret\u00e9t, meg\u0151rizte, s\u0151t n\u00f6velte a nyugd\u00edjak v\u00e1s\u00e1rl\u00f3\u00e9rt\u00e9k\u00e9t az elm\u00falt \u00e9vekben.<br \/>\n    A k\u00f6vetkez\u0151 \u00e9vekre tervezett 40 sz\u00e1zal\u00e9kos re\u00e1lb\u00e9r-emelked\u00e9st firtat\u00f3 k\u00e9rd\u00e9sre a minisztereln\u00f6k \u00fagy reag\u00e1lt: &#8222;kiindul\u00f3 sz\u00e1mnak ezeket el tudom fogadni, \u00e9s ha ezt v\u00e9gre tudjuk hajtani, az sz\u00e9p siker lesz&#8221;, de &#8222;m\u00e9g, m\u00e9g, m\u00e9g f\u00f6ljebb&#8221; kell nyomni.<br \/>\n    A t\u00e1rsas\u00e1gi nyeres\u00e9gad\u00f3 cs\u00f6kkent\u00e9s\u00e9r\u0151l Orb\u00e1n Viktor kijelentette: minden magyar v\u00e1llalkoz\u00f3nak el\u0151ny\u00f6s lesz az egy sz\u00e1mjegy\u0171, 9 sz\u00e1zal\u00e9kos ad\u00f3nem. A korm\u00e1ny a r\u00e9gi\u00f3 legjobb v\u00e1llalkoz\u00f3i vil\u00e1g\u00e1t akarja l\u00e9trehozni Magyarorsz\u00e1gon &#8211; hangs\u00falyozta.<br \/>\n    A cs\u00f6kkent\u00e9st\u0151l a korm\u00e1nyf\u0151 azt v\u00e1rja, hogy n\u0151ni fognak a Magyarorsz\u00e1gra \u00e9rkez\u0151 befektet\u00e9sek, valamint azt is, hogy mindenki &#8222;nyugodtan bevallhatja&#8221; majd, mije van.<br \/>\n    Ha j\u00f3l csin\u00e1lj\u00e1k az ad\u00f3cs\u00f6kkent\u00e9seket &#8211; mondta -, akkor a gazdas\u00e1gi teljes\u00edtm\u00e9ny n\u0151, \u00e9s kisebb ad\u00f3kulcsok mellett is meglesznek az \u00e1llam bev\u00e9telei, mert nagyobb lesz a gazdas\u00e1gi aktivit\u00e1s.<br \/>\n    &#8222;Nem mondok le arr\u00f3l a c\u00e9lr\u00f3l, hogy kisebb ad\u00f3kkal sz\u00ednvonalasabb sport, kult\u00fara teremthet\u0151 ebben az orsz\u00e1gban, mert kisebb ad\u00f3kb\u00f3l is t\u00f6bb p\u00e9nz \u00e9rkezhet be&#8221; &#8211; v\u00e1laszolta a tao-p\u00e9nzek sors\u00e1t firtat\u00f3 k\u00e9rd\u00e9sre. A kult\u00fara \u00e9s a sport \u00fcgye fel\u00edvel\u0151 p\u00e1ly\u00e1n halad, \u00e9s ott is marad &#8211; mondta.<br \/>\n    A helyi ipar\u0171z\u00e9si ad\u00f3val kapcsolatban k\u00f6z\u00f6lte, ehhez az ad\u00f3nemhez nem ny\u00falnak, mert akkor az \u00f6nkorm\u00e1nyzatok bev\u00e9telei megsz\u0171nnek.<br \/>\n    Orb\u00e1n Viktor ism\u00e9t kifejtette azt is, hogy a k\u00fclf\u00f6ld\u00f6n dolgoz\u00f3 magyarok \u00fcgy\u00e9r\u0151l \u0151 nem &#8222;jajgatva&#8221; besz\u00e9l, \u00e9ppen ellenkez\u0151leg, lehet\u0151s\u00e9get l\u00e1t benne. Szerinte arra kell felk\u00e9sz\u00fclni, hogy a k\u00f6vetkez\u0151 id\u0151szakban &#8222;a mi embereink is j\u00f6nnek, mennek, mikor hol l\u00e1tnak lehet\u0151s\u00e9get&#8221;, \u00e9s nem javasolja, hogy az \u00e1llam korl\u00e1tozza \u0151ket ebben.<br \/>\n    Felid\u00e9zte, 2010-ben Magyarorsz\u00e1g a g\u00f6r\u00f6gn\u00e9l rosszabb gazdas\u00e1gi helyzetben volt, \u00e9s nem voltak vil\u00e1gos alapjai a magyar gazdas\u00e1gnak. Ez\u00e9rt &#8222;\u00f6k\u00f6lszab\u00e1lyokat&#8221; kellett kijel\u00f6lni &#8211; folytatta -, &#8222;az IMF-et haza kellett k\u00fcldeni, a saj\u00e1t l\u00e1bunkra kellett \u00e1llni&#8221;, \u00e9s ki kellett mondani, hogy &#8222;nem akarunk seg\u00e9lyen \u00e9lni&#8221;. Ez\u00e9rt seg\u00e9lyalap\u00fa helyett munkaalap\u00fa gazdas\u00e1gpolitik\u00e1t vezetett be a korm\u00e1ny, \u00edgy ma m\u00e1r a 2010-es 1,8 milli\u00f3val szemben 4,3 milli\u00f3 ad\u00f3fizet\u0151, munkaer\u0151-felesleg helyett pedig munkaer\u0151hi\u00e1ny van, &#8222;k\u00f6zel vagyunk a teljes foglalkoztatotts\u00e1ghoz&#8221; &#8211; mondta.<br \/>\n    Szerinte a 20. sz\u00e1zad &#8222;kudarcra \u00e9s pesszimizmusra iskol\u00e1zta&#8221; a magyarokat, ez\u00e9rt der\u0171s \u00e9letszeml\u00e9let\u0171, bizakod\u00f3, nagy c\u00e9lokat kit\u0171z\u0151 emberek kellenek a korm\u00e1nyr\u00fadhoz. Kiemelte: m\u00e9g sok-sok sikeres \u00e9v kell a gazdas\u00e1gban. Azt is mondta, \u00fagy kell adni b\u00e9rt, nyugd\u00edjat, szoci\u00e1lis t\u00e1mogat\u00e1st, hogy &#8222;k\u00f6zben ne fogyjon el, mindig \u00fajratermel\u0151dj\u00f6n&#8221;.<br \/>\n    V\u00e9g\u00fcl sz\u00f3 volt a vas\u00e1rnap \u00e9s h\u00e9tf\u0151n a d\u00e9l-szerbiai Nisben zajl\u00f3 magyar-szerb korm\u00e1nyzati cs\u00facstal\u00e1lkoz\u00f3r\u00f3l, amelyr\u0151l sz\u00f3lva meger\u0151s\u00edtette: Magyarorsz\u00e1g t\u00e1mogatja, hogy Szerbia az Eur\u00f3pai Uni\u00f3 tagja legyen. &#8222;Nincs az EU-nak f\u00e9nyes j\u00f6v\u0151je, ha azokat az orsz\u00e1gokat, amelyek alkalmasak, k\u00e9pesek \u00e9s k\u00f6t\u0151dnek Eur\u00f3p\u00e1hoz, nem veszi fel. Szerbia ilyen orsz\u00e1g&#8221; &#8211; fogalmazott.<br \/>\n    Kiemelte, hogy a kisebbs\u00e9gpolitika ter\u00fclet\u00e9n Szerbia magatart\u00e1sa t\u00f6bb mint korrekt.<br \/>\n    Jelezte, hogy most szeretn\u00e9k a magyar v\u00e1llalkoz\u00e1sok lehet\u0151s\u00e9geit D\u00e9l-Szerbi\u00e1ban is er\u0151s\u00edteni.(MTI)<\/p>\n","protected":false},"excerpt":{"rendered":"<p>Sikeresnek nevezte a magyar gazdas\u00e1gi modellt, a munkaalap\u00fa gazdas\u00e1got Orb\u00e1n Viktor minisztereln\u00f6k a Kossuth R\u00e1di\u00f3 180 perc m\u0171sor\u00e1nak adott interj\u00faban, amelyben azt mondta: az\u00e9rt emelkedhet nagy m\u00e9rt\u00e9kben a minim\u00e1lb\u00e9r \u00e9s cs\u00f6kkenhet a t\u00e1rsas\u00e1gi ad\u00f3, mert az orsz\u00e1g gazdas\u00e1gi alapjai rendben vannak, a p\u00e9nz\u00fcgyi rendszer stabil.<\/p>\n","protected":false},"author":1,"featured_media":0,"comment_status":"open","ping_status":"closed","sticky":false,"template":"","format":"standard","meta":[],"categories":[19],"tags":[],"_links":{"self":[{"href":"https:\/\/gazdasagportal.hu\/index.php\/wp-json\/wp\/v2\/posts\/86844"}],"collection":[{"href":"https:\/\/gazdasagportal.hu\/index.php\/wp-json\/wp\/v2\/posts"}],"about":[{"href":"https:\/\/gazdasagportal.hu\/index.php\/wp-json\/wp\/v2\/types\/post"}],"author":[{"embeddable":true,"href":"https:\/\/gazdasagportal.hu\/index.php\/wp-json\/wp\/v2\/users\/1"}],"replies":[{"embeddable":true,"href":"https:\/\/gazdasagportal.hu\/index.php\/wp-json\/wp\/v2\/comments?post=86844"}],"version-history":[{"count":1,"href":"https:\/\/gazdasagportal.hu\/index.php\/wp-json\/wp\/v2\/posts\/86844\/revisions"}],"predecessor-version":[{"id":86845,"href":"https:\/\/gazdasagportal.hu\/index.php\/wp-json\/wp\/v2\/posts\/86844\/revisions\/86845"}],"wp:attachment":[{"href":"https:\/\/gazdasagportal.hu\/index.php\/wp-json\/wp\/v2\/media?parent=86844"}],"wp:term":[{"taxonomy":"category","embeddable":true,"href":"https:\/\/gazdasagportal.hu\/index.php\/wp-json\/wp\/v2\/categories?post=86844"},{"taxonomy":"post_tag","embeddable":true,"href":"https:\/\/gazdasagportal.hu\/index.php\/wp-json\/wp\/v2\/tags?post=86844"}],"curies":[{"name":"wp","href":"https:\/\/api.w.org\/{rel}","templated":true}]}}