{"id":86842,"date":"2016-11-21T06:52:07","date_gmt":"2016-11-21T05:52:07","guid":{"rendered":"http:\/\/gazdasagportal.hu\/?p=86842"},"modified":"2016-11-21T06:52:07","modified_gmt":"2016-11-21T05:52:07","slug":"gki-novemberben-az-uzleti-es-a-fogyasztoi-varakozasok-is-javultak","status":"publish","type":"post","link":"https:\/\/gazdasagportal.hu\/index.php\/gki-novemberben-az-uzleti-es-a-fogyasztoi-varakozasok-is-javultak\/","title":{"rendered":"GKI: novemberben az \u00fczleti \u00e9s a fogyaszt\u00f3i v\u00e1rakoz\u00e1sok is javultak"},"content":{"rendered":"<p><strong>Novemberben az okt\u00f3beri h\u00e1rom\u00e9ves m\u00e9lypont ut\u00e1n tavaszi szintj\u00e9re er\u0151s\u00f6d\u00f6tt a GKI konjunkt\u00faraindexe, az \u00fczleti \u00e9s fogyaszt\u00f3i v\u00e1rakoz\u00e1sok is optimist\u00e1bbak lettek. A GKI konjunkt\u00faraindexe mintegy k\u00e9t \u00e9s f\u00e9l \u00e9ve viszonylag sz\u0171k s\u00e1vban mozog, most ennek is k\u00f6zepe t\u00e1j\u00e1n j\u00e1r &#8211; k\u00f6z\u00f6lte a GKI Gazdas\u00e1gkutat\u00f3 Zrt.<\/strong><!--more--><\/p>\n<div class=\"ads-in-post1\"><div id=\"gazdasagportal.hu_fullbanner_wideboard\"><\/div>\r\n<\/div>\n<p>    Az Eur\u00f3pai Uni\u00f3 t\u00e1mogat\u00e1s\u00e1val k\u00e9sz\u00edtett felm\u00e9r\u00e9s szerint a konjunkt\u00faraindex az okt\u00f3beri m\u00ednusz 4,5 pontr\u00f3l m\u00ednusz 2,2 pontra javult, az \u00fczleti bizalmi index 1,0 pontr\u00f3l 2,8 pontra emelkedett, a fogyaszt\u00f3i bizalmi index pedig m\u00ednusz 20,3 pontr\u00f3l m\u00ednusz 16,5 pontra javult novemberben.<br \/>\n    Novemberben az \u00fczleti szf\u00e9r\u00e1n bel\u00fcl a kereskedelem kiv\u00e9tel\u00e9vel mindegyik \u00e1gazat bizalmi indexe emelkedett, igaz, az ipar\u00e9 csak keveset. Az iparban a termel\u00e9si kil\u00e1t\u00e1sok, a rendel\u00e9s\u00e1llom\u00e1ny &#8211; az exportot kiv\u00e9ve -, \u00e9s a k\u00e9szletek meg\u00edt\u00e9l\u00e9se egyar\u00e1nt kedvez\u0151bb lett, egyed\u00fcl az elm\u00falt id\u0151szak termel\u00e9s\u00e9nek meg\u00edt\u00e9l\u00e9se v\u00e1lt valamivel rosszabb\u00e1. A beruh\u00e1z\u00e1si sz\u00e1nd\u00e9k is er\u0151s\u00f6d\u00f6tt, f\u0151leg 2017-re.<br \/>\n    Az \u00e9p\u00edt\u0151ipari bizalmi index \u00e9rt\u00e9ke novemberben sz\u00e1mottev\u0151en n\u0151tt, s ezzel 14 havi cs\u00facs\u00e1ra jutott. A magas- \u00e9s a m\u00e9ly\u00e9p\u00edt\u0151 c\u00e9gek kil\u00e1t\u00e1sai is kedvez\u0151bb\u00e9 v\u00e1ltak. Az el\u0151z\u0151 h\u00e1romhavi termel\u00e9s meg\u00edt\u00e9l\u00e9se novemberben n\u00e9mileg, a rendel\u00e9s\u00e1llom\u00e1ny \u00e9rt\u00e9kel\u00e9se jelent\u0151sen javult az el\u0151z\u0151 h\u00f3naphoz k\u00e9pest.<br \/>\n    A kereskedelmi bizalmi index a szeptemberi szintre esett vissza. Az elad\u00e1si poz\u00edci\u00f3 \u00e9s a rendel\u00e9sek meg\u00edt\u00e9l\u00e9se egyar\u00e1nt romlott, a k\u00e9szletek\u00e9 viszont javult. A szolg\u00e1ltat\u00f3i bizalmi index emelked\u00e9s\u00e9ben f\u0151leg az \u00e1ltal\u00e1nos \u00fczletmenet javul\u00f3 meg\u00edt\u00e9l\u00e9s\u00e9nek volt szerepe.<br \/>\n    A foglalkoztat\u00e1si sz\u00e1nd\u00e9k k\u00fcl\u00f6n\u00f6sen az \u00e9p\u00edt\u0151iparban, de az iparban \u00e9s a szolg\u00e1ltat\u00f3 c\u00e9gek k\u00f6r\u00e9ben is kedvez\u0151bb\u00e9 v\u00e1lt, a kereskedelemben nem v\u00e1ltozott.<br \/>\n    Jelent\u0151sen cs\u00f6kkent a lakoss\u00e1g munkan\u00e9lk\u00fclis\u00e9gt\u0151l val\u00f3 f\u00e9lelme \u00e9s cs\u00f6kkent a fogyaszt\u00f3k infl\u00e1ci\u00f3s v\u00e1rakoz\u00e1sa.<br \/>\n    Az \u00e9rt\u00e9kes\u00edt\u00e9si \u00e1rak emelked\u00e9s\u00e9re sz\u00e1m\u00edt\u00f3k k\u00f6re a szolg\u00e1ltat\u00f3 szektor kiv\u00e9tel\u00e9vel minden \u00e1gazatban b\u0151v\u00fclt, de a termel\u0151k t\u00f6bbs\u00e9ge tov\u00e1bbra sem gondol \u00e1remel\u00e9sre.<br \/>\n    A magyar gazdas\u00e1g kil\u00e1t\u00e1sainak meg\u00edt\u00e9l\u00e9se az iparban kiss\u00e9 romlott, a t\u00f6bbi \u00e1gazatban &#8211; k\u00fcl\u00f6n\u00f6sen a kereskedelemben -, valamint a lakoss\u00e1g k\u00f6r\u00e9ben viszont javult.<br \/>\n    A GKI fogyaszt\u00f3i bizalmi index novemberben az okt\u00f3beri cs\u00f6kken\u00e9st k\u00f6vet\u0151en j\u00faliusi szintj\u00e9re emelkedett. A lakoss\u00e1g saj\u00e1t p\u00e9nz\u00fcgyi helyzet\u00e9nek k\u00f6vetkez\u0151 egy \u00e9v\u00e9t valamint v\u00e1rhat\u00f3 megtakar\u00edt\u00e1si k\u00e9pess\u00e9g\u00e9t is jobbnak \u00e9rezte, mint okt\u00f3berben.(MTI)<\/p>\n","protected":false},"excerpt":{"rendered":"<p>Novemberben az okt\u00f3beri h\u00e1rom\u00e9ves m\u00e9lypont ut\u00e1n tavaszi szintj\u00e9re er\u0151s\u00f6d\u00f6tt a GKI konjunkt\u00faraindexe, az \u00fczleti \u00e9s fogyaszt\u00f3i v\u00e1rakoz\u00e1sok is optimist\u00e1bbak lettek. A GKI konjunkt\u00faraindexe mintegy k\u00e9t \u00e9s f\u00e9l \u00e9ve viszonylag sz\u0171k s\u00e1vban mozog, most ennek is k\u00f6zepe t\u00e1j\u00e1n j\u00e1r &#8211; k\u00f6z\u00f6lte a GKI Gazdas\u00e1gkutat\u00f3 Zrt.<\/p>\n","protected":false},"author":1,"featured_media":0,"comment_status":"open","ping_status":"closed","sticky":false,"template":"","format":"standard","meta":[],"categories":[19],"tags":[],"_links":{"self":[{"href":"https:\/\/gazdasagportal.hu\/index.php\/wp-json\/wp\/v2\/posts\/86842"}],"collection":[{"href":"https:\/\/gazdasagportal.hu\/index.php\/wp-json\/wp\/v2\/posts"}],"about":[{"href":"https:\/\/gazdasagportal.hu\/index.php\/wp-json\/wp\/v2\/types\/post"}],"author":[{"embeddable":true,"href":"https:\/\/gazdasagportal.hu\/index.php\/wp-json\/wp\/v2\/users\/1"}],"replies":[{"embeddable":true,"href":"https:\/\/gazdasagportal.hu\/index.php\/wp-json\/wp\/v2\/comments?post=86842"}],"version-history":[{"count":1,"href":"https:\/\/gazdasagportal.hu\/index.php\/wp-json\/wp\/v2\/posts\/86842\/revisions"}],"predecessor-version":[{"id":86843,"href":"https:\/\/gazdasagportal.hu\/index.php\/wp-json\/wp\/v2\/posts\/86842\/revisions\/86843"}],"wp:attachment":[{"href":"https:\/\/gazdasagportal.hu\/index.php\/wp-json\/wp\/v2\/media?parent=86842"}],"wp:term":[{"taxonomy":"category","embeddable":true,"href":"https:\/\/gazdasagportal.hu\/index.php\/wp-json\/wp\/v2\/categories?post=86842"},{"taxonomy":"post_tag","embeddable":true,"href":"https:\/\/gazdasagportal.hu\/index.php\/wp-json\/wp\/v2\/tags?post=86842"}],"curies":[{"name":"wp","href":"https:\/\/api.w.org\/{rel}","templated":true}]}}