{"id":86840,"date":"2016-11-20T21:39:45","date_gmt":"2016-11-20T20:39:45","guid":{"rendered":"http:\/\/gazdasagportal.hu\/?p=86840"},"modified":"2016-11-20T21:39:45","modified_gmt":"2016-11-20T20:39:45","slug":"angela-merkel-hivatalosan-bejelentette-hogy-elindul-a-nemet-kancellari-tisztsegert-a-2017-es-valasztason","status":"publish","type":"post","link":"https:\/\/gazdasagportal.hu\/index.php\/angela-merkel-hivatalosan-bejelentette-hogy-elindul-a-nemet-kancellari-tisztsegert-a-2017-es-valasztason\/","title":{"rendered":"Angela Merkel hivatalosan bejelentette, hogy elindul a n\u00e9met kancell\u00e1ri tiszts\u00e9g\u00e9rt a 2017-es v\u00e1laszt\u00e1son"},"content":{"rendered":"<p><strong>Angela Merkel n\u00e9met kancell\u00e1r ism\u00e9t p\u00e1ly\u00e1zik a Kereszt\u00e9nydemokrata Uni\u00f3 (CDU) eln\u00f6ki tiszts\u00e9g\u00e9re, \u00e9s p\u00e1rtja kancell\u00e1rjel\u00f6ltjek\u00e9nt k\u00edv\u00e1n indulni a 2017-es \u0151szi parlamenti v\u00e1laszt\u00e1son &#8211; ezt a politikus hivatalosan is bejelentette vas\u00e1rnap este Berlinben.<\/strong><!--more--><\/p>\n<div class=\"ads-in-post1\"><div id=\"gazdasagportal.hu_fullbanner_wideboard\"><\/div>\r\n<\/div>\n<p>    A CDU vezet\u0151 test\u00fcleteinek tan\u00e1cskoz\u00e1sa ut\u00e1n tartott t\u00e1j\u00e9koztat\u00f3j\u00e1n Angela Merkel kiemelte, hogy &#8222;v\u00e9gtelen\u00fcl hosszan&#8221; m\u00e9rlegelte a d\u00f6nt\u00e9st, mert egy\u00e1ltal\u00e1n nem mag\u00e1t\u00f3l \u00e9rtet\u0151d\u0151 p\u00e1rtj\u00e1nak, haz\u00e1j\u00e1nak \u00e9s saj\u00e1t mag\u00e1nak, hogy 11 \u00e9v ut\u00e1n  folytatja munk\u00e1j\u00e1t.<br \/>\n    Mint mondta,  szeretn\u00e9 tov\u00e1bb szolg\u00e1lni haz\u00e1j\u00e1t \u00e9s p\u00e1rtj\u00e1t, akkor is, ha a sz\u00f6vets\u00e9gi parlamenti (Bundestag-) v\u00e1laszt\u00e1st felvezet\u0151 kamp\u00e1ny nagyon neh\u00e9z \u00e9s nagyon elt\u00e9r\u0151 lesz, mint az eddigiek. Neh\u00e9z lesz, mert er\u0151s\u00f6d\u00f6tt a t\u00e1rsadalom megosztotts\u00e1ga, \u00e9s a CDU-t a jobboldalr\u00f3l minden kor\u00e1bbin\u00e1l hevesebb t\u00e1mad\u00e1sok \u00e9rik, mik\u00f6zben nem sz\u0171nik a nyom\u00e1s a baloldalr\u00f3l sem. Elt\u00e9r\u0151 pedig az\u00e9rt lesz, mert az &#8222;\u0151r\u00fclt sebess\u00e9g\u0171&#8221; v\u00e1ltoz\u00e1sok miatt bizonytalann\u00e1 v\u00e1lt a vil\u00e1g, \u00e9s v\u00e1ls\u00e1gok sor\u00e1val kell egyszerre k\u00fczdeni, a digitaliz\u00e1ci\u00f3 r\u00e9v\u00e9n pedig \u00faj k\u00f6rnyezetben kell megv\u00edvni a v\u00e1laszt\u00e1si harcot.<br \/>\n    Angela Merkel kiemelte, hogy demokrat\u00e1khoz m\u00e9lt\u00f3 hangnemben k\u00edv\u00e1nja folytatni a v\u00e1laszt\u00e1si kamp\u00e1nyt, \u00e9s \u00fagy v\u00e9li, p\u00e1rtj\u00e1nak j\u00f3 es\u00e9lye van a gy\u0151zelemre, ha komolyan veszi az emberek aggodalmait, okos v\u00e1laszokat ad a kih\u00edv\u00e1sokra \u00e9s ki\u00e1ll \u00e9rt\u00e9kei mellett.<br \/>\n    Az eddigi eredm\u00e9nyek k\u00f6z\u00fcl kiemelte, hogy t\u00f6rt\u00e9nelmi m\u00e9lys\u00e9gbe s\u00fcllyedt a munkan\u00e9lk\u00fclis\u00e9g, az \u00e1llamh\u00e1ztart\u00e1sban az eg\u00e9sz ciklus alatt rendre t\u00f6bblet keletkezett \u00e9s nem kellett emelni az ad\u00f3kat.<br \/>\n    A politikus groteszknek \u00e9s abszurdnak nevezte a kancell\u00e1ri munk\u00e1ja folytat\u00e1s\u00e1val kapcsolatban az amerikai eln\u00f6kv\u00e1laszt\u00e1s \u00f3ta felfokozott v\u00e1rakoz\u00e1sokat. Senki sem tudja egyed\u00fcl &#8222;jobbra ford\u00edtani a dolgokat&#8221; a vil\u00e1gban, Eur\u00f3p\u00e1ban \u00e9s N\u00e9metorsz\u00e1gban. A politika az \u00e9rdekek egyeztet\u00e9s\u00e9r\u0151l, a kompromisszumokr\u00f3l \u00e9s a &#8222;sz\u00f3 szerint l\u00e9p\u00e9senk\u00e9nti el\u0151rehalad\u00e1sr\u00f3l&#8221; sz\u00f3l &#8211; mondta.<br \/>\n    K\u00e9rd\u00e9sre v\u00e1laszolva lesz\u00f6gezte, hogy a 2021-ig tart\u00f3 t\u00f6rv\u00e9nyhoz\u00e1si ciklus v\u00e9g\u00e9ig v\u00e1llaln\u00e1 a n\u00e9met korm\u00e1ny vezet\u00e9s\u00e9t.<br \/>\n    Hangs\u00falyozta, hogy a menek\u00fcltv\u00e1ls\u00e1g nem volt a d\u00f6nt\u00e9s\u00e9t nagyban meghat\u00e1roz\u00f3 t\u00e9nyez\u0151k k\u00f6z\u00f6tt, \u00e9s nem akar m\u00f3dos\u00edtani ir\u00e1nyvonal\u00e1n, ugyanolyan hozz\u00e1\u00e1ll\u00e1ssal akar dolgozni a n\u00e9met t\u00e1rsadalom \u00f6sszetart\u00e1s\u00e1nak meg\u0151rz\u00e9s\u00e9\u00e9rt, mint eddig. A k\u00f6vetkez\u0151 \u00e9vek legfontosabb feladat\u00e1nak az orsz\u00e1g felk\u00e9sz\u00edt\u00e9s\u00e9t nevezte a  digitaliz\u00e1ci\u00f3val megindult \u00e1talakul\u00e1sra, amely szavai szerint a k\u00f6nyvnyomtat\u00e1s feltal\u00e1l\u00e1s\u00e1hoz vagy a gy\u00e1ripar megjelen\u00e9s\u00e9hez foghat\u00f3an m\u00e9ly, alapvet\u0151 gazdas\u00e1gi, t\u00e1rsadalmi \u00e9s kultur\u00e1lis v\u00e1ltoz\u00e1sokhoz vezet. \u00cdgy p\u00e9ld\u00e1ul k\u00e9rd\u00e9ses, hogy az ipar tov\u00e1bbra is k\u00e9pes lesz-e 20 sz\u00e1zal\u00e9kkal hozz\u00e1j\u00e1rulni a hazai \u00f6sszterm\u00e9khez (GDP) &#8211; vetette fel Angela Merkel.<br \/>\n    A CDU \u00e9s a bajor testv\u00e9rp\u00e1rt, a Kereszt\u00e9nyszoci\u00e1lis Uni\u00f3 (CSU) k\u00f6z\u00f6tti, a menek\u00fcltv\u00e1ls\u00e1g sor\u00e1n fesz\u00fcltt\u00e9 v\u00e1lt viszonnyal kapcsolatban k\u00e9rd\u00e9sre v\u00e1laszolva azt mondta, hogy &#8222;a k\u00f6lcs\u00f6n\u00f6ss\u00e9g elve alapj\u00e1n&#8221; Horst Seehofer CSU-eln\u00f6k, bajor korm\u00e1nyf\u0151 nem vesz r\u00e9szt ugyan a CDU december 6-\u00e1n kezd\u0151d\u0151 k\u00e9tnapos esseni tiszt\u00faj\u00edt\u00f3 kongresszus\u00e1n, de a k\u00e9t p\u00e1rt 2017 elej\u00e9re k\u00f6z\u00f6s v\u00e1laszt\u00e1si programot alkot.<br \/>\n    Horst Seehofer \u00fcdv\u00f6z\u00f6lte Angela Merkel d\u00f6nt\u00e9s\u00e9t, m\u00fcncheni nyilatkozat\u00e1ban kiemelte: a testv\u00e9rp\u00e1rt vezet\u0151j\u00e9nek elhat\u00e1roz\u00e1sa nyom\u00e1n vil\u00e1goss\u00e1 v\u00e1lt a helyzet, a CDU \u00e9s a CSU \u00edgy tiszt\u00e1zhatja, hogy milyen t\u00e9m\u00e1kkal indulhatnak neki egy\u00fctt a v\u00e1laszt\u00e1si kamp\u00e1nynak, \u00e9s melyek lehetnek azok az \u00fcgyek, amelyekben a CSU m\u00e1s \u00e1ll\u00e1spontot k\u00e9pvisel.<br \/>\n    A koal\u00edci\u00f3s t\u00e1rs szoci\u00e1ldemokrat\u00e1k (SPD) \u00e9s az ellenz\u00e9ki Z\u00f6ldek r\u00e9sz\u00e9r\u0151l kiemelt\u00e9k: nem sz\u00e1m\u00edtanak arra, hogy Angela Merkel bejelent\u00e9s\u00e9vel v\u00e9get \u00e9r a CDU \u00e9s a CSU vit\u00e1ja, az ut\u00f3bbi h\u00f3napok pedig megmutatt\u00e1k, hogy Angela Merkel m\u00e1r nem &#8222;verhetetlen&#8221;.<br \/>\n    Angela Merkel 2000 \u00f3ta vezeti a CDU-t, eddig nyolcszor v\u00e1lasztott\u00e1k meg eln\u00f6knek. A kancell\u00e1ri tiszts\u00e9g\u00e9rt eddig h\u00e1romszor indult &#8211; 2005-ben, 2009-ben \u00e9s 2013-ban -, rendre el is nyerte a poz\u00edci\u00f3t, \u00e9s \u0151 a rangid\u0151s a nyugati demokr\u00e1ci\u00e1k korm\u00e1nyf\u0151inek k\u00f6r\u00e9ben.(MTI)<\/p>\n","protected":false},"excerpt":{"rendered":"<p>Angela Merkel n\u00e9met kancell\u00e1r ism\u00e9t p\u00e1ly\u00e1zik a Kereszt\u00e9nydemokrata Uni\u00f3 (CDU) eln\u00f6ki tiszts\u00e9g\u00e9re, \u00e9s p\u00e1rtja kancell\u00e1rjel\u00f6ltjek\u00e9nt k\u00edv\u00e1n indulni a 2017-es \u0151szi parlamenti v\u00e1laszt\u00e1son &#8211; ezt a politikus hivatalosan is bejelentette vas\u00e1rnap este Berlinben.<\/p>\n","protected":false},"author":1,"featured_media":0,"comment_status":"open","ping_status":"closed","sticky":false,"template":"","format":"standard","meta":[],"categories":[12],"tags":[],"_links":{"self":[{"href":"https:\/\/gazdasagportal.hu\/index.php\/wp-json\/wp\/v2\/posts\/86840"}],"collection":[{"href":"https:\/\/gazdasagportal.hu\/index.php\/wp-json\/wp\/v2\/posts"}],"about":[{"href":"https:\/\/gazdasagportal.hu\/index.php\/wp-json\/wp\/v2\/types\/post"}],"author":[{"embeddable":true,"href":"https:\/\/gazdasagportal.hu\/index.php\/wp-json\/wp\/v2\/users\/1"}],"replies":[{"embeddable":true,"href":"https:\/\/gazdasagportal.hu\/index.php\/wp-json\/wp\/v2\/comments?post=86840"}],"version-history":[{"count":1,"href":"https:\/\/gazdasagportal.hu\/index.php\/wp-json\/wp\/v2\/posts\/86840\/revisions"}],"predecessor-version":[{"id":86841,"href":"https:\/\/gazdasagportal.hu\/index.php\/wp-json\/wp\/v2\/posts\/86840\/revisions\/86841"}],"wp:attachment":[{"href":"https:\/\/gazdasagportal.hu\/index.php\/wp-json\/wp\/v2\/media?parent=86840"}],"wp:term":[{"taxonomy":"category","embeddable":true,"href":"https:\/\/gazdasagportal.hu\/index.php\/wp-json\/wp\/v2\/categories?post=86840"},{"taxonomy":"post_tag","embeddable":true,"href":"https:\/\/gazdasagportal.hu\/index.php\/wp-json\/wp\/v2\/tags?post=86840"}],"curies":[{"name":"wp","href":"https:\/\/api.w.org\/{rel}","templated":true}]}}