{"id":86834,"date":"2016-11-20T14:46:43","date_gmt":"2016-11-20T13:46:43","guid":{"rendered":"http:\/\/gazdasagportal.hu\/?p=86834"},"modified":"2016-11-20T14:46:43","modified_gmt":"2016-11-20T13:46:43","slug":"karokat-okozott-angliaban-a-teli-viharszezon-elso-orkanja","status":"publish","type":"post","link":"https:\/\/gazdasagportal.hu\/index.php\/karokat-okozott-angliaban-a-teli-viharszezon-elso-orkanja\/","title":{"rendered":"K\u00e1rokat okozott Angli\u00e1ban a t\u00e9li viharszezon els\u0151 ork\u00e1nja"},"content":{"rendered":"<p><strong>Jelent\u0151s k\u00e1rokat okozott D\u00e9l-Angli\u00e1ban a t\u00e9li viharszezon els\u0151 nagyobb ork\u00e1nja. A vihar Franciaorsz\u00e1g \u00e9szaknyugati vid\u00e9kein is v\u00e9gigs\u00f6p\u00f6rt.<\/strong><!--more--><\/p>\n<div class=\"ads-in-post1\"><div id=\"gazdasagportal.hu_fullbanner_wideboard\"><\/div>\r\n<\/div>\n<p>    Az Angus n\u00e9vre keresztelt vihar az els\u0151 az idei \u0151szi-t\u00e9li szezonban, amelyet a brit meteorol\u00f3gia n\u00e9vvel l\u00e1tott el. A h\u00e1rom \u00e9ve bevezetett elnevez\u00e9si rendszer alapj\u00e1n a szolg\u00e1lat ezt olyankor teszi meg, ha a vihar el\u00e9g er\u0151s ahhoz, hogy komolyabb k\u00e1rokat okozzon.<br \/>\n    A meteorol\u00f3giai szolg\u00e1lat vas\u00e1rnap d\u00e9lut\u00e1n ismertetett adatai szerint a d\u00e9lkelet-angliai partok el\u0151tt 170, a sz\u00e1razf\u00f6ld\u00f6n 110-130 kilom\u00e9teres \u00f3r\u00e1nk\u00e9nti sebess\u00e9g\u0171 sz\u00e9ll\u00f6k\u00e9seket m\u00e9rtek. Mindezt \u00f6z\u00f6nv\u00edzszer\u0171 es\u0151z\u00e9sek k\u00eds\u00e9rt\u00e9k.<br \/>\n    A meteorol\u00f3gia eg\u00e9sz vas\u00e1rnapra riaszt\u00e1sokat adott ki a d\u00e9l-angliai partvid\u00e9kre, a kenti kompkik\u00f6t\u0151k t\u00e9rs\u00e9g\u00e9re \u00e9s Londonra az \u00fajabb er\u0151s sz\u00e9ll\u00f6k\u00e9sek lehet\u0151s\u00e9ge miatt, b\u00e1r a vihar d\u00e9lut\u00e1nra a partokt\u00f3l t\u00e1volabbi t\u00e9rs\u00e9gekben m\u00e1r j\u00f3r\u00e9szt elcsendesedett.<br \/>\n    A vil\u00e1g legforgalmasabb kompkik\u00f6t\u0151j\u00e9ben, Doverben f\u00e9l napig sz\u00fcnetelt a kompk\u00f6zleked\u00e9s, de vas\u00e1rnap d\u00e9lut\u00e1n \u00fajraindult a forgalom.<br \/>\n    A d\u00e9li tengerparti telep\u00fcl\u00e9seken ezern\u00e9l t\u00f6bb lak\u00f3ingatlan maradt \u00e1ram n\u00e9lk\u00fcl, a sz\u00e9l f\u00e1kat, \u00e9p\u00fclet\u00e1llv\u00e1nyokat d\u00f6nt\u00f6tt parkol\u00f3 j\u00e1rm\u0171vekre, \u00e9s sok helyen a tenger megrong\u00e1lta vagy \u00e1tt\u00f6rte a viharg\u00e1takat.<br \/>\n    A d\u00e9lkelet-angliai partok el\u0151tt egy 200 m\u00e9ter hossz\u00fa teherhaj\u00f3t az ork\u00e1n egy usz\u00e1lynak sodort. S\u00e9r\u00fcl\u00e9s nem t\u00f6rt\u00e9nt, de a haj\u00f3 leg\u00e9nys\u00e9g\u00e9nek kimenek\u00edt\u00e9se m\u00e9g vas\u00e1rnap d\u00e9lut\u00e1n is tartott az er\u0151s sz\u00e9lben.<br \/>\n    A vihar \u00e9rintette a szemk\u00f6zti francia partvid\u00e9ket is, ahol a hat\u00f3s\u00e1gok el\u0151zetes vas\u00e1rnapi becsl\u00e9se szerint 40 ezer lak\u00e1s maradt \u00e1ramszolg\u00e1ltat\u00e1s n\u00e9lk\u00fcl.(MTI)<\/p>\n","protected":false},"excerpt":{"rendered":"<p>Jelent\u0151s k\u00e1rokat okozott D\u00e9l-Angli\u00e1ban a t\u00e9li viharszezon els\u0151 nagyobb ork\u00e1nja. A vihar Franciaorsz\u00e1g \u00e9szaknyugati vid\u00e9kein is v\u00e9gigs\u00f6p\u00f6rt.<\/p>\n","protected":false},"author":1,"featured_media":0,"comment_status":"open","ping_status":"closed","sticky":false,"template":"","format":"standard","meta":[],"categories":[12],"tags":[],"_links":{"self":[{"href":"https:\/\/gazdasagportal.hu\/index.php\/wp-json\/wp\/v2\/posts\/86834"}],"collection":[{"href":"https:\/\/gazdasagportal.hu\/index.php\/wp-json\/wp\/v2\/posts"}],"about":[{"href":"https:\/\/gazdasagportal.hu\/index.php\/wp-json\/wp\/v2\/types\/post"}],"author":[{"embeddable":true,"href":"https:\/\/gazdasagportal.hu\/index.php\/wp-json\/wp\/v2\/users\/1"}],"replies":[{"embeddable":true,"href":"https:\/\/gazdasagportal.hu\/index.php\/wp-json\/wp\/v2\/comments?post=86834"}],"version-history":[{"count":1,"href":"https:\/\/gazdasagportal.hu\/index.php\/wp-json\/wp\/v2\/posts\/86834\/revisions"}],"predecessor-version":[{"id":86835,"href":"https:\/\/gazdasagportal.hu\/index.php\/wp-json\/wp\/v2\/posts\/86834\/revisions\/86835"}],"wp:attachment":[{"href":"https:\/\/gazdasagportal.hu\/index.php\/wp-json\/wp\/v2\/media?parent=86834"}],"wp:term":[{"taxonomy":"category","embeddable":true,"href":"https:\/\/gazdasagportal.hu\/index.php\/wp-json\/wp\/v2\/categories?post=86834"},{"taxonomy":"post_tag","embeddable":true,"href":"https:\/\/gazdasagportal.hu\/index.php\/wp-json\/wp\/v2\/tags?post=86834"}],"curies":[{"name":"wp","href":"https:\/\/api.w.org\/{rel}","templated":true}]}}