{"id":86828,"date":"2016-11-20T10:10:55","date_gmt":"2016-11-20T09:10:55","guid":{"rendered":"http:\/\/gazdasagportal.hu\/?p=86828"},"modified":"2016-11-20T10:10:55","modified_gmt":"2016-11-20T09:10:55","slug":"evi-20-25-szazalekos-bovulesre-szamit-a-magyar-kommunikacios-piac-uj-szereploje","status":"publish","type":"post","link":"https:\/\/gazdasagportal.hu\/index.php\/evi-20-25-szazalekos-bovulesre-szamit-a-magyar-kommunikacios-piac-uj-szereploje\/","title":{"rendered":"\u00c9vi 20-25 sz\u00e1zal\u00e9kos b\u0151v\u00fcl\u00e9sre sz\u00e1m\u00edt a magyar kommunik\u00e1ci\u00f3s piac \u00faj szerepl\u0151je"},"content":{"rendered":"<p><strong>J\u00f6v\u0151re 300-500 ezer eur\u00f3s forgalommal, ezt k\u00f6vet\u0151en \u00e9vi 20-25 sz\u00e1zal\u00e9kos \u00e1rbev\u00e9tel-n\u00f6veked\u00e9ssel sz\u00e1mol a Centrade Cheil region\u00e1lis, integr\u00e1lt kommunik\u00e1ci\u00f3s \u00fcgyn\u00f6ks\u00e9g, amely a napokban nyitotta meg magyarorsz\u00e1gi irod\u00e1j\u00e1t &#8211; t\u00e1j\u00e9koztatta a c\u00e9g az MTI-t.<\/strong><!--more--><\/p>\n<div class=\"ads-in-post1\"><div id=\"gazdasagportal.hu_fullbanner_wideboard\"><\/div>\r\n<\/div>\n<p>    A c\u00e9gcsoportnak vil\u00e1gszerte 330 alkalmazottja van, a magyar piacon az els\u0151 \u00e9vben 10-15 munkat\u00e1rssal kezdi m\u0171k\u00f6d\u00e9s\u00e9t. \u00dcgyf\u00e9lk\u00f6r\u00e9nek dinamikus n\u00f6veked\u00e9s\u00e9re, az \u00e1llami szektorb\u00f3l \u00e9s a versenyszf\u00e9r\u00e1b\u00f3l sz\u00e1rmaz\u00f3 megrendel\u00e9sekre egyar\u00e1nt sz\u00e1m\u00edt &#8211; k\u00f6z\u00f6lt\u00e9k.<br \/>\n    A t\u00e1j\u00e9koztat\u00e1s szerint a l\u00e9p\u00e9s a Centrade Integrated \u00e9s Cheil Worldwide c\u00e9gek k\u00f6z\u00f6tt 2016. \u00e9v elej\u00e9n l\u00e9trej\u00f6tt, a k\u00f6z\u00e9p- \u00e9s d\u00e9lkelet-eur\u00f3pai t\u00e9rs\u00e9gre kiterjed\u0151 strat\u00e9giai egy\u00fcttm\u0171k\u00f6d\u00e9s \u00fajabb \u00e1llom\u00e1sa. A c\u00e9gcsoport 10 orsz\u00e1gban m\u0171k\u00f6dik integr\u00e1lt \u00fcgyn\u00f6ks\u00e9gk\u00e9nt. \u00dcgyfelei k\u00f6z\u00f6tt a P&#038;G, a Raiffeisen Bank, a Mondelez, a Toyota, a VISA, a Rompetrol \u00e9s a REWE is megtal\u00e1lhat\u00f3. A c\u00e9gcsoport idei becs\u00fclt \u00e1rbev\u00e9tele meghaladja a 8 milli\u00f3 eur\u00f3t.<br \/>\n    Az \u00fcgyn\u00f6ks\u00e9g b\u00e1zisa a Centrade Integrated, amely 20 \u00e9ven kereszt\u00fcl a Saatchi &#038; Saatchi, majd azt k\u00f6vet\u0151en egy \u00e9ven \u00e1t Rom\u00e1nia egyik vezet\u0151 f\u00fcggetlen \u00fcgyn\u00f6ks\u00e9gek\u00e9nt m\u0171k\u00f6d\u00f6tt.(MTI)<\/p>\n","protected":false},"excerpt":{"rendered":"<p>J\u00f6v\u0151re 300-500 ezer eur\u00f3s forgalommal, ezt k\u00f6vet\u0151en \u00e9vi 20-25 sz\u00e1zal\u00e9kos \u00e1rbev\u00e9tel-n\u00f6veked\u00e9ssel sz\u00e1mol a Centrade Cheil region\u00e1lis, integr\u00e1lt kommunik\u00e1ci\u00f3s \u00fcgyn\u00f6ks\u00e9g, amely a napokban nyitotta meg magyarorsz\u00e1gi irod\u00e1j\u00e1t &#8211; t\u00e1j\u00e9koztatta a c\u00e9g az MTI-t.<\/p>\n","protected":false},"author":1,"featured_media":0,"comment_status":"open","ping_status":"closed","sticky":false,"template":"","format":"standard","meta":[],"categories":[19],"tags":[],"_links":{"self":[{"href":"https:\/\/gazdasagportal.hu\/index.php\/wp-json\/wp\/v2\/posts\/86828"}],"collection":[{"href":"https:\/\/gazdasagportal.hu\/index.php\/wp-json\/wp\/v2\/posts"}],"about":[{"href":"https:\/\/gazdasagportal.hu\/index.php\/wp-json\/wp\/v2\/types\/post"}],"author":[{"embeddable":true,"href":"https:\/\/gazdasagportal.hu\/index.php\/wp-json\/wp\/v2\/users\/1"}],"replies":[{"embeddable":true,"href":"https:\/\/gazdasagportal.hu\/index.php\/wp-json\/wp\/v2\/comments?post=86828"}],"version-history":[{"count":1,"href":"https:\/\/gazdasagportal.hu\/index.php\/wp-json\/wp\/v2\/posts\/86828\/revisions"}],"predecessor-version":[{"id":86829,"href":"https:\/\/gazdasagportal.hu\/index.php\/wp-json\/wp\/v2\/posts\/86828\/revisions\/86829"}],"wp:attachment":[{"href":"https:\/\/gazdasagportal.hu\/index.php\/wp-json\/wp\/v2\/media?parent=86828"}],"wp:term":[{"taxonomy":"category","embeddable":true,"href":"https:\/\/gazdasagportal.hu\/index.php\/wp-json\/wp\/v2\/categories?post=86828"},{"taxonomy":"post_tag","embeddable":true,"href":"https:\/\/gazdasagportal.hu\/index.php\/wp-json\/wp\/v2\/tags?post=86828"}],"curies":[{"name":"wp","href":"https:\/\/api.w.org\/{rel}","templated":true}]}}