{"id":86824,"date":"2016-11-20T04:34:34","date_gmt":"2016-11-20T03:34:34","guid":{"rendered":"http:\/\/gazdasagportal.hu\/?p=86824"},"modified":"2016-11-19T21:36:04","modified_gmt":"2016-11-19T20:36:04","slug":"ismet-javasolja-a-kemiai-kasztracio-bevezeteset-a-jobbik","status":"publish","type":"post","link":"https:\/\/gazdasagportal.hu\/index.php\/ismet-javasolja-a-kemiai-kasztracio-bevezeteset-a-jobbik\/","title":{"rendered":"Ism\u00e9t javasolja a k\u00e9miai kasztr\u00e1ci\u00f3 bevezet\u00e9s\u00e9t a Jobbik"},"content":{"rendered":"<p><strong>A j\u00f6v\u0151 h\u00e9ten ism\u00e9t kezdem\u00e9nyezi a Jobbik, hogy a b\u00fcntet\u0151 t\u00f6rv\u00e9nyk\u00f6nyv m\u00f3dos\u00edt\u00e1s\u00e1val teremts\u00e9k meg a k\u00e9miai kasztr\u00e1ci\u00f3 lehet\u0151s\u00e9g\u00e9t a gyermekek elleni szexu\u00e1lis b\u0171ncselekm\u00e9nyek elk\u00f6vet\u0151i eset\u00e9ben &#8211; k\u00f6z\u00f6lte D\u00far\u00f3 D\u00f3ra, a p\u00e1rt frakci\u00f3vezet\u0151-helyettese szombaton \u00fajs\u00e1g\u00edr\u00f3k el\u0151tt Budapesten.<\/strong><!--more--><\/p>\n<div class=\"ads-in-post1\"><div id=\"gazdasagportal.hu_fullbanner_wideboard\"><\/div>\r\n<\/div>\n<p>    Elmond\u00e1sa szerint azt szeretn\u00e9k el\u00e9rni, hogy az ilyen cselekm\u00e9nyekben el\u0151sz\u00f6r elmarasztaltak \u00f6nk\u00e9ntesen vethess\u00e9k al\u00e1 magukat az elj\u00e1r\u00e1snak, a visszaes\u0151k sz\u00e1m\u00e1ra pedig tegy\u00e9k azt k\u00f6telez\u0151v\u00e9.<br \/>\n    A politikus hangs\u00falyozta, hogy az ilyen cselekm\u00e9nyek eset\u00e9ben nagyon magas a visszaes\u0151k ar\u00e1nya, mik\u00f6zben k\u00fcl\u00f6nleges v\u00e9delmet kell kapniuk a gyerekeknek.<br \/>\n    Nyitottak vagyunk arra, hogy ha azt szakmai \u00e9rvek \u00e9s indokok al\u00e1t\u00e1masztj\u00e1k, sz\u00e9lesebb k\u00f6rre is kiterjessz\u00fck ezt &#8211; k\u00f6z\u00f6lte a politikus az MTI azon k\u00e9rd\u00e9s\u00e9re, hogy a feln\u0151ttek elleni szexu\u00e1lis cselekm\u00e9nyekre is kiterjeszten\u00e9k-e az int\u00e9zked\u00e9st.<br \/>\n    Hangs\u00falyozta: az el\u0151z\u0151 \u00e9s a mostani ciklusban is kezdem\u00e9nyezt\u00e9k m\u00e1r ezt a m\u00f3dos\u00edt\u00e1st. &#8222;Most adunk egy harmadik lehet\u0151s\u00e9get a Fidesz-KDNP-t\u00f6bbs\u00e9gnek, hogy ne csak a szavak szintj\u00e9n, hanem a jogszab\u00e1lyok szintj\u00e9n is, val\u00f3ban v\u00e9dj\u00fck ezeket a t\u00e1rsadalmilag kiszolg\u00e1ltatott csoportokat&#8221; &#8211; mondta a Jobbik frakci\u00f3vezet\u0151-helyettese.(MTI)<\/p>\n","protected":false},"excerpt":{"rendered":"<p>A j\u00f6v\u0151 h\u00e9ten ism\u00e9t kezdem\u00e9nyezi a Jobbik, hogy a b\u00fcntet\u0151 t\u00f6rv\u00e9nyk\u00f6nyv m\u00f3dos\u00edt\u00e1s\u00e1val teremts\u00e9k meg a k\u00e9miai kasztr\u00e1ci\u00f3 lehet\u0151s\u00e9g\u00e9t a gyermekek elleni szexu\u00e1lis b\u0171ncselekm\u00e9nyek elk\u00f6vet\u0151i eset\u00e9ben &#8211; k\u00f6z\u00f6lte D\u00far\u00f3 D\u00f3ra, a p\u00e1rt frakci\u00f3vezet\u0151-helyettese szombaton \u00fajs\u00e1g\u00edr\u00f3k el\u0151tt Budapesten.<\/p>\n","protected":false},"author":1,"featured_media":0,"comment_status":"open","ping_status":"closed","sticky":false,"template":"","format":"standard","meta":[],"categories":[4],"tags":[],"_links":{"self":[{"href":"https:\/\/gazdasagportal.hu\/index.php\/wp-json\/wp\/v2\/posts\/86824"}],"collection":[{"href":"https:\/\/gazdasagportal.hu\/index.php\/wp-json\/wp\/v2\/posts"}],"about":[{"href":"https:\/\/gazdasagportal.hu\/index.php\/wp-json\/wp\/v2\/types\/post"}],"author":[{"embeddable":true,"href":"https:\/\/gazdasagportal.hu\/index.php\/wp-json\/wp\/v2\/users\/1"}],"replies":[{"embeddable":true,"href":"https:\/\/gazdasagportal.hu\/index.php\/wp-json\/wp\/v2\/comments?post=86824"}],"version-history":[{"count":1,"href":"https:\/\/gazdasagportal.hu\/index.php\/wp-json\/wp\/v2\/posts\/86824\/revisions"}],"predecessor-version":[{"id":86825,"href":"https:\/\/gazdasagportal.hu\/index.php\/wp-json\/wp\/v2\/posts\/86824\/revisions\/86825"}],"wp:attachment":[{"href":"https:\/\/gazdasagportal.hu\/index.php\/wp-json\/wp\/v2\/media?parent=86824"}],"wp:term":[{"taxonomy":"category","embeddable":true,"href":"https:\/\/gazdasagportal.hu\/index.php\/wp-json\/wp\/v2\/categories?post=86824"},{"taxonomy":"post_tag","embeddable":true,"href":"https:\/\/gazdasagportal.hu\/index.php\/wp-json\/wp\/v2\/tags?post=86824"}],"curies":[{"name":"wp","href":"https:\/\/api.w.org\/{rel}","templated":true}]}}