{"id":86811,"date":"2016-11-19T16:20:11","date_gmt":"2016-11-19T15:20:11","guid":{"rendered":"http:\/\/gazdasagportal.hu\/?p=86811"},"modified":"2016-11-19T12:21:03","modified_gmt":"2016-11-19T11:21:03","slug":"elindult-az-europai-hulladekcsokkentesi-het","status":"publish","type":"post","link":"https:\/\/gazdasagportal.hu\/index.php\/elindult-az-europai-hulladekcsokkentesi-het\/","title":{"rendered":"Elindult az Eur\u00f3pai Hullad\u00e9kcs\u00f6kkent\u00e9si H\u00e9t"},"content":{"rendered":"<p><strong>Id\u00e9n \u00f6t\u00f6dik alkalommal vesz r\u00e9szt Magyarorsz\u00e1g az Eur\u00f3pai Hullad\u00e9kcs\u00f6kkent\u00e9si H\u00e9ten, a november 19 \u00e9s 27 k\u00f6z\u00f6tt k\u00f6z\u00f6tt zajl\u00f3 rendezv\u00e9ny a csomagol\u00e1si hullad\u00e9kok mennyis\u00e9g\u00e9nek cs\u00f6kkent\u00e9s\u00e9t helyezi a k\u00f6z\u00e9ppontba &#8211; k\u00f6z\u00f6lte a rendezv\u00e9ny szervez\u0151je az OKTF Nemzeti Hullad\u00e9kgazd\u00e1lkod\u00e1si Igazgat\u00f3s\u00e1g (NHI)  az MTI-vel. <\/strong><!--more--><\/p>\n<div class=\"ads-in-post1\"><div id=\"gazdasagportal.hu_fullbanner_wideboard\"><\/div>\r\n<\/div>\n<p>     A csomagol\u00e1si hullad\u00e9k n\u00f6vekv\u0151 mennyis\u00e9ge Magyarorsz\u00e1gon is probl\u00e9ma, b\u00e1r az Eur\u00f3pai Uni\u00f3 ter\u00fclet\u00e9n az egy emberre jut\u00f3 \u00e9vi 158 kilogramm elmarad a magyarorsz\u00e1gi 103 kilogrammos \u00e1tlagt\u00f3l. E hullad\u00e9kfajta nagy r\u00e9sze a v\u00e1s\u00e1rl\u00e1sok sor\u00e1n ker\u00fcl a h\u00e1ztart\u00e1sokba.<br \/>\n    Az Eur\u00f3pai Hullad\u00e9kcs\u00f6kkent\u00e9si H\u00e9ten a programokra jelentkezett \u00f6nk\u00e9ntesek saj\u00e1t \u00f6tleteik megval\u00f3s\u00edt\u00e1s\u00e1val a hullad\u00e9kkeletkez\u00e9s megel\u0151z\u00e9s\u00e9nek, a keletkezett mennyis\u00e9g cs\u00f6kkent\u00e9s\u00e9nek, a term\u00e9kek \u00fajrahaszn\u00e1lat\u00e1nak, valamint az anyagok \u00fajrahasznos\u00edt\u00e1s\u00e1nak fontoss\u00e1g\u00e1t hangs\u00falyozz\u00e1k.<br \/>\n    Az Eur\u00f3pai Hullad\u00e9kcs\u00f6kkent\u00e9si Hetet az Eur\u00f3pai Bizotts\u00e1g LIFE+ programja keret\u00e9ben szervezik 2009 \u00f3ta. A program kiemelt c\u00e9lja a j\u00f3 gyakorlatok felkutat\u00e1sa, bemutat\u00e1sa, n\u00e9pszer\u0171s\u00edt\u00e9se, a k\u00f6z\u00f6ss\u00e9gek t\u00e1rsadalmi felel\u0151ss\u00e9gv\u00e1llal\u00e1s\u00e1nak mozg\u00f3s\u00edt\u00e1sa.<br \/>\n    A szervez\u0151k a program v\u00e9g\u00e9ig, november 27-ig v\u00e1rj\u00e1k az Eur\u00f3pai Hullad\u00e9kcs\u00f6kkent\u00e9si H\u00e9thez kapcsol\u00f3d\u00f3 www.vallalom.eu fel\u00fcleten a m\u00e1r megl\u00e9v\u0151 hullad\u00e9kcs\u00f6kkent\u00e9st c\u00e9lz\u00f3 v\u00e1llal\u00e1sokhoz csatlakoz\u00f3kat.<br \/>\n    Az OKTF Nemzeti Hullad\u00e9kgazd\u00e1lkod\u00e1si Igazgat\u00f3s\u00e1g kor\u00e1bbi k\u00f6zl\u00e9se szerint a hullad\u00e9kcs\u00f6kkent\u00e9si h\u00e9thez csatlakozhat \u00e1llamigazgat\u00e1si szerv, egyes\u00fclet, civil szervezet, gazd\u00e1lkod\u00f3, ipari szervezet, oktat\u00e1si int\u00e9zm\u00e9ny, mag\u00e1nszem\u00e9ly, valamint egy\u00e9b szervezet, p\u00e9ld\u00e1ul egyh\u00e1z, k\u00f3rh\u00e1z vagy kultur\u00e1lis k\u00f6zpont is.(MTI)<\/p>\n","protected":false},"excerpt":{"rendered":"<p>Id\u00e9n \u00f6t\u00f6dik alkalommal vesz r\u00e9szt Magyarorsz\u00e1g az Eur\u00f3pai Hullad\u00e9kcs\u00f6kkent\u00e9si H\u00e9ten, a november 19 \u00e9s 27 k\u00f6z\u00f6tt k\u00f6z\u00f6tt zajl\u00f3 rendezv\u00e9ny a csomagol\u00e1si hullad\u00e9kok mennyis\u00e9g\u00e9nek cs\u00f6kkent\u00e9s\u00e9t helyezi a k\u00f6z\u00e9ppontba &#8211; k\u00f6z\u00f6lte a rendezv\u00e9ny szervez\u0151je az OKTF Nemzeti Hullad\u00e9kgazd\u00e1lkod\u00e1si Igazgat\u00f3s\u00e1g (NHI) az MTI-vel.<\/p>\n","protected":false},"author":1,"featured_media":0,"comment_status":"open","ping_status":"closed","sticky":false,"template":"","format":"standard","meta":[],"categories":[19],"tags":[],"_links":{"self":[{"href":"https:\/\/gazdasagportal.hu\/index.php\/wp-json\/wp\/v2\/posts\/86811"}],"collection":[{"href":"https:\/\/gazdasagportal.hu\/index.php\/wp-json\/wp\/v2\/posts"}],"about":[{"href":"https:\/\/gazdasagportal.hu\/index.php\/wp-json\/wp\/v2\/types\/post"}],"author":[{"embeddable":true,"href":"https:\/\/gazdasagportal.hu\/index.php\/wp-json\/wp\/v2\/users\/1"}],"replies":[{"embeddable":true,"href":"https:\/\/gazdasagportal.hu\/index.php\/wp-json\/wp\/v2\/comments?post=86811"}],"version-history":[{"count":1,"href":"https:\/\/gazdasagportal.hu\/index.php\/wp-json\/wp\/v2\/posts\/86811\/revisions"}],"predecessor-version":[{"id":86812,"href":"https:\/\/gazdasagportal.hu\/index.php\/wp-json\/wp\/v2\/posts\/86811\/revisions\/86812"}],"wp:attachment":[{"href":"https:\/\/gazdasagportal.hu\/index.php\/wp-json\/wp\/v2\/media?parent=86811"}],"wp:term":[{"taxonomy":"category","embeddable":true,"href":"https:\/\/gazdasagportal.hu\/index.php\/wp-json\/wp\/v2\/categories?post=86811"},{"taxonomy":"post_tag","embeddable":true,"href":"https:\/\/gazdasagportal.hu\/index.php\/wp-json\/wp\/v2\/tags?post=86811"}],"curies":[{"name":"wp","href":"https:\/\/api.w.org\/{rel}","templated":true}]}}