{"id":86807,"date":"2016-11-19T12:18:26","date_gmt":"2016-11-19T11:18:26","guid":{"rendered":"http:\/\/gazdasagportal.hu\/?p=86807"},"modified":"2016-11-19T12:18:26","modified_gmt":"2016-11-19T11:18:26","slug":"folytatodjanak-az-adocsokkentesek-a-beremelesert","status":"publish","type":"post","link":"https:\/\/gazdasagportal.hu\/index.php\/folytatodjanak-az-adocsokkentesek-a-beremelesert\/","title":{"rendered":"Folytat\u00f3djanak az ad\u00f3cs\u00f6kkent\u00e9sek a b\u00e9remel\u00e9s\u00e9rt!"},"content":{"rendered":"<p><strong>A korm\u00e1nyp\u00e1rti frakci\u00f3k t\u00e1mogatj\u00e1k, hogy folytat\u00f3djanak az ad\u00f3cs\u00f6kkent\u00e9sek a b\u00e9remel\u00e9s\u00e9rt &#8211; mondta Hollik Istv\u00e1n (KDNP) orsz\u00e1ggy\u0171l\u00e9si k\u00e9pvisel\u0151 szombaton Budapesten, sajt\u00f3t\u00e1j\u00e9koztat\u00f3n.<\/strong><!--more--><\/p>\n<div class=\"ads-in-post1\"><div id=\"gazdasagportal.hu_fullbanner_wideboard\"><\/div>\r\n<\/div>\n<p>    Ami\u00f3ta az ad\u00f3k cs\u00f6kkennek, Magyarorsz\u00e1g er\u0151s\u00f6dik, a gazdas\u00e1g tart\u00f3s n\u00f6veked\u00e9si p\u00e1ly\u00e1n van, a k\u00f6lts\u00e9gvet\u00e9st a korm\u00e1ny konszolid\u00e1lta, egyre t\u00f6bb embernek van munkahelye, a foglalkoztatotts\u00e1g \u00e9s a b\u00e9rek is emelkednek &#8211; jelentette ki a politikus, k\u00fcl\u00f6n\u00f6sen fontosnak nevezve, hogy emelj\u00e9k a minim\u00e1lb\u00e9rt, ami minden \u00f6t\u00f6dik munkav\u00e1llal\u00f3t \u00e9rint.<br \/>\n    &#8222;Az a tapasztalatunk&#8221;, hogy ha a minim\u00e1lb\u00e9r n\u0151, akkor az \u00e1ltal\u00e1nos b\u00e9rsz\u00ednvonal is emelkedni fog &#8211; mondta a politikus, utalva arra, hogy 2010 \u00f3ta 73 500 forintr\u00f3l 111 ezer forintra n\u0151tt a minim\u00e1lb\u00e9r, amelyet minden \u00e9vben emeltek.<br \/>\n    A k\u00e9pvisel\u0151 &#8211; felid\u00e9zve, hogy a korm\u00e1nyzat hetek \u00f3ta t\u00e1rgyal a szoci\u00e1lis partnerekkel, de ezek az egyeztet\u00e9sek egyel\u0151re nem vezettek eredm\u00e9nyre &#8211; arr\u00f3l besz\u00e9lt: arra k\u00e9rik a korm\u00e1nyt, hogy folytassa a t\u00e1rgyal\u00e1sokat annak \u00e9rdek\u00e9ben, hogy jelent\u0151s b\u00e9remel\u00e9s val\u00f3sulhasson meg j\u00f6v\u0151re \u00e9s 2018-ban is.<br \/>\n    Felid\u00e9zte: 2017-t\u0151l Eur\u00f3pa legalacsonyabb t\u00e1rsas\u00e1gi ad\u00f3kulcs\u00e1t vezethetik be Magyarorsz\u00e1gon, hiszen a korm\u00e1ny tudat\u00e1ban van annak, hogy a versenyszf\u00e9ra b\u00e9remel\u00e9s\u00e9t ezzel az eszk\u00f6zzel seg\u00edtheti a legink\u00e1bb; ezzel azt \u00e1ll\u00edtotta szembe, hogy a baloldali korm\u00e1nyok alatt &#8222;sorozatos ad\u00f3emel\u00e9seket hajtottak v\u00e9gre&#8221;.<br \/>\n    Ezzel szemben a Fidesz-KDNP mindig az ad\u00f3cs\u00f6kkent\u00e9s p\u00e1rtj\u00e1n \u00e1llt, mert az ad\u00f3cs\u00f6kkent\u00e9s politik\u00e1j\u00e1val t\u00f6bb p\u00e9nz marad az emberekn\u00e9l, \u00e9s a v\u00e1llalkoz\u00e1sok is el\u0151bbre l\u00e9phetnek &#8211; fogalmazott Hollik Istv\u00e1n, sorolva a 2010 \u00f3ta eltelt id\u0151szak ad\u00f3cs\u00f6kkent\u00e9seit.<br \/>\n    A lehet\u0151 legnagyobb m\u00e9rt\u00e9k\u0171 b\u00e9remel\u00e9st c\u00e9lk\u00e9nt eml\u00edtve Hollik Istv\u00e1n jelezte: arra k\u00e9rik a korm\u00e1nyzatot \u00e9s a v\u00e1llalkoz\u00e1sokat, hogy &#8222;menjenek el a falig ebben a k\u00e9rd\u00e9sben&#8221;, de olyan m\u00f3don, hogy a megn\u00f6vekedett b\u00e9rek m\u00e9g kigazd\u00e1lkodhat\u00f3ak legyenek, \u00edgy ne ker\u00fclj\u00f6n vesz\u00e9lybe c\u00e9gek m\u0171k\u00f6d\u00e9se vagy munkahely.<br \/>\n    A k\u00e9pvisel\u0151 el\u00e9rend\u0151 c\u00e9lnak nevezte azt is, hogy a k\u00f6zszf\u00e9ra ut\u00e1n a versenyszf\u00e9r\u00e1ban is jelent\u0151s b\u00e9remel\u00e9s t\u00f6rt\u00e9njen, s egy k\u00e9rd\u00e9sre v\u00e1laszolva utalt arra, hogy az elm\u00falt hat esztend\u0151ben a Fidesz-KDNP gazdas\u00e1gpolitik\u00e1j\u00e1t mindig meg\u00e1llapod\u00e1sokra, megegyez\u00e9sekre alapozta, &#8222;nem szeretn\u00e9nk let\u00e9rni err\u0151l az \u00fatr\u00f3l&#8221;.(MTI)<\/p>\n","protected":false},"excerpt":{"rendered":"<p>A korm\u00e1nyp\u00e1rti frakci\u00f3k t\u00e1mogatj\u00e1k, hogy folytat\u00f3djanak az ad\u00f3cs\u00f6kkent\u00e9sek a b\u00e9remel\u00e9s\u00e9rt &#8211; mondta Hollik Istv\u00e1n (KDNP) orsz\u00e1ggy\u0171l\u00e9si k\u00e9pvisel\u0151 szombaton Budapesten, sajt\u00f3t\u00e1j\u00e9koztat\u00f3n.<\/p>\n","protected":false},"author":1,"featured_media":0,"comment_status":"open","ping_status":"closed","sticky":false,"template":"","format":"standard","meta":[],"categories":[19],"tags":[],"_links":{"self":[{"href":"https:\/\/gazdasagportal.hu\/index.php\/wp-json\/wp\/v2\/posts\/86807"}],"collection":[{"href":"https:\/\/gazdasagportal.hu\/index.php\/wp-json\/wp\/v2\/posts"}],"about":[{"href":"https:\/\/gazdasagportal.hu\/index.php\/wp-json\/wp\/v2\/types\/post"}],"author":[{"embeddable":true,"href":"https:\/\/gazdasagportal.hu\/index.php\/wp-json\/wp\/v2\/users\/1"}],"replies":[{"embeddable":true,"href":"https:\/\/gazdasagportal.hu\/index.php\/wp-json\/wp\/v2\/comments?post=86807"}],"version-history":[{"count":1,"href":"https:\/\/gazdasagportal.hu\/index.php\/wp-json\/wp\/v2\/posts\/86807\/revisions"}],"predecessor-version":[{"id":86808,"href":"https:\/\/gazdasagportal.hu\/index.php\/wp-json\/wp\/v2\/posts\/86807\/revisions\/86808"}],"wp:attachment":[{"href":"https:\/\/gazdasagportal.hu\/index.php\/wp-json\/wp\/v2\/media?parent=86807"}],"wp:term":[{"taxonomy":"category","embeddable":true,"href":"https:\/\/gazdasagportal.hu\/index.php\/wp-json\/wp\/v2\/categories?post=86807"},{"taxonomy":"post_tag","embeddable":true,"href":"https:\/\/gazdasagportal.hu\/index.php\/wp-json\/wp\/v2\/tags?post=86807"}],"curies":[{"name":"wp","href":"https:\/\/api.w.org\/{rel}","templated":true}]}}