{"id":86805,"date":"2016-11-19T11:49:08","date_gmt":"2016-11-19T10:49:08","guid":{"rendered":"http:\/\/gazdasagportal.hu\/?p=86805"},"modified":"2016-11-19T11:49:08","modified_gmt":"2016-11-19T10:49:08","slug":"merkel-elkotelezett-a-hatalom-irant","status":"publish","type":"post","link":"https:\/\/gazdasagportal.hu\/index.php\/merkel-elkotelezett-a-hatalom-irant\/","title":{"rendered":"Merkel elk\u00f6telezett a hatalom ir\u00e1nt"},"content":{"rendered":"<p><strong>Angela Merkel kancell\u00e1r &#8222;nagyon elk\u00f6telezett a hatalom ir\u00e1nt&#8221;, ez\u00e9rt nagy a val\u00f3sz\u00edn\u0171s\u00e9ge, hogy bejelenti, \u00fajra v\u00e1llaln\u00e1 a jel\u00f6lts\u00e9get a j\u00f6v\u0151 \u00e9vi v\u00e1laszt\u00e1sokon &#8211; mondta Gall\u00f3 B\u00e9la politol\u00f3gus szombat reggel az M1 aktu\u00e1lis csatorn\u00e1n.<\/strong><!--more--><\/p>\n<div class=\"ads-in-post1\"><div id=\"gazdasagportal.hu_fullbanner_wideboard\"><\/div>\r\n<\/div>\n<p>    A szak\u00e9rt\u0151 hangs\u00falyozta: Merkelnek a saj\u00e1t p\u00e1rtj\u00e1n &#8211; a kereszt\u00e9nydemokrata CDU-n &#8211; \u00e9s a koal\u00edci\u00f3s partner szoci\u00e1ldemokrata p\u00e1rton (SPD) bel\u00fcl sincs igazi kih\u00edv\u00f3ja.<br \/>\n    Hozz\u00e1tette, hogy az egyik lehets\u00e9ges ellenfele, Frank-Walter Steinmeier n\u00e9met k\u00fcl\u00fcgyminiszter sem jelent fenyeget\u00e9st, hiszen \u00e9ppen szerd\u00e1n jel\u00f6lt\u00e9k a n\u00e9met sz\u00f6vets\u00e9gi eln\u00f6ki tiszts\u00e9gre.<br \/>\n    &#8222;Merkelnek az a szerencs\u00e9je (&#8230;), hogy nincs k\u00f6r\u00f6n k\u00edv\u00fcli, teh\u00e1t a hatalmi eliten k\u00edv\u00fcli kih\u00edv\u00f3ja&#8221; &#8211; hangs\u00falyozta.(MTI)<\/p>\n","protected":false},"excerpt":{"rendered":"<p>Angela Merkel kancell\u00e1r &#8222;nagyon elk\u00f6telezett a hatalom ir\u00e1nt&#8221;, ez\u00e9rt nagy a val\u00f3sz\u00edn\u0171s\u00e9ge, hogy bejelenti, \u00fajra v\u00e1llaln\u00e1 a jel\u00f6lts\u00e9get a j\u00f6v\u0151 \u00e9vi v\u00e1laszt\u00e1sokon &#8211; mondta Gall\u00f3 B\u00e9la politol\u00f3gus szombat reggel az M1 aktu\u00e1lis csatorn\u00e1n.<\/p>\n","protected":false},"author":1,"featured_media":0,"comment_status":"open","ping_status":"closed","sticky":false,"template":"","format":"standard","meta":[],"categories":[12],"tags":[],"_links":{"self":[{"href":"https:\/\/gazdasagportal.hu\/index.php\/wp-json\/wp\/v2\/posts\/86805"}],"collection":[{"href":"https:\/\/gazdasagportal.hu\/index.php\/wp-json\/wp\/v2\/posts"}],"about":[{"href":"https:\/\/gazdasagportal.hu\/index.php\/wp-json\/wp\/v2\/types\/post"}],"author":[{"embeddable":true,"href":"https:\/\/gazdasagportal.hu\/index.php\/wp-json\/wp\/v2\/users\/1"}],"replies":[{"embeddable":true,"href":"https:\/\/gazdasagportal.hu\/index.php\/wp-json\/wp\/v2\/comments?post=86805"}],"version-history":[{"count":1,"href":"https:\/\/gazdasagportal.hu\/index.php\/wp-json\/wp\/v2\/posts\/86805\/revisions"}],"predecessor-version":[{"id":86806,"href":"https:\/\/gazdasagportal.hu\/index.php\/wp-json\/wp\/v2\/posts\/86805\/revisions\/86806"}],"wp:attachment":[{"href":"https:\/\/gazdasagportal.hu\/index.php\/wp-json\/wp\/v2\/media?parent=86805"}],"wp:term":[{"taxonomy":"category","embeddable":true,"href":"https:\/\/gazdasagportal.hu\/index.php\/wp-json\/wp\/v2\/categories?post=86805"},{"taxonomy":"post_tag","embeddable":true,"href":"https:\/\/gazdasagportal.hu\/index.php\/wp-json\/wp\/v2\/tags?post=86805"}],"curies":[{"name":"wp","href":"https:\/\/api.w.org\/{rel}","templated":true}]}}