{"id":86801,"date":"2016-11-19T07:19:23","date_gmt":"2016-11-19T06:19:23","guid":{"rendered":"http:\/\/gazdasagportal.hu\/?p=86801"},"modified":"2016-11-18T23:21:11","modified_gmt":"2016-11-18T22:21:11","slug":"megerositette-a-magyar-allamados-besorolast-a-fitch-ratings","status":"publish","type":"post","link":"https:\/\/gazdasagportal.hu\/index.php\/megerositette-a-magyar-allamados-besorolast-a-fitch-ratings\/","title":{"rendered":"Meger\u0151s\u00edtette a magyar \u00e1llamad\u00f3s-besorol\u00e1st a Fitch Ratings"},"content":{"rendered":"<p><a href=\"https:\/\/gazdasagportal.hu\/wp-content\/uploads\/2014\/10\/fitch.jpg\"><img decoding=\"async\" loading=\"lazy\" src=\"https:\/\/gazdasagportal.hu\/wp-content\/uploads\/2014\/10\/fitch.jpg\" alt=\"fitch\" width=\"600\" height=\"338\" class=\"aligncenter size-full wp-image-47693\" srcset=\"https:\/\/gazdasagportal.hu\/wp-content\/uploads\/2014\/10\/fitch.jpg 600w, https:\/\/gazdasagportal.hu\/wp-content\/uploads\/2014\/10\/fitch-300x169.jpg 300w\" sizes=\"(max-width: 600px) 100vw, 600px\" \/><\/a><br \/>\n<strong>Meger\u0151s\u00edtette v\u00e1ltozatlan stabil kil\u00e1t\u00e1ssal Magyarorsz\u00e1g \u00e1llamad\u00f3s-besorol\u00e1s\u00e1t p\u00e9nteken a Fitch Ratings.<\/strong><!--more--><\/p>\n<div class=\"ads-in-post1\"><div id=\"gazdasagportal.hu_fullbanner_wideboard\"><\/div>\r\n<\/div>\n<p>    A deviz\u00e1ban \u00e9s forintban kibocs\u00e1tott hossz\u00fa futamidej\u0171 szuver\u00e9n magyar ad\u00f3ss\u00e1g oszt\u00e1lyzata a hitelmin\u0151s\u00edt\u0151 p\u00e9ntek esti londoni bejelent\u00e9se alapj\u00e1n tov\u00e1bbra is &#8222;BBB m\u00ednusz&#8221;. Ez a befektet\u00e9si aj\u00e1nl\u00e1s\u00fa kateg\u00f3ria alapszintje.<br \/>\n    A Fitch meger\u0151s\u00edtette &#8222;A m\u00ednusz&#8221; szinten a magyar gazdas\u00e1gban honos kereskedelmi ad\u00f3sok besorol\u00e1si orsz\u00e1gplafonj\u00e1t, valamint a deviz\u00e1ban \u00e9s forintban fenn\u00e1ll\u00f3 r\u00f6vid futamidej\u0171 magyar ad\u00f3ss\u00e1g\u00e1llom\u00e1ny &#8222;F3&#8221; min\u0151s\u00edt\u00e9s\u00e9t is.<br \/>\n    A Fitch Ratings p\u00e9nteki fel\u00fclvizsg\u00e1lat\u00e1val befejez\u0151d\u00f6tt a magyar \u00e1llamad\u00f3ss\u00e1g hitelmin\u0151s\u00edt\u0151i elb\u00edr\u00e1l\u00e1sainak idei programja, a h\u00e1rom piacvezet\u0151 nemzetk\u00f6zi hitelmin\u0151s\u00edt\u0151 vizsg\u00e1lati menetrendjeiben ugyanis Magyarorsz\u00e1g az \u00e9v h\u00e1tral\u00e9v\u0151 r\u00e9sz\u00e9ben m\u00e1r nem szerepel.<br \/>\n    A Fitch az el\u0151z\u0151 fel\u00fclvizsg\u00e1lati id\u0151pontban, m\u00e1jus 20-\u00e1n &#8211; a h\u00e1rom nagy hitelmin\u0151s\u00edt\u0151 k\u00f6z\u00fcl els\u0151k\u00e9nt &#8211; emelte vissza a magyar \u00e1llamad\u00f3s-oszt\u00e1lyzatot a befektet\u00e9sre aj\u00e1nlott s\u00e1vba. E d\u00f6nt\u00e9s\u00e9t annak idej\u00e9n azzal indokolta, hogy komoly m\u00e9rt\u00e9kben javult Magyarorsz\u00e1g k\u00fcls\u0151 fizet\u00e9si egyens\u00falyi helyzete, \u00e9s enyh\u00fclt a magyar gazdas\u00e1g s\u00e9r\u00fcl\u00e9kenys\u00e9ge.<br \/>\n    Az\u00f3ta a m\u00e1sik k\u00e9t nagy hitelmin\u0151s\u00edt\u0151 is m\u00e1r a befektet\u00e9sre aj\u00e1nlott s\u00e1vban tartja nyilv\u00e1n Magyarorsz\u00e1got, azonos oszt\u00e1lyzattal \u00e9s egyar\u00e1nt stabil kil\u00e1t\u00e1ssal. A Standard &#038; Poor&#8217;s szeptemberben, a Moody&#8217;s Investors Service k\u00e9t hete emelte vissza ebbe a s\u00e1vba a magyar besorol\u00e1st.<br \/>\n    A magyar \u00e1llamad\u00f3s-oszt\u00e1lyzat p\u00e9nteki meger\u0151s\u00edt\u00e9s\u00e9hez f\u0171z\u00f6tt londoni elemz\u00e9s\u00e9ben a Fitch Ratings kiemelte, hogy az oszt\u00e1lyzat meghat\u00e1roz\u00f3 t\u00e9nyez\u0151i k\u00f6z\u00f6tt van Magyarorsz\u00e1g EU-tags\u00e1ga, az er\u0151teljes korm\u00e1nyzati m\u00e9r\u0151sz\u00e1nok \u00e9s az egy f\u0151re jut\u00f3 magas hazai \u00f6sszterm\u00e9k (GDP).<br \/>\n    A Fitch hangs\u00falyozta azt is, hogy az elm\u00falt \u00e9vek foly\u00f3m\u00e9rleg-t\u00f6bbletei hozz\u00e1j\u00e1rultak a k\u00fcls\u0151 ad\u00f3ss\u00e1g\u00e1llom\u00e1ny cs\u00f6kken\u00e9s\u00e9hez. A hitelmin\u0151s\u00edt\u0151 szerint ugyanakkor a magyar szuver\u00e9n ad\u00f3sbesorol\u00e1s korl\u00e1toz\u00f3 t\u00e9nyez\u0151i k\u00f6z\u00f6tt van a m\u00e9g mindig magas \u00e1llamad\u00f3ss\u00e1g-r\u00e1ta.<br \/>\n    A Fitch Ratings el\u0151rejelz\u00e9se szerint az \u00e1llamad\u00f3ss\u00e1g az id\u00e9n a hazai \u00f6sszterm\u00e9k 74 sz\u00e1zal\u00e9ka lesz, j\u00f3llehet a c\u00e9g \u00e1ltal a &#8222;BBB&#8221; kateg\u00f3ri\u00e1ba sorolt szuver\u00e9n ad\u00f3sok medi\u00e1n\u00e9rt\u00e9ke 40 sz\u00e1zal\u00e9k.<br \/>\n    A besorol\u00e1st korl\u00e1toz\u00f3 t\u00e9nyez\u0151k k\u00f6z\u00f6tt eml\u00edtette a Fitch a bankszektor gyenges\u00e9g\u00e9t, valamint az elm\u00falt id\u0151szak unortodox gazdas\u00e1gpolitik\u00e1j\u00e1t, amely a hitelmin\u0151s\u00edt\u0151 v\u00e9lem\u00e9nye szerint a mag\u00e1nszektor alacsony beruh\u00e1z\u00e1si aktivit\u00e1s\u00e1nak egyik oka, \u00e9s hat\u00e1ssal volt a magyar gazdas\u00e1g n\u00f6veked\u00e9si potenci\u00e1lj\u00e1ra is.<br \/>\n    Az oszt\u00e1lyzati meger\u0151s\u00edt\u00e9shez f\u0171z\u00f6tt elemz\u00e9s\u00e9ben a Fitch az idei \u00e9v eg\u00e9sz\u00e9re 2,1 sz\u00e1zal\u00e9kos n\u00f6veked\u00e9st val\u00f3sz\u00edn\u0171s\u00edtett a magyar gazdas\u00e1gban, &#8222;nyomottnak&#8221; nevezve ezt a n\u00f6veked\u00e9si \u00fctemet a hasonl\u00f3 besorol\u00e1s\u00fa gazdas\u00e1gok\u00e9hoz viszony\u00edtva.<br \/>\n    A hitelmin\u0151s\u00edt\u0151 szerint a v\u00e1rhat\u00f3 idei lassul\u00e1s okai k\u00f6z\u00f6tt van, hogy kevesebb EU-forr\u00e1s jutott \u00e1llami beruh\u00e1z\u00e1sokra.<br \/>\n    A j\u00f6v\u0151re kezd\u0151d\u0151 \u00faj EU-finansz\u00edroz\u00e1si ciklus n\u00f6vekv\u0151 foly\u00f3s\u00edt\u00e1sai azonban Fitch Ratings el\u0151rejelz\u00e9se szerint 2,6 sz\u00e1zal\u00e9kra gyors\u00edtj\u00e1k a magyar gazdas\u00e1g n\u00f6veked\u00e9si \u00fctem\u00e9t. A hazai keresletnek emellett j\u00f3t tesz majd a javul\u00f3 munkapiaci helyzet, valamint az \u00f6szt\u00f6nz\u0151 alap\u00e1ll\u00e1s\u00fa monet\u00e1ris \u00e9s k\u00f6lts\u00e9gvet\u00e9si politika &#8211; \u00e1ll a Fitch p\u00e9nteki londoni elemz\u00e9s\u00e9ben.<br \/>\n    A hitelmin\u0151s\u00edt\u0151 2017-re 2,4 sz\u00e1zal\u00e9kos, 2018-ra 2,2 sz\u00e1zal\u00e9kos GDP-ar\u00e1nyos \u00e1llamh\u00e1ztart\u00e1si hi\u00e1nyt j\u00f3sol az idei \u00e9vre \u00e1ltala v\u00e1rt 1,7 sz\u00e1zal\u00e9kos deficit ut\u00e1n.<br \/>\n    A Fitch Ratings v\u00e9lem\u00e9nye szerint az uni\u00f3s deficitkorl\u00e1t \u00e9s az ad\u00f3ss\u00e1gcs\u00f6kkent\u00e9sre vonatkoz\u00f3 magyar t\u00f6rv\u00e9nyi szab\u00e1lyoz\u00e1s enyh\u00edti a k\u00f6lts\u00e9gvet\u00e9si elcs\u00fasz\u00e1s kock\u00e1zat\u00e1t a 2018-as v\u00e1laszt\u00e1sok el\u0151tt.<br \/>\n    A c\u00e9g azzal sz\u00e1mol, hogy az \u00e1llamad\u00f3ss\u00e1g-r\u00e1ta 2018-ra fokozatosan 71,4 sz\u00e1zal\u00e9kra cs\u00f6kken az idei \u00e9vre v\u00e1rt 74,7 sz\u00e1zal\u00e9kr\u00f3l.<br \/>\n    Az \u00e1llamad\u00f3ss\u00e1g refinansz\u00edroz\u00e1sa most m\u00e1r kev\u00e9sb\u00e9 van kit\u00e9ve a glob\u00e1lis p\u00e9nz\u00fcgyi k\u00f6rnyezet v\u00e1ltoz\u00e1sainak, mivel mark\u00e1nsan cs\u00f6kkent a nem rezidens befektet\u0151k kez\u00e9n l\u00e9v\u0151 ad\u00f3ss\u00e1gh\u00e1nyad a teljes \u00e1llom\u00e1nyon bel\u00fcl &#8211; \u00e1ll a Fitch elemz\u00e9s\u00e9ben.<br \/>\n    A c\u00e9g hangs\u00falyozza, hogy az elm\u00falt \u00e9vek magas foly\u00f3m\u00e9rlegt\u00f6bbletei \u00e9s az EU-foly\u00f3s\u00edt\u00e1sok gyors \u00fctemben cs\u00f6kkentett\u00e9k a nett\u00f3 k\u00fcls\u0151 ad\u00f3ss\u00e1got, amely az idei m\u00e1sodik negyed\u00e9vben &#8211; a c\u00e9g saj\u00e1t sz\u00e1m\u00edt\u00e1si m\u00f3dszertana alapj\u00e1n &#8211; a hazai \u00f6sszterm\u00e9k 25,9 sz\u00e1zal\u00e9ka volt a 2012-ben m\u00e9rt 73 sz\u00e1zal\u00e9k ut\u00e1n.<br \/>\n    A bankad\u00f3 csaknem a fel\u00e9vel cs\u00f6kkent az id\u00e9n, \u00e9s enyh\u00fclt a bankszektort kedvez\u0151tlen\u00fcl \u00e9rint\u0151 \u00fajabb szakpolitikai beavatkoz\u00e1sok kock\u00e1zata is &#8211; hangs\u00falyozz\u00e1k a Fitch londoni elemz\u0151i.<br \/>\n    A hitelmin\u0151s\u00edt\u0151 k\u00f6z\u00f6lte: a migr\u00e1ci\u00f3s politik\u00e1ban felmer\u00fclt n\u00e9zetelt\u00e9r\u00e9sek ellen\u00e9re sem sz\u00e1m\u00edt arra, hogy tart\u00f3san romlana Magyarorsz\u00e1g viszonya az EU-partnerekkel.(MTI)<\/p>\n","protected":false},"excerpt":{"rendered":"<p>Meger\u0151s\u00edtette v\u00e1ltozatlan stabil kil\u00e1t\u00e1ssal Magyarorsz\u00e1g \u00e1llamad\u00f3s-besorol\u00e1s\u00e1t p\u00e9nteken a Fitch Ratings.<\/p>\n","protected":false},"author":1,"featured_media":47693,"comment_status":"open","ping_status":"closed","sticky":false,"template":"","format":"standard","meta":[],"categories":[146,19],"tags":[],"_links":{"self":[{"href":"https:\/\/gazdasagportal.hu\/index.php\/wp-json\/wp\/v2\/posts\/86801"}],"collection":[{"href":"https:\/\/gazdasagportal.hu\/index.php\/wp-json\/wp\/v2\/posts"}],"about":[{"href":"https:\/\/gazdasagportal.hu\/index.php\/wp-json\/wp\/v2\/types\/post"}],"author":[{"embeddable":true,"href":"https:\/\/gazdasagportal.hu\/index.php\/wp-json\/wp\/v2\/users\/1"}],"replies":[{"embeddable":true,"href":"https:\/\/gazdasagportal.hu\/index.php\/wp-json\/wp\/v2\/comments?post=86801"}],"version-history":[{"count":1,"href":"https:\/\/gazdasagportal.hu\/index.php\/wp-json\/wp\/v2\/posts\/86801\/revisions"}],"predecessor-version":[{"id":86802,"href":"https:\/\/gazdasagportal.hu\/index.php\/wp-json\/wp\/v2\/posts\/86801\/revisions\/86802"}],"wp:featuredmedia":[{"embeddable":true,"href":"https:\/\/gazdasagportal.hu\/index.php\/wp-json\/wp\/v2\/media\/47693"}],"wp:attachment":[{"href":"https:\/\/gazdasagportal.hu\/index.php\/wp-json\/wp\/v2\/media?parent=86801"}],"wp:term":[{"taxonomy":"category","embeddable":true,"href":"https:\/\/gazdasagportal.hu\/index.php\/wp-json\/wp\/v2\/categories?post=86801"},{"taxonomy":"post_tag","embeddable":true,"href":"https:\/\/gazdasagportal.hu\/index.php\/wp-json\/wp\/v2\/tags?post=86801"}],"curies":[{"name":"wp","href":"https:\/\/api.w.org\/{rel}","templated":true}]}}