{"id":86799,"date":"2016-11-19T04:44:43","date_gmt":"2016-11-19T03:44:43","guid":{"rendered":"http:\/\/gazdasagportal.hu\/?p=86799"},"modified":"2016-11-18T23:18:24","modified_gmt":"2016-11-18T22:18:24","slug":"marosvasarhelyen-a-magyarsag-megfelemlitese-zajlik","status":"publish","type":"post","link":"https:\/\/gazdasagportal.hu\/index.php\/marosvasarhelyen-a-magyarsag-megfelemlitese-zajlik\/","title":{"rendered":"Marosv\u00e1s\u00e1rhelyen a magyars\u00e1g megf\u00e9leml\u00edt\u00e9se zajlik"},"content":{"rendered":"<p><strong>Solt\u00e9sz Mikl\u00f3s szerint Marosv\u00e1s\u00e1rhelyen a R\u00f3mai Katolikus Gimn\u00e1zium l\u00e9trehoz\u00e1sa miatt ind\u00edtott korrupci\u00f3ellenes elj\u00e1r\u00e1s r\u00e9v\u00e9n a magyars\u00e1g megf\u00e9leml\u00edt\u00e9se zajlik. <\/strong><!--more--><\/p>\n<div class=\"ads-in-post1\"><div id=\"gazdasagportal.hu_fullbanner_wideboard\"><\/div>\r\n<\/div>\n<p>    Az Emberi Er\u0151forr\u00e1sok Miniszt\u00e9rium\u00e1nak az egyh\u00e1zi, nemzetis\u00e9gi \u00e9s civil t\u00e1rsadalmi kapcsolatok\u00e9rt felel\u0151s \u00e1llamtitk\u00e1ra minderr\u0151l Sepsiszentgy\u00f6rgy\u00f6n besz\u00e9lt egy p\u00e9ntek d\u00e9lel\u0151tti sajt\u00f3t\u00e1j\u00e9koztat\u00f3n, amelyet Kulcs\u00e1r Terza J\u00f3zsef k\u00e9pvisel\u0151jel\u00f6lttel, a Magyar Polg\u00e1ri P\u00e1rt (MPP) Kov\u00e1szna megyei szervezet\u00e9nek eln\u00f6k\u00e9vel k\u00f6z\u00f6sen tartott.<br \/>\n    Az \u00e1llamtitk\u00e1r \u00e1ltal\u00e1ban helyesnek tal\u00e1lta a korrupci\u00f3 \u00fcld\u00f6z\u00e9s\u00e9t, azoknak a leleplez\u00e9s\u00e9t, akik t\u00f6rv\u00e9nytelen eszk\u00f6z\u00f6kkel szereznek vagyont, de \u00fagy v\u00e9lte: &#8222;le lehet b\u00e9n\u00edtani egy \u00f6nkorm\u00e1nyzatot, le lehet b\u00e9n\u00edtani egy orsz\u00e1got, ha mindenki retteg&#8221;, \u00e9s a felel\u0151s\u00f6k nem merik al\u00e1\u00edrni a k\u00f6zbeszerz\u00e9si d\u00f6nt\u00e9seket.<br \/>\n    Az \u00e1llamtitk\u00e1r t\u00f6bbek k\u00f6z\u00f6tt ez\u00e9rt is tartotta rendk\u00edv\u00fcl fontosnak, hogy a Rom\u00e1niai Magyar Demokrata Sz\u00f6vets\u00e9g (RMDSZ) \u00e9s az MPP k\u00f6z\u00f6sen indulnak a v\u00e1laszt\u00e1sokon. Megjegyezte: K\u00e1rp\u00e1talj\u00e1n \u00e9s a D\u00e9lvid\u00e9ken eredm\u00e9nyes volt az \u00f6sszefog\u00e1s, \u00e9s rem\u00e9nyei szerint Erd\u00e9lyben is az lesz. \u00dagy v\u00e9lte, Magyarorsz\u00e1gnak egyre jobbak a k\u00e9toldal\u00fa kapcsolatai Szlov\u00e1ki\u00e1val \u00e9s Szerbi\u00e1val, \u00e9s ennek k\u00f6vetkezt\u00e9ben az ott \u00e9l\u0151 magyarok helyzete is javult. Fontosnak tartotta a kapcsolatteremt\u00e9st a rom\u00e1n politik\u00e1val \u00e9s a rom\u00e1n egyh\u00e1zakkal is, hogy az ottani magyars\u00e1gr\u00f3l is &#8222;leker\u00fclj\u00f6n a teher&#8221;.<br \/>\n    Solt\u00e9sz Mikl\u00f3s azt is megeml\u00edtette, hogy Magyarorsz\u00e1g nem teherk\u00e9nt, hanem sokkal ink\u00e1bb az orsz\u00e1got \u00e9p\u00edt\u0151 k\u00f6z\u00f6ss\u00e9gekk\u00e9nt tekint az ott \u00e9l\u0151 nemzetis\u00e9gekre. Hozz\u00e1tette: az elm\u00falt hat \u00e9v sor\u00e1n k\u00e9t \u00e9s f\u00e9lszeres\u00e9re emelt\u00e9k a magyarorsz\u00e1gi nemzetis\u00e9gek t\u00e1mogat\u00e1s\u00e1t. Nyomat\u00e9kos\u00edtotta: fontosnak tartj\u00e1k, hogy a magyarorsz\u00e1gi rom\u00e1ns\u00e1g meg\u0151rizze nemzeti identit\u00e1s\u00e1t, mert ezzel Magyarorsz\u00e1got er\u0151s\u00edti. &#8222;Rem\u00e9lj\u00fck, hogy ezt Rom\u00e1nia is fontosnak tartja&#8221; &#8211; jelentette ki az \u00e1llamtitk\u00e1r.<br \/>\n    Kulcs\u00e1r Terza J\u00f3zsef, az RMDSZ \u00e9s az MPP k\u00f6z\u00f6s k\u00e9pvisel\u0151jel\u00f6ltje k\u00f6sz\u00f6netet mondott az \u00e1llamtitk\u00e1rnak az anyaorsz\u00e1gi t\u00e1mogat\u00e1s\u00e9rt, \u00e9s megjegyezte, hogy rem\u00e9nyei szerint elj\u00f6n az id\u0151, amikor az erd\u00e9lyi magyars\u00e1g meg tudja h\u00e1l\u00e1lni az anyaorsz\u00e1g t\u00f6r\u0151d\u00e9s\u00e9t. A politikus a nemzeti \u00fcgyekben val\u00f3 \u00f6sszefog\u00e1s fontoss\u00e1g\u00e1t hangs\u00falyozta. Megjegyezte: m\u00e9g ha h\u00e9tk\u00f6znap m\u00e1s-m\u00e1s p\u00f3l\u00f3t is viselnek, olykor fel kell \u00f6lteni a nemzeti mezt.<br \/>\n    A sajt\u00f3t\u00e1j\u00e9koztat\u00f3n elhangzott: Solt\u00e9sz Mikl\u00f3s az erd\u00e9lyi magyar egyh\u00e1zak helyi k\u00e9pvisel\u0151ivel tal\u00e1lkozik H\u00e1romsz\u00e9ken, \u00e9s a magyar korm\u00e1ny p\u00e1ly\u00e1zati forr\u00e1sair\u00f3l t\u00e1j\u00e9koztatja \u0151ket. Az \u00e1llamtitk\u00e1r szombaton Gyimesfels\u0151lokra utazik, ahol r\u00e9szt vesz az \u00c1rp\u00e1d-h\u00e1zi Szent Erzs\u00e9bet Gimn\u00e1zium Szent Erzs\u00e9bet napi \u00fcnneps\u00e9g\u00e9n.(MTI)<\/p>\n","protected":false},"excerpt":{"rendered":"<p>Solt\u00e9sz Mikl\u00f3s szerint Marosv\u00e1s\u00e1rhelyen a R\u00f3mai Katolikus Gimn\u00e1zium l\u00e9trehoz\u00e1sa miatt ind\u00edtott korrupci\u00f3ellenes elj\u00e1r\u00e1s r\u00e9v\u00e9n a magyars\u00e1g megf\u00e9leml\u00edt\u00e9se zajlik.<\/p>\n","protected":false},"author":1,"featured_media":0,"comment_status":"open","ping_status":"closed","sticky":false,"template":"","format":"standard","meta":[],"categories":[4],"tags":[],"_links":{"self":[{"href":"https:\/\/gazdasagportal.hu\/index.php\/wp-json\/wp\/v2\/posts\/86799"}],"collection":[{"href":"https:\/\/gazdasagportal.hu\/index.php\/wp-json\/wp\/v2\/posts"}],"about":[{"href":"https:\/\/gazdasagportal.hu\/index.php\/wp-json\/wp\/v2\/types\/post"}],"author":[{"embeddable":true,"href":"https:\/\/gazdasagportal.hu\/index.php\/wp-json\/wp\/v2\/users\/1"}],"replies":[{"embeddable":true,"href":"https:\/\/gazdasagportal.hu\/index.php\/wp-json\/wp\/v2\/comments?post=86799"}],"version-history":[{"count":1,"href":"https:\/\/gazdasagportal.hu\/index.php\/wp-json\/wp\/v2\/posts\/86799\/revisions"}],"predecessor-version":[{"id":86800,"href":"https:\/\/gazdasagportal.hu\/index.php\/wp-json\/wp\/v2\/posts\/86799\/revisions\/86800"}],"wp:attachment":[{"href":"https:\/\/gazdasagportal.hu\/index.php\/wp-json\/wp\/v2\/media?parent=86799"}],"wp:term":[{"taxonomy":"category","embeddable":true,"href":"https:\/\/gazdasagportal.hu\/index.php\/wp-json\/wp\/v2\/categories?post=86799"},{"taxonomy":"post_tag","embeddable":true,"href":"https:\/\/gazdasagportal.hu\/index.php\/wp-json\/wp\/v2\/tags?post=86799"}],"curies":[{"name":"wp","href":"https:\/\/api.w.org\/{rel}","templated":true}]}}