{"id":86797,"date":"2016-11-19T04:26:31","date_gmt":"2016-11-19T03:26:31","guid":{"rendered":"http:\/\/gazdasagportal.hu\/?p=86797"},"modified":"2016-11-18T23:12:32","modified_gmt":"2016-11-18T22:12:32","slug":"szukseg-van-a-berek-emelesere-a-magyar-gazdasagban","status":"publish","type":"post","link":"https:\/\/gazdasagportal.hu\/index.php\/szukseg-van-a-berek-emelesere-a-magyar-gazdasagban\/","title":{"rendered":"Sz\u00fcks\u00e9g van a b\u00e9rek emel\u00e9s\u00e9re a magyar gazdas\u00e1gban"},"content":{"rendered":"<p><strong>Sz\u00fcks\u00e9g van a b\u00e9rek emel\u00e9s\u00e9re a magyar gazdas\u00e1gban, mind a minim\u00e1lb\u00e9r, mind a  szakmunk\u00e1s garant\u00e1lt b\u00e9rminimum n\u00f6vel\u00e9s\u00e9re &#8211; mondt\u00e1k az M1 aktu\u00e1lis csatorna Szemt\u0151l szembe c\u00edm\u0171 m\u0171sor\u00e1ban a megk\u00e9rdezett szak\u00e9rt\u0151k p\u00e9nteken.    <\/strong><!--more--><\/p>\n<div class=\"ads-in-post1\"><div id=\"gazdasagportal.hu_fullbanner_wideboard\"><\/div>\r\n<\/div>\n<p>    A korm\u00e1ny a b\u00e9rt\u00e1rgyal\u00e1sokon a minim\u00e1lb\u00e9r 15 sz\u00e1zal\u00e9kos, a szakmunk\u00e1s garant\u00e1lt b\u00e9rminimum  25 sz\u00e1zal\u00e9kos emel\u00e9s\u00e9t javasolja.<br \/>\n    Gy\u00f6rgy L\u00e1szl\u00f3, a Sz\u00e1zadv\u00e9g Gazdas\u00e1gkutat\u00f3 Zrt. vezet\u0151 k\u00f6zgazd\u00e1sza kifejtette: a vil\u00e1gban megv\u00e1ltozott a t\u0151ke \u00e9s a munkaj\u00f6vedelmek ar\u00e1nya a teljes megtermelt GDP-ben az elm\u00falt 40 \u00e9vben. Magyarorsz\u00e1gon 1970 \u00e9s 2010 k\u00f6z\u00f6tt az egy foglalkoztatott \u00e1ltal el\u0151\u00e1ll\u00edtott j\u00f6vedelem, a GDP megh\u00e1romszoroz\u00f3dott, mik\u00f6zben a nett\u00f3 re\u00e1lb\u00e9r csup\u00e1n 28 sz\u00e1zal\u00e9kkal n\u0151tt.<br \/>\n    Elmondta: 2010 \u00f3ta, az elm\u00falt mintegy hat \u00e9s f\u00e9l \u00e9v alatt a nett\u00f3 re\u00e1lb\u00e9rek m\u00e1r 23 sz\u00e1zal\u00e9kkal n\u0151ttek, ennek folytat\u00e1sa lehet a korm\u00e1ny sz\u00e1nd\u00e9ka, \u00fagy l\u00e1tszik, van mozg\u00e1stere a kabinetnek.<br \/>\n    Heged\u0171s S\u00e1ndor, az RSM Hungary Zrt. ad\u00f3-\u00fczlet\u00e1g vezet\u0151je szerint is sz\u00fcks\u00e9g van a b\u00e9rek emel\u00e9s\u00e9re. A magyar munkav\u00e1llal\u00f3k az \u00e1tlagb\u00e9rt tekintve jelent\u0151sen lemaradtak a V4 \u00e1llamok dolgoz\u00f3inak \u00e1tlagos b\u00e9rsz\u00ednvonal\u00e1t\u00f3l. A munkaj\u00f6vedelmekhez kapcsol\u00f3d\u00f3 elvon\u00e1sok, annak ellen\u00e9re, hogy Magyarorsz\u00e1gon a szem\u00e9lyi j\u00f6vedelemad\u00f3 szintje alacsony, a j\u00e1rul\u00e9kok miatt a legmagasabb a r\u00e9gi\u00f3ban, az OECD-tag\u00e1llamokat \u00e9s az eur\u00f3pai orsz\u00e1gokat n\u00e9zve is kiemelked\u0151.<br \/>\n    Kiemelte: ebb\u0151l k\u00f6vetkezik, hogy a magyar munkav\u00e1llal\u00f3k nett\u00f3 keresete, b\u00e9rpoz\u00edci\u00f3ja l\u00e9nyegesen rosszabb, mint a k\u00f6rnyez\u0151 orsz\u00e1gokban dolgoz\u00f3k\u00e9.(MTI)<\/p>\n","protected":false},"excerpt":{"rendered":"<p>Sz\u00fcks\u00e9g van a b\u00e9rek emel\u00e9s\u00e9re a magyar gazdas\u00e1gban, mind a minim\u00e1lb\u00e9r, mind a szakmunk\u00e1s garant\u00e1lt b\u00e9rminimum n\u00f6vel\u00e9s\u00e9re &#8211; mondt\u00e1k az M1 aktu\u00e1lis csatorna Szemt\u0151l szembe c\u00edm\u0171 m\u0171sor\u00e1ban a megk\u00e9rdezett szak\u00e9rt\u0151k p\u00e9nteken.<\/p>\n","protected":false},"author":1,"featured_media":0,"comment_status":"open","ping_status":"closed","sticky":false,"template":"","format":"standard","meta":[],"categories":[4,19],"tags":[],"_links":{"self":[{"href":"https:\/\/gazdasagportal.hu\/index.php\/wp-json\/wp\/v2\/posts\/86797"}],"collection":[{"href":"https:\/\/gazdasagportal.hu\/index.php\/wp-json\/wp\/v2\/posts"}],"about":[{"href":"https:\/\/gazdasagportal.hu\/index.php\/wp-json\/wp\/v2\/types\/post"}],"author":[{"embeddable":true,"href":"https:\/\/gazdasagportal.hu\/index.php\/wp-json\/wp\/v2\/users\/1"}],"replies":[{"embeddable":true,"href":"https:\/\/gazdasagportal.hu\/index.php\/wp-json\/wp\/v2\/comments?post=86797"}],"version-history":[{"count":1,"href":"https:\/\/gazdasagportal.hu\/index.php\/wp-json\/wp\/v2\/posts\/86797\/revisions"}],"predecessor-version":[{"id":86798,"href":"https:\/\/gazdasagportal.hu\/index.php\/wp-json\/wp\/v2\/posts\/86797\/revisions\/86798"}],"wp:attachment":[{"href":"https:\/\/gazdasagportal.hu\/index.php\/wp-json\/wp\/v2\/media?parent=86797"}],"wp:term":[{"taxonomy":"category","embeddable":true,"href":"https:\/\/gazdasagportal.hu\/index.php\/wp-json\/wp\/v2\/categories?post=86797"},{"taxonomy":"post_tag","embeddable":true,"href":"https:\/\/gazdasagportal.hu\/index.php\/wp-json\/wp\/v2\/tags?post=86797"}],"curies":[{"name":"wp","href":"https:\/\/api.w.org\/{rel}","templated":true}]}}