{"id":86795,"date":"2016-11-19T04:08:45","date_gmt":"2016-11-19T03:08:45","guid":{"rendered":"http:\/\/gazdasagportal.hu\/?p=86795"},"modified":"2016-11-18T23:10:28","modified_gmt":"2016-11-18T22:10:28","slug":"heves-vitat-valtott-ki-a-kiskoruak-elleni-nemi-eroszakra-vonatkozo-kormanyjavaslat","status":"publish","type":"post","link":"https:\/\/gazdasagportal.hu\/index.php\/heves-vitat-valtott-ki-a-kiskoruak-elleni-nemi-eroszakra-vonatkozo-kormanyjavaslat\/","title":{"rendered":"Heves vit\u00e1t v\u00e1ltott ki a kiskor\u00faak elleni nemi er\u0151szakra vonatkoz\u00f3 korm\u00e1nyjavaslat"},"content":{"rendered":"<p><strong>Heves vit\u00e1t v\u00e1ltott ki a t\u00f6r\u00f6k k\u00f6z\u00e9letben a korm\u00e1nyz\u00f3 iszlamista-konzervat\u00edv Igazs\u00e1g \u00e9s Fejl\u0151d\u00e9s P\u00e1rtj\u00e1nak (AKP) a kiskor\u00faak elleni nemi er\u0151szakra vonatkoz\u00f3 p\u00e9nteki t\u00f6rv\u00e9nym\u00f3dos\u00edt\u00f3 javaslata.<\/strong><!--more--><\/p>\n<div class=\"ads-in-post1\"><div id=\"gazdasagportal.hu_fullbanner_wideboard\"><\/div>\r\n<\/div>\n<p>    A tervezet \u00e9rtelm\u00e9ben a v\u00e9gtelens\u00e9gig halaszthat\u00f3 azon szexu\u00e1lis vissza\u00e9l\u00e9ssel v\u00e1dolt f\u00e9rfiak b\u00fcntet\u00e9s\u00e9nek v\u00e9grehajt\u00e1sa, akik vall\u00e1si szertart\u00e1s keret\u00e9ben, valamint a csal\u00e1dok beleegyez\u00e9s\u00e9vel h\u00e1zass\u00e1got k\u00f6t\u00f6ttek kiskor\u00fa \u00e1ldozatukkal. Az int\u00e9zked\u00e9s visszamen\u0151legesen csak azokra a 2016. november 16. el\u0151tti esetekre vonatkozik, amelyekben er\u0151szak, fenyeget\u00e9s \u00e9s tr\u00fckk nem kapott helyet. A korm\u00e1ny szerint a javaslat azokat a f\u00e9rfi-n\u0151i p\u00e1rokat v\u00e9den\u00e9, akik egy\u00e9bk\u00e9nt t\u00fal fiatalok lenn\u00e9nek t\u00f6rv\u00e9nyesen \u00f6sszeh\u00e1zasodni.<br \/>\n    A polg\u00e1ri h\u00e1zass\u00e1g 18 \u00e9v alatt t\u00f6rv\u00e9nytelen T\u00f6r\u00f6korsz\u00e1gban, de a vall\u00e1si h\u00e1zass\u00e1g f\u00e9rfiak \u00e9s kiskor\u00fa l\u00e1nyok k\u00f6z\u00f6tt nem ritka, f\u0151k\u00e9nt vid\u00e9ken.<br \/>\n    Az AKP javaslat\u00e1t ellenz\u00e9ki k\u00e9pvisel\u0151k \u00e9s jogv\u00e9d\u0151 szervezetek \u00e9lesen b\u00edr\u00e1lt\u00e1k. Szerint\u00fck az \u00fcgy a kiskor\u00fa h\u00e1zass\u00e1g normaliz\u00e1l\u00e1s\u00e1r\u00f3l sz\u00f3l.<br \/>\n    Egy 2005-\u00f6s jogszab\u00e1ly legal\u00e1bb 8 \u00e9vnyi b\u00f6rt\u00f6nben hat\u00e1rozta meg a nemi er\u0151szak\u00e9rt kiszabhat\u00f3 b\u00fcntet\u00e9st, amelyet 2014-ben minimum 16 \u00e9vre emeltek.<br \/>\n    Bekir Bozdag t\u00f6r\u00f6k igazs\u00e1g\u00fcgyi miniszter \u00fagy l\u00e1tja, hogy ezek a t\u00f6rv\u00e9nyek figyelmen k\u00edv\u00fcl hagyt\u00e1k a sz\u00fcl\u0151i hozz\u00e1j\u00e1rul\u00e1s k\u00e9rd\u00e9s\u00e9t. Binali Yildirim minisztereln\u00f6k azt nyilatkozta, hogy a m\u00faltban az emberek sz\u00e1mos alkalommal nem voltak tiszt\u00e1ban a t\u00f6rv\u00e9nnyel, \u00e9s az apa b\u00f6rt\u00f6nbe ker\u00fclt, a gyerekek pedig az any\u00e1val maradtak. Kiemelte: a javaslat egy egyszeri l\u00e9p\u00e9s lenne ennek az igazs\u00e1gtalan helyzetnek a helyrehozatal\u00e1ra. A tervezet mintegy 3000 csal\u00e1dot \u00e9rintene &#8211; tette hozz\u00e1.<br \/>\n    A korm\u00e1nyf\u0151 visszautas\u00edtotta azokat a kritik\u00e1kat, hogy a javaslat amneszti\u00e1t adna a nemi er\u0151szaknak.<br \/>\n    A legnagyobb ellenz\u00e9ki t\u00f6m\u00f6r\u00fcl\u00e9s, a kemalista K\u00f6zt\u00e1rsas\u00e1gi N\u00e9pp\u00e1rt (CHP) egyik parlamenti k\u00e9pvisel\u0151je, \u00d6zg\u00fcr \u00d6zel \u00fagy v\u00e9lte, hogy a szexu\u00e1lis b\u00e1ntalmaz\u00e1s b\u0171ncselekm\u00e9ny, amit az AKP nem akar meg\u00e9rteni.<br \/>\n    A m\u00f3dos\u00edt\u00e1sr\u00f3l sz\u00f3l\u00f3 vita j\u00f6v\u0151 h\u00e9t kedden folytat\u00f3dik a t\u00f6r\u00f6k t\u00f6rv\u00e9nyhoz\u00e1sban.(MTI)<\/p>\n","protected":false},"excerpt":{"rendered":"<p>Heves vit\u00e1t v\u00e1ltott ki a t\u00f6r\u00f6k k\u00f6z\u00e9letben a korm\u00e1nyz\u00f3 iszlamista-konzervat\u00edv Igazs\u00e1g \u00e9s Fejl\u0151d\u00e9s P\u00e1rtj\u00e1nak (AKP) a kiskor\u00faak elleni nemi er\u0151szakra vonatkoz\u00f3 p\u00e9nteki t\u00f6rv\u00e9nym\u00f3dos\u00edt\u00f3 javaslata.<\/p>\n","protected":false},"author":1,"featured_media":0,"comment_status":"open","ping_status":"closed","sticky":false,"template":"","format":"standard","meta":[],"categories":[12],"tags":[],"_links":{"self":[{"href":"https:\/\/gazdasagportal.hu\/index.php\/wp-json\/wp\/v2\/posts\/86795"}],"collection":[{"href":"https:\/\/gazdasagportal.hu\/index.php\/wp-json\/wp\/v2\/posts"}],"about":[{"href":"https:\/\/gazdasagportal.hu\/index.php\/wp-json\/wp\/v2\/types\/post"}],"author":[{"embeddable":true,"href":"https:\/\/gazdasagportal.hu\/index.php\/wp-json\/wp\/v2\/users\/1"}],"replies":[{"embeddable":true,"href":"https:\/\/gazdasagportal.hu\/index.php\/wp-json\/wp\/v2\/comments?post=86795"}],"version-history":[{"count":1,"href":"https:\/\/gazdasagportal.hu\/index.php\/wp-json\/wp\/v2\/posts\/86795\/revisions"}],"predecessor-version":[{"id":86796,"href":"https:\/\/gazdasagportal.hu\/index.php\/wp-json\/wp\/v2\/posts\/86795\/revisions\/86796"}],"wp:attachment":[{"href":"https:\/\/gazdasagportal.hu\/index.php\/wp-json\/wp\/v2\/media?parent=86795"}],"wp:term":[{"taxonomy":"category","embeddable":true,"href":"https:\/\/gazdasagportal.hu\/index.php\/wp-json\/wp\/v2\/categories?post=86795"},{"taxonomy":"post_tag","embeddable":true,"href":"https:\/\/gazdasagportal.hu\/index.php\/wp-json\/wp\/v2\/tags?post=86795"}],"curies":[{"name":"wp","href":"https:\/\/api.w.org\/{rel}","templated":true}]}}