{"id":86789,"date":"2016-11-18T16:40:16","date_gmt":"2016-11-18T15:40:16","guid":{"rendered":"http:\/\/gazdasagportal.hu\/?p=86789"},"modified":"2016-11-18T16:40:16","modified_gmt":"2016-11-18T15:40:16","slug":"mav-november-30-tol-kezdodnek-a-bertargyalasok","status":"publish","type":"post","link":"https:\/\/gazdasagportal.hu\/index.php\/mav-november-30-tol-kezdodnek-a-bertargyalasok\/","title":{"rendered":"M\u00c1V: november 30-t\u00f3l kezd\u0151dnek a b\u00e9rt\u00e1rgyal\u00e1sok"},"content":{"rendered":"<p><strong>November 30-t\u00f3l kezd\u0151dnek a vas\u00fatt\u00e1rsas\u00e1gn\u00e1l a szakszervezetekkel folytatott b\u00e9rt\u00e1rgyal\u00e1sok, amelyeken foglalkoztat\u00e1spolitikai int\u00e9zked\u00e9sekr\u0151l is egyeztetnek majd &#8211; k\u00f6z\u00f6lte a M\u00c1V Zrt. az MTI-vel a vasutas szakszervezetek p\u00e9nteki sajt\u00f3t\u00e1j\u00e9koztat\u00f3j\u00e1n bejelentett b\u00e9remel\u00e9si ig\u00e9nyre reag\u00e1lva. <\/strong><!--more--><\/p>\n<div class=\"ads-in-post1\"><div id=\"gazdasagportal.hu_fullbanner_wideboard\"><\/div>\r\n<\/div>\n<p>    A M\u00c1V vezet\u0151s\u00e9ge egy hosszabb t\u00e1vra sz\u00f3l\u00f3 b\u00e9rfelz\u00e1rk\u00f3ztat\u00e1si program bevezet\u00e9s\u00e9t kezdem\u00e9nyezte, amely kisz\u00e1m\u00edthat\u00f3 \u00e9letp\u00e1lyamodellt biztos\u00edtana a vasutasok sz\u00e1m\u00e1ra. A javaslat egyeztet\u00e9se az \u00e9rintett miniszt\u00e9riumokkal folyamatban van &#8211; tett\u00e9k hozz\u00e1.<br \/>\n    A k\u00f6zlem\u00e9ny szerint a M\u00c1V-csoport valamennyi le\u00e1nyv\u00e1llalata b\u00e9rfelz\u00e1rk\u00f3ztat\u00e1si programot \u00e1ll\u00edtott \u00f6ssze, ezek alappill\u00e9rei minden v\u00e1llalatn\u00e1l azonos elvekre \u00e9p\u00fclnek, az int\u00e9zked\u00e9scsomag tartalm\u00e1ban illeszkedik az egyes t\u00e1rsas\u00e1gok munkaer\u0151-\u00f6sszet\u00e9tel\u00e9hez, a strat\u00e9giai munkak\u00f6r\u00f6k b\u00e9relmarad\u00e1s\u00e1nak kompenz\u00e1l\u00e1s\u00e1hoz.<br \/>\n    A vas\u00fatt\u00e1rsas\u00e1g vezet\u0151s\u00e9ge &#8211; az \u00e9rdekk\u00e9pviseletek konstrukt\u00edv javaslatait is megvizsg\u00e1lva &#8211; int\u00e9zked\u00e9sek sorozat\u00e1t hozta annak \u00e9rdek\u00e9ben, hogy k\u00fcl\u00f6n\u00f6sen a vas\u00fatszakmai munkak\u00f6r\u00f6kben a megfelel\u0151 mennyis\u00e9g\u0171 \u00e9s min\u0151s\u00e9g\u0171, szakk\u00e9pzett munkaer\u0151 \u00e1llom\u00e1ny\u00e1t megtartsa &#8211; hangs\u00falyozta a M\u00c1V.<br \/>\n     Halasi Zolt\u00e1n, a VDSzSz Szolidarit\u00e1s eln\u00f6ke a Vasutasok Szakszervezete (VSz) \u00e9s a Mozdonyvezet\u0151k Szakszervezet\u00e9nek eln\u00f6k\u00e9vel k\u00f6z\u00f6sen tartott sajt\u00f3t\u00e1j\u00e9koztat\u00f3n arr\u00f3l sz\u00e1molt be, hogy a vasutas szakszervezetek k\u00f6z\u00e9pt\u00e1v\u00fa, 2-3 \u00e9ves b\u00e9rmeg\u00e1llapod\u00e1sra t\u00f6rekednek a M\u00c1V-csoporttal. Els\u0151 l\u00e9p\u00e9sben j\u00f6v\u0151re azt szeretn\u00e9k, ha a vas\u00fatt\u00e1rsas\u00e1g minden munkav\u00e1llal\u00f3j\u00e1nak a Versenyszf\u00e9ra \u00e9s a Korm\u00e1ny \u00c1lland\u00f3 Konzult\u00e1ci\u00f3s F\u00f3rum (VKSZ) keretein bel\u00fcl megsz\u00fclet\u0151 orsz\u00e1gos szint\u0171 garant\u00e1lt szakmunk\u00e1s b\u00e9rminimum-emel\u00e9s m\u00e9rt\u00e9k\u00e9vel megegyez\u0151 fizet\u00e9semel\u00e9st biztos\u00edtan\u00e1nak. A vas\u00fati munkahelyek meg\u0151rz\u00e9se \u00e9rdek\u00e9ben pedig 2018-ig tov\u00e1bbi 30 sz\u00e1zal\u00e9kos b\u00e9remel\u00e9sre van m\u00e9g sz\u00fcks\u00e9g a szakszervezetek szerint &#8211; ismertette a VDSzSz Szolidarit\u00e1s eln\u00f6ke.  (MTI)<\/p>\n","protected":false},"excerpt":{"rendered":"<p>November 30-t\u00f3l kezd\u0151dnek a vas\u00fatt\u00e1rsas\u00e1gn\u00e1l a szakszervezetekkel folytatott b\u00e9rt\u00e1rgyal\u00e1sok, amelyeken foglalkoztat\u00e1spolitikai int\u00e9zked\u00e9sekr\u0151l is egyeztetnek majd &#8211; k\u00f6z\u00f6lte a M\u00c1V Zrt. az MTI-vel a vasutas szakszervezetek p\u00e9nteki sajt\u00f3t\u00e1j\u00e9koztat\u00f3j\u00e1n bejelentett b\u00e9remel\u00e9si ig\u00e9nyre reag\u00e1lva.<\/p>\n","protected":false},"author":1,"featured_media":0,"comment_status":"open","ping_status":"closed","sticky":false,"template":"","format":"standard","meta":[],"categories":[19],"tags":[],"_links":{"self":[{"href":"https:\/\/gazdasagportal.hu\/index.php\/wp-json\/wp\/v2\/posts\/86789"}],"collection":[{"href":"https:\/\/gazdasagportal.hu\/index.php\/wp-json\/wp\/v2\/posts"}],"about":[{"href":"https:\/\/gazdasagportal.hu\/index.php\/wp-json\/wp\/v2\/types\/post"}],"author":[{"embeddable":true,"href":"https:\/\/gazdasagportal.hu\/index.php\/wp-json\/wp\/v2\/users\/1"}],"replies":[{"embeddable":true,"href":"https:\/\/gazdasagportal.hu\/index.php\/wp-json\/wp\/v2\/comments?post=86789"}],"version-history":[{"count":1,"href":"https:\/\/gazdasagportal.hu\/index.php\/wp-json\/wp\/v2\/posts\/86789\/revisions"}],"predecessor-version":[{"id":86790,"href":"https:\/\/gazdasagportal.hu\/index.php\/wp-json\/wp\/v2\/posts\/86789\/revisions\/86790"}],"wp:attachment":[{"href":"https:\/\/gazdasagportal.hu\/index.php\/wp-json\/wp\/v2\/media?parent=86789"}],"wp:term":[{"taxonomy":"category","embeddable":true,"href":"https:\/\/gazdasagportal.hu\/index.php\/wp-json\/wp\/v2\/categories?post=86789"},{"taxonomy":"post_tag","embeddable":true,"href":"https:\/\/gazdasagportal.hu\/index.php\/wp-json\/wp\/v2\/tags?post=86789"}],"curies":[{"name":"wp","href":"https:\/\/api.w.org\/{rel}","templated":true}]}}