{"id":86758,"date":"2016-11-18T06:40:11","date_gmt":"2016-11-18T05:40:11","guid":{"rendered":"http:\/\/gazdasagportal.hu\/?p=86758"},"modified":"2016-11-18T06:40:11","modified_gmt":"2016-11-18T05:40:11","slug":"moszul-ostroma-ket-tomegsirra-bukkantak-az-iraki-biztonsagi-erok-tobb-szaz-tetem-van-bennuk","status":"publish","type":"post","link":"https:\/\/gazdasagportal.hu\/index.php\/moszul-ostroma-ket-tomegsirra-bukkantak-az-iraki-biztonsagi-erok-tobb-szaz-tetem-van-bennuk\/","title":{"rendered":"Moszul ostroma &#8211; K\u00e9t t\u00f6megs\u00edrra bukkantak az iraki biztons\u00e1gi er\u0151k, t\u00f6bb sz\u00e1z tetem van benn\u00fck"},"content":{"rendered":"<p><strong>K\u00e9t, \u00f6sszesen mintegy 250 tetemet rejt\u0151 t\u00f6megs\u00edrra bukkantak az iraki biztons\u00e1gi er\u0151k Moszul k\u00f6zel\u00e9ben &#8211; jelentette cs\u00fct\u00f6rt\u00f6k este a CNN amerikai h\u00edrtelev\u00edzi\u00f3 az iraki rend\u0151rs\u00e9gre hivatkozva.<\/strong><!--more--><\/p>\n<div class=\"ads-in-post1\"><div id=\"gazdasagportal.hu_fullbanner_wideboard\"><\/div>\r\n<\/div>\n<p>    F\u00e1risz Radzsi Abb\u00e1sz, az iraki rend\u0151rs\u00e9g parancsnoka a h\u00edrtelev\u00edzi\u00f3nak elmondta, hogy a Moszult\u00f3l harminc kilom\u00e9terre d\u00e9lre fekv\u0151 Hamm\u00e1m al-Alil telep\u00fcl\u00e9sn\u00e9l tal\u00e1ltak r\u00e1 a t\u00f6megs\u00edrokra, amelyek az Iszl\u00e1m \u00c1llam (I\u00c1) iszlamista szervezet \u00e1ltal meg\u00f6lt emberek holttesteit rejtik.<br \/>\n    Az egyik t\u00f6megs\u00edr egy k\u00fatban van, amelybe bedob\u00e1lt\u00e1k az \u00e1ldozatokat. K\u00e9tsz\u00e1zn\u00e1l t\u00f6bb tetem van benne. Abb\u00e1sz szerint a dzsihadist\u00e1k k\u00e9t \u00e9ven \u00e1t hajig\u00e1lt\u00e1k bele az \u00e1ldozataikat. Volt, akit \u00e9lve dobtak be. A terrorist\u00e1k pokolg\u00e9peket helyeztek el k\u00f6r\u00fcl\u00f6tte, hogy a hozz\u00e1tartoz\u00f3k ne tudj\u00e1k kiemelni a rokonaik holttest\u00e9t. A CNN szerint t\u0171zszer\u00e9szek hat\u00e1stalan\u00edtj\u00e1k a robban\u00f3szerkezeteket, hogy hozz\u00e1 tudjanak f\u00e9rni a k\u00fathoz.<br \/>\n    A t\u00edz napja felszabad\u00edtott Hamm\u00e1m al-Aliln\u00e1l tal\u00e1ltak cs\u00fct\u00f6rt\u00f6k\u00f6n m\u00e9g egy t\u00f6megs\u00edrt, amely mintegy 45 holttestet rejt.<br \/>\n    Ugyanenn\u00e9l a telep\u00fcl\u00e9sn\u00e9l november 7-\u00e9n is tal\u00e1ltak egy t\u00f6megs\u00edrt, mintegy sz\u00e1z lefejezett ember holtteste volt benne.<br \/>\n    Moszult, Irak m\u00e1sodik legnagyobb v\u00e1ros\u00e1t k\u00e9t \u00e9ve tartja megsz\u00e1llva az Iszl\u00e1m \u00c1llam. Az iraki \u00e9s a kurd er\u0151k az amerikaiak vezette katonai koal\u00edci\u00f3 l\u00e9gi t\u00e1mogat\u00e1s\u00e1val pontosan egy h\u00f3napja, okt\u00f3ber 17-\u00e9n ind\u00edtottak hadm\u0171veletet Moszul felszabad\u00edt\u00e1s\u00e1ra, de a v\u00e1ros visszav\u00e9tele komoly neh\u00e9zs\u00e9gekbe \u00fctk\u00f6zik, a dzsihadist\u00e1k heves ellen\u00e1ll\u00e1st tan\u00fas\u00edtanak.(MTI)<\/p>\n","protected":false},"excerpt":{"rendered":"<p>K\u00e9t, \u00f6sszesen mintegy 250 tetemet rejt\u0151 t\u00f6megs\u00edrra bukkantak az iraki biztons\u00e1gi er\u0151k Moszul k\u00f6zel\u00e9ben &#8211; jelentette cs\u00fct\u00f6rt\u00f6k este a CNN amerikai h\u00edrtelev\u00edzi\u00f3 az iraki rend\u0151rs\u00e9gre hivatkozva.<\/p>\n","protected":false},"author":1,"featured_media":0,"comment_status":"open","ping_status":"closed","sticky":false,"template":"","format":"standard","meta":[],"categories":[16],"tags":[],"_links":{"self":[{"href":"https:\/\/gazdasagportal.hu\/index.php\/wp-json\/wp\/v2\/posts\/86758"}],"collection":[{"href":"https:\/\/gazdasagportal.hu\/index.php\/wp-json\/wp\/v2\/posts"}],"about":[{"href":"https:\/\/gazdasagportal.hu\/index.php\/wp-json\/wp\/v2\/types\/post"}],"author":[{"embeddable":true,"href":"https:\/\/gazdasagportal.hu\/index.php\/wp-json\/wp\/v2\/users\/1"}],"replies":[{"embeddable":true,"href":"https:\/\/gazdasagportal.hu\/index.php\/wp-json\/wp\/v2\/comments?post=86758"}],"version-history":[{"count":1,"href":"https:\/\/gazdasagportal.hu\/index.php\/wp-json\/wp\/v2\/posts\/86758\/revisions"}],"predecessor-version":[{"id":86759,"href":"https:\/\/gazdasagportal.hu\/index.php\/wp-json\/wp\/v2\/posts\/86758\/revisions\/86759"}],"wp:attachment":[{"href":"https:\/\/gazdasagportal.hu\/index.php\/wp-json\/wp\/v2\/media?parent=86758"}],"wp:term":[{"taxonomy":"category","embeddable":true,"href":"https:\/\/gazdasagportal.hu\/index.php\/wp-json\/wp\/v2\/categories?post=86758"},{"taxonomy":"post_tag","embeddable":true,"href":"https:\/\/gazdasagportal.hu\/index.php\/wp-json\/wp\/v2\/tags?post=86758"}],"curies":[{"name":"wp","href":"https:\/\/api.w.org\/{rel}","templated":true}]}}