{"id":86756,"date":"2016-11-18T04:44:24","date_gmt":"2016-11-18T03:44:24","guid":{"rendered":"http:\/\/gazdasagportal.hu\/?p=86756"},"modified":"2016-11-17T20:38:45","modified_gmt":"2016-11-17T19:38:45","slug":"a-hetvegen-zaporokra-kiados-esore-is-keszulni-kell","status":"publish","type":"post","link":"https:\/\/gazdasagportal.hu\/index.php\/a-hetvegen-zaporokra-kiados-esore-is-keszulni-kell\/","title":{"rendered":"A h\u00e9tv\u00e9g\u00e9n z\u00e1porokra, kiad\u00f3s es\u0151re is k\u00e9sz\u00fclni kell"},"content":{"rendered":"<p><strong>A h\u00e9tv\u00e9g\u00e9n enyh\u00fcl a hideg, napk\u00f6zben ak\u00e1r 17 Celsius-fok is lehet. Ugyanakkor t\u00f6bbfel\u00e9 er\u0151s lesz a l\u00e9gmozg\u00e1s, tov\u00e1bb\u00e1 z\u00e1porokra, n\u00e9hol kiad\u00f3s es\u0151re is k\u00e9sz\u00fclni kell &#8211; der\u00fcl ki az Orsz\u00e1gos Meteorol\u00f3giai Szolg\u00e1lat cs\u00fct\u00f6rt\u00f6k\u00f6n az MTI-hez eljuttatott orsz\u00e1gos, k\u00f6z\u00e9pt\u00e1v\u00fa el\u0151rejelz\u00e9s\u00e9b\u0151l.<\/strong><!--more--><\/p>\n<div class=\"ads-in-post1\"><div id=\"gazdasagportal.hu_fullbanner_wideboard\"><\/div>\r\n<\/div>\n<p>    P\u00e9nteken az \u00c9szaki-k\u00f6z\u00e9phegys\u00e9g ter\u00fclet\u00e9n borult, p\u00e1r\u00e1s marad az id\u0151, m\u00e1sutt t\u00f6bb \u00f3r\u00e1ra kis\u00fct a nap. Sz\u00e1mottev\u0151 csapad\u00e9k nem v\u00e1rhat\u00f3, csak \u00e9szakon a borult helyeken lehet gyenge es\u0151, szit\u00e1l\u00e1s. A Dun\u00e1nt\u00falon viszont nagy ter\u00fcleten meger\u0151s\u00f6dik a l\u00e9gmozg\u00e1s, egy-egy viharos sz\u00e9ll\u00f6k\u00e9s is lehet. A legalacsonyabb h\u0151m\u00e9rs\u00e9klet m\u00ednusz 1 \u00e9s plusz 6 fok k\u00f6z\u00f6tt alakul, az \u00c9szaki-k\u00f6z\u00e9phegys\u00e9g ter\u00fclet\u00e9n lesz a leghidegebb. A legmagasabb h\u0151m\u00e9rs\u00e9klet t\u00f6bbnyire 11-17 fok k\u00f6z\u00f6tt val\u00f3sz\u00edn\u0171, a Dun\u00e1nt\u00fal nyugati fel\u00e9n lesz a legenyh\u00e9bb az id\u0151, ugyanakkor az \u00c9szaki-k\u00f6z\u00e9phegys\u00e9gben csak 4-9 fok val\u00f3sz\u00edn\u0171.<br \/>\n    Szombaton a Tisz\u00e1nt\u00falon n\u00e9h\u00e1ny \u00f3r\u00e1s naps\u00fct\u00e9s is lehet. A Tisz\u00e1nt\u00fal kiv\u00e9tel\u00e9vel t\u00f6bb helyen v\u00e1rhat\u00f3 es\u0151, z\u00e1por, n\u00e9hol jelent\u0151s mennyis\u00e9g is hullhat. A D\u00e9l-Alf\u00f6ld\u00f6n \u00e9s a Kisalf\u00f6ld\u00f6n er\u0151s, Sopron k\u00f6rny\u00e9k\u00e9n viharos sz\u00e9ll\u00f6k\u00e9sekre is k\u00e9sz\u00fclni kell. A leghidegebb \u00f3r\u00e1kban \u00e1ltal\u00e1ban 5-11, de \u00e9szakkeleten csup\u00e1n 2-5 fok lehet. A nappali maximumok 11-17 fok k\u00f6z\u00f6tt alakulnak, d\u00e9lnyugaton a magasabb, \u00e9szakkeleten az alacsonyabb \u00e9rt\u00e9kekkel.<br \/>\n    Vas\u00e1rnap d\u00e9lel\u0151tt fordulhat el\u00e9 es\u0151, z\u00e1por, azt\u00e1n megsz\u0171nik a csapad\u00e9k, \u00e9s t\u00f6bb-kevesebb naps\u00fct\u00e9s is lehet. A D\u00e9l-Alf\u00f6ld\u00f6n \u00e9s a Kisalf\u00f6ld\u00f6n m\u00e9g ekkor is er\u0151s, Sopron k\u00f6rny\u00e9k\u00e9n viharos lehet a sz\u00e9l. A minimumh\u0151m\u00e9rs\u00e9klet 4-10 fok k\u00f6z\u00f6tt val\u00f3sz\u00edn\u0171, \u00e9szakkeleten az alacsonyabb \u00e9rt\u00e9kekkel. Napk\u00f6zben 10-17 fokig melegszik a leveg\u0151, nyugaton lesz a melegebb &#8211; olvashat\u00f3 az el\u0151rejelz\u00e9sben.(MTI)<\/p>\n","protected":false},"excerpt":{"rendered":"<p>A h\u00e9tv\u00e9g\u00e9n enyh\u00fcl a hideg, napk\u00f6zben ak\u00e1r 17 Celsius-fok is lehet. Ugyanakkor t\u00f6bbfel\u00e9 er\u0151s lesz a l\u00e9gmozg\u00e1s, tov\u00e1bb\u00e1 z\u00e1porokra, n\u00e9hol kiad\u00f3s es\u0151re is k\u00e9sz\u00fclni kell &#8211; der\u00fcl ki az Orsz\u00e1gos Meteorol\u00f3giai Szolg\u00e1lat cs\u00fct\u00f6rt\u00f6k\u00f6n az MTI-hez eljuttatott orsz\u00e1gos, k\u00f6z\u00e9pt\u00e1v\u00fa el\u0151rejelz\u00e9s\u00e9b\u0151l.<\/p>\n","protected":false},"author":1,"featured_media":0,"comment_status":"open","ping_status":"closed","sticky":false,"template":"","format":"standard","meta":[],"categories":[4],"tags":[],"_links":{"self":[{"href":"https:\/\/gazdasagportal.hu\/index.php\/wp-json\/wp\/v2\/posts\/86756"}],"collection":[{"href":"https:\/\/gazdasagportal.hu\/index.php\/wp-json\/wp\/v2\/posts"}],"about":[{"href":"https:\/\/gazdasagportal.hu\/index.php\/wp-json\/wp\/v2\/types\/post"}],"author":[{"embeddable":true,"href":"https:\/\/gazdasagportal.hu\/index.php\/wp-json\/wp\/v2\/users\/1"}],"replies":[{"embeddable":true,"href":"https:\/\/gazdasagportal.hu\/index.php\/wp-json\/wp\/v2\/comments?post=86756"}],"version-history":[{"count":1,"href":"https:\/\/gazdasagportal.hu\/index.php\/wp-json\/wp\/v2\/posts\/86756\/revisions"}],"predecessor-version":[{"id":86757,"href":"https:\/\/gazdasagportal.hu\/index.php\/wp-json\/wp\/v2\/posts\/86756\/revisions\/86757"}],"wp:attachment":[{"href":"https:\/\/gazdasagportal.hu\/index.php\/wp-json\/wp\/v2\/media?parent=86756"}],"wp:term":[{"taxonomy":"category","embeddable":true,"href":"https:\/\/gazdasagportal.hu\/index.php\/wp-json\/wp\/v2\/categories?post=86756"},{"taxonomy":"post_tag","embeddable":true,"href":"https:\/\/gazdasagportal.hu\/index.php\/wp-json\/wp\/v2\/tags?post=86756"}],"curies":[{"name":"wp","href":"https:\/\/api.w.org\/{rel}","templated":true}]}}