{"id":86748,"date":"2016-11-17T16:25:48","date_gmt":"2016-11-17T15:25:48","guid":{"rendered":"http:\/\/gazdasagportal.hu\/?p=86748"},"modified":"2016-11-17T16:25:48","modified_gmt":"2016-11-17T15:25:48","slug":"varga-a-digitalis-technologia-alapjaiban-valtoztatja-meg-a-gyartasi-rendszereket","status":"publish","type":"post","link":"https:\/\/gazdasagportal.hu\/index.php\/varga-a-digitalis-technologia-alapjaiban-valtoztatja-meg-a-gyartasi-rendszereket\/","title":{"rendered":"Varga: a digit\u00e1lis technol\u00f3gia alapjaiban v\u00e1ltoztatja meg a gy\u00e1rt\u00e1si rendszereket"},"content":{"rendered":"<p><strong>A digitaliz\u00e1ci\u00f3 \u00e9s az internet-gazdas\u00e1g alapjaiban v\u00e1ltoztatja meg a gy\u00e1rt\u00e1si rendszereket, a kelet-k\u00f6z\u00e9p-eur\u00f3pai r\u00e9gi\u00f3 orsz\u00e1gai k\u00f6z\u00f6tti egy\u00fcttm\u0171k\u00f6d\u00e9s a digit\u00e1lis gazdas\u00e1gi fejl\u0151d\u00e9s ter\u00fclet\u00e9n k\u00fcl\u00f6n\u00f6sen eredm\u00e9nyes lehet &#8211; hangs\u00falyozta a nemzetgazdas\u00e1gi miniszter a Budapesten rendezett Region\u00e1lis Digit\u00e1lis Konferenci\u00e1n cs\u00fct\u00f6rt\u00f6k\u00f6n.<\/strong><!--more--><\/p>\n<div class=\"ads-in-post1\"><div id=\"gazdasagportal.hu_fullbanner_wideboard\"><\/div>\r\n<\/div>\n<p>    Varga Mih\u00e1ly hozz\u00e1tette, a mostani digit\u00e1lis \u00e1talakul\u00e1s a j\u00f3l k\u00e9pzett munkaer\u0151re, a magas hozz\u00e1adott \u00e9rt\u00e9k\u0171 termel\u00e9sre \u00e9s az innov\u00e1ci\u00f3ra t\u00e1maszkodik, ez\u00e9rt glob\u00e1lis \u00e9s fenntarthat\u00f3 versenyel\u0151nyt jelenthetne a r\u00e9gi\u00f3 orsz\u00e1gainak azon orsz\u00e1gokkal szemben, amelyek csup\u00e1n az alacsony munkab\u00e9r r\u00e9v\u00e9n tesznek szert el\u0151nyre.     Elmondta, a magyar korm\u00e1ny egy\u00e9rtelm\u0171 \u00e1ll\u00e1spontja, az innov\u00e1ci\u00f3-vez\u00e9relt gazdas\u00e1gra val\u00f3 \u00e1t\u00e1ll\u00e1s, az ipar fejleszt\u00e9se \u00e9s a fejl\u0151d\u00e9s korm\u00e1nyzati t\u00e1mogat\u00e1sa elengedhetetlen.     Kiemelte, a konferenci\u00e1n jelenl\u00e9v\u0151 orsz\u00e1gok fontos adotts\u00e1ga, hogy sokoldal\u00faan kapcsol\u00f3dnak a n\u00e9met gazdas\u00e1ghoz, els\u0151sorban a h\u00faz\u00f3\u00e1gazatot jelent\u0151 aut\u00f3iparhoz. A r\u00e9gi\u00f3 j\u00e1rm\u0171ipara glob\u00e1lisan is jelent\u0151s szektorr\u00e1 v\u00e1lt \u00e9s olyan n\u00f6veked\u00e9si k\u00f6zpontok alakultak ki, ahol szoros az egy\u00fcttm\u0171k\u00f6d\u00e9s a gy\u00e1rt\u00f3k \u00e9s a besz\u00e1ll\u00edt\u00f3k k\u00f6z\u00f6tt, \u00e9s az oktat\u00e1si \u00e9s kutat\u00e1s-fejleszt\u00e9si ter\u00fclet szerepl\u0151ivel is ki\u00e9p\u00fcltek a kapcsolatok.<br \/>\n    Varga Mih\u00e1ly szerint Magyarorsz\u00e1g nem \u00e1ll felk\u00e9sz\u00fcletlen\u00fcl a digit\u00e1lis \u00e1talakul\u00e1s el\u0151tt, a korm\u00e1ny kidolgozta \u00e9s megval\u00f3s\u00edtja az \u00fajraiparos\u00edt\u00e1s programj\u00e1t, az Irinyi-tervet, amelynek alapvet\u0151 eleme az Ipar 4.0 program \u00e9s az elektromos j\u00e1rm\u0171vek t\u00e9rnyer\u00e9s\u00e9t szolg\u00e1l\u00f3 Jedlik \u00c1nyos Terv.<br \/>\n    A tov\u00e1bbl\u00e9p\u00e9s egyik korl\u00e1tj\u00e1v\u00e1 v\u00e1lt m\u00e1ra a j\u00e1rm\u0171iparban az el\u00e9rhet\u0151 tesztel\u00e9si kapacit\u00e1sok hi\u00e1nya &#8211; mondta. A korm\u00e1ny a nyugat-magyarorsz\u00e1gi, zalaegerszegi j\u00e1rm\u0171ipari tesztp\u00e1lya meg\u00e9p\u00edt\u00e9s\u00e9vel nem csak a magyarorsz\u00e1gi, hanem a r\u00e9gi\u00f3s j\u00e1rm\u0171ipari fejleszt\u00e9sek sz\u00e1m\u00e1ra is \u00faj lehet\u0151s\u00e9get teremt &#8211; fejtette ki.<br \/>\n    G\u00fcnther Oettinger, az Eur\u00f3pai Bizotts\u00e1g digit\u00e1lis gazdas\u00e1g\u00e9rt \u00e9s t\u00e1rsadalom\u00e9rt felel\u0151s biztosa hangs\u00falyozta, fontos a digit\u00e1lis javakhoz val\u00f3 hozz\u00e1f\u00e9r\u00e9s, ez a fejl\u0151d\u00e9s motorja lehet. Hozz\u00e1tette, a mobilit\u00e1s az egyik legfontosabb ipari ter\u00fclet, az automatiz\u00e1lt vezet\u00e9s sok kih\u00edv\u00e1st \u00e1ll\u00edt a szerepl\u0151k el\u00e9, ugyanakkor lehet\u0151s\u00e9get is hordoz a munkahelyteremt\u00e9sben \u00e9s az eur\u00f3pai v\u00e1llalatok versenyk\u00e9pess\u00e9g\u00e9nek n\u00f6vel\u00e9s\u00e9ben.<br \/>\n    Az Eur\u00f3pai Bizotts\u00e1g kataliz\u00e1tor szerepet t\u00f6lt be ebben a folyamatban, t\u00e1mogatja a kutat\u00e1st, a jogi szab\u00e1lyoz\u00e1s fejleszt\u00e9s\u00e9t, \u00e9s el\u0151seg\u00edti a gazdas\u00e1gi \u00e9s \u00e1llami szerepl\u0151k k\u00f6z\u00f6tti p\u00e1rbesz\u00e9det &#8211; hangs\u00falyozta a biztos. Szerinte k\u00e9rd\u00e9ses, hogy a k\u00f6zleked\u00e9ssel \u00e9s mobilit\u00e1ssal \u00f6sszef\u00fcgg\u0151 fejleszt\u00e9sek \u00e9l\u00e9re a Volkswagen, a BMW, az Audi, vagy olyan kreat\u00edv online platformok \u00e1llnak, amelyeknek rengeteg adat \u00e1ll rendelkez\u00e9s\u00fckre, mint a Google vagy az Apple. Ut\u00f3bbi esetben a nagy n\u00e9met aut\u00f3gy\u00e1rt\u00f3k csak besz\u00e1ll\u00edt\u00f3k lesznek.     G\u00fcnther Oettinger elmondta, bizotts\u00e1gi kezdem\u00e9nyez\u00e9sre egy kerekasztalt is l\u00e9trehoztak az \u00f6sszekapcsolt j\u00e1rm\u0171vek, automatiz\u00e1lt vezet\u00e9ssel kapcsolatos kezdem\u00e9nyez\u00e9sek megvitat\u00e1s\u00e1ra. Ebben arra k\u00e9rt\u00e9k az ipar k\u00e9pvisel\u0151it, hogy hozzanak l\u00e9tre legal\u00e1bb egy, hat\u00e1rokon \u00e1t\u00edvel\u0151, 5G-technol\u00f3gi\u00e1t alkalmaz\u00f3 tesztprojektet az automatiz\u00e1lt vezet\u00e9shez kapcsol\u00f3d\u00f3 fejleszt\u00e9sek kipr\u00f3b\u00e1l\u00e1s\u00e1ra.     A konferenci\u00e1n t\u00f6bb egyet\u00e9rt\u00e9si meg\u00e1llapod\u00e1st is al\u00e1\u00edrtak egyebek mellett az auton\u00f3m j\u00e1rm\u0171vek hat\u00e1rokon \u00e1t\u00edvel\u0151 k\u00f6zleked\u00e9s\u00e9nek szab\u00e1lyoz\u00e1si k\u00e9rd\u00e9seir\u0151l, a r\u00e9gi\u00f3 innovat\u00edv startup v\u00e1llalkoz\u00e1sai k\u00f6z\u00f6tti egy\u00fcttm\u0171k\u00f6d\u00e9s el\u0151seg\u00edt\u00e9s\u00e9r\u0151l, valamint a v\u00e1llalatok k\u00f6z\u00f6tti kutat\u00e1s-fejleszt\u00e9si egy\u00fcttm\u0171k\u00f6d\u00e9sr\u0151l.(MTI)<\/p>\n","protected":false},"excerpt":{"rendered":"<p>A digitaliz\u00e1ci\u00f3 \u00e9s az internet-gazdas\u00e1g alapjaiban v\u00e1ltoztatja meg a gy\u00e1rt\u00e1si rendszereket, a kelet-k\u00f6z\u00e9p-eur\u00f3pai r\u00e9gi\u00f3 orsz\u00e1gai k\u00f6z\u00f6tti egy\u00fcttm\u0171k\u00f6d\u00e9s a digit\u00e1lis gazdas\u00e1gi fejl\u0151d\u00e9s ter\u00fclet\u00e9n k\u00fcl\u00f6n\u00f6sen eredm\u00e9nyes lehet &#8211; hangs\u00falyozta a nemzetgazdas\u00e1gi miniszter a Budapesten rendezett Region\u00e1lis Digit\u00e1lis Konferenci\u00e1n cs\u00fct\u00f6rt\u00f6k\u00f6n.<\/p>\n","protected":false},"author":1,"featured_media":0,"comment_status":"open","ping_status":"closed","sticky":false,"template":"","format":"standard","meta":[],"categories":[19],"tags":[],"_links":{"self":[{"href":"https:\/\/gazdasagportal.hu\/index.php\/wp-json\/wp\/v2\/posts\/86748"}],"collection":[{"href":"https:\/\/gazdasagportal.hu\/index.php\/wp-json\/wp\/v2\/posts"}],"about":[{"href":"https:\/\/gazdasagportal.hu\/index.php\/wp-json\/wp\/v2\/types\/post"}],"author":[{"embeddable":true,"href":"https:\/\/gazdasagportal.hu\/index.php\/wp-json\/wp\/v2\/users\/1"}],"replies":[{"embeddable":true,"href":"https:\/\/gazdasagportal.hu\/index.php\/wp-json\/wp\/v2\/comments?post=86748"}],"version-history":[{"count":1,"href":"https:\/\/gazdasagportal.hu\/index.php\/wp-json\/wp\/v2\/posts\/86748\/revisions"}],"predecessor-version":[{"id":86749,"href":"https:\/\/gazdasagportal.hu\/index.php\/wp-json\/wp\/v2\/posts\/86748\/revisions\/86749"}],"wp:attachment":[{"href":"https:\/\/gazdasagportal.hu\/index.php\/wp-json\/wp\/v2\/media?parent=86748"}],"wp:term":[{"taxonomy":"category","embeddable":true,"href":"https:\/\/gazdasagportal.hu\/index.php\/wp-json\/wp\/v2\/categories?post=86748"},{"taxonomy":"post_tag","embeddable":true,"href":"https:\/\/gazdasagportal.hu\/index.php\/wp-json\/wp\/v2\/tags?post=86748"}],"curies":[{"name":"wp","href":"https:\/\/api.w.org\/{rel}","templated":true}]}}