{"id":86742,"date":"2016-11-17T13:29:52","date_gmt":"2016-11-17T12:29:52","guid":{"rendered":"http:\/\/gazdasagportal.hu\/?p=86742"},"modified":"2016-11-17T13:29:52","modified_gmt":"2016-11-17T12:29:52","slug":"keresetet-indit-a-mobilfizetesi-rendszer-ugyeben-magyarorszag-ellen-az-eb","status":"publish","type":"post","link":"https:\/\/gazdasagportal.hu\/index.php\/keresetet-indit-a-mobilfizetesi-rendszer-ugyeben-magyarorszag-ellen-az-eb\/","title":{"rendered":"Keresetet ind\u00edt a mobilfizet\u00e9si rendszer \u00fcgy\u00e9ben Magyarorsz\u00e1g ellen az EB"},"content":{"rendered":"<p><strong>Keresetet ind\u00edt az Eur\u00f3pai Uni\u00f3 B\u00edr\u00f3s\u00e1g\u00e1n\u00e1l Magyarorsz\u00e1ggal szemben a Nemzeti Mobilfizet\u00e9si Zrt. \u00e1ltal m\u0171k\u00f6dtetett Nemzeti Mobilfizet\u00e9si Rendszer (NMFR) \u00fcgy\u00e9ben az Eur\u00f3pai Bizotts\u00e1g &#8211; t\u00e1j\u00e9koztatott az uni\u00f3s bizotts\u00e1g a novemberi k\u00f6telezetts\u00e9gszeg\u00e9si elj\u00e1r\u00e1sokkal kapcsolatos cs\u00fct\u00f6rt\u00f6ki k\u00f6zlem\u00e9ny\u00e9ben.<\/strong><!--more--><\/p>\n<div class=\"ads-in-post1\"><div id=\"gazdasagportal.hu_fullbanner_wideboard\"><\/div>\r\n<\/div>\n<p>    Az Eur\u00f3pai Bizotts\u00e1g t\u00e1j\u00e9koztat\u00e1sa szerint az uni\u00f3s b\u00edr\u00f3s\u00e1ghoz eljuttatott kereset a k\u00f6telezetts\u00e9gszeg\u00e9si elj\u00e1r\u00e1s k\u00f6vetkez\u0151 l\u00e9p\u00e9se. V\u00e9lem\u00e9ny\u00fck szerint a magyar mobilfizet\u00e9si rendszer szab\u00e1lyoz\u00e1sa kiz\u00e1r\u00f3lagos jogot biztos\u00edt a \u00fczemeltet\u0151nek szolg\u00e1ltat\u00e1sa ny\u00fajt\u00e1s\u00e1hoz.<br \/>\n    A bizotts\u00e1g kilenc tag\u00e1llamot sz\u00f3l\u00edtott fel, hogy sz\u00fcntesse meg a bels\u0151 piacon val\u00f3 szolg\u00e1ltat\u00e1sny\u00fajt\u00e1s el\u0151tt \u00e1ll\u00f3 indokolatlan akad\u00e1lyokat.(MTI)<\/p>\n","protected":false},"excerpt":{"rendered":"<p>Keresetet ind\u00edt az Eur\u00f3pai Uni\u00f3 B\u00edr\u00f3s\u00e1g\u00e1n\u00e1l Magyarorsz\u00e1ggal szemben a Nemzeti Mobilfizet\u00e9si Zrt. \u00e1ltal m\u0171k\u00f6dtetett Nemzeti Mobilfizet\u00e9si Rendszer (NMFR) \u00fcgy\u00e9ben az Eur\u00f3pai Bizotts\u00e1g &#8211; t\u00e1j\u00e9koztatott az uni\u00f3s bizotts\u00e1g a novemberi k\u00f6telezetts\u00e9gszeg\u00e9si elj\u00e1r\u00e1sokkal kapcsolatos cs\u00fct\u00f6rt\u00f6ki k\u00f6zlem\u00e9ny\u00e9ben.<\/p>\n","protected":false},"author":1,"featured_media":0,"comment_status":"open","ping_status":"closed","sticky":false,"template":"","format":"standard","meta":[],"categories":[4,19],"tags":[],"_links":{"self":[{"href":"https:\/\/gazdasagportal.hu\/index.php\/wp-json\/wp\/v2\/posts\/86742"}],"collection":[{"href":"https:\/\/gazdasagportal.hu\/index.php\/wp-json\/wp\/v2\/posts"}],"about":[{"href":"https:\/\/gazdasagportal.hu\/index.php\/wp-json\/wp\/v2\/types\/post"}],"author":[{"embeddable":true,"href":"https:\/\/gazdasagportal.hu\/index.php\/wp-json\/wp\/v2\/users\/1"}],"replies":[{"embeddable":true,"href":"https:\/\/gazdasagportal.hu\/index.php\/wp-json\/wp\/v2\/comments?post=86742"}],"version-history":[{"count":1,"href":"https:\/\/gazdasagportal.hu\/index.php\/wp-json\/wp\/v2\/posts\/86742\/revisions"}],"predecessor-version":[{"id":86743,"href":"https:\/\/gazdasagportal.hu\/index.php\/wp-json\/wp\/v2\/posts\/86742\/revisions\/86743"}],"wp:attachment":[{"href":"https:\/\/gazdasagportal.hu\/index.php\/wp-json\/wp\/v2\/media?parent=86742"}],"wp:term":[{"taxonomy":"category","embeddable":true,"href":"https:\/\/gazdasagportal.hu\/index.php\/wp-json\/wp\/v2\/categories?post=86742"},{"taxonomy":"post_tag","embeddable":true,"href":"https:\/\/gazdasagportal.hu\/index.php\/wp-json\/wp\/v2\/tags?post=86742"}],"curies":[{"name":"wp","href":"https:\/\/api.w.org\/{rel}","templated":true}]}}