{"id":86740,"date":"2016-11-18T04:04:47","date_gmt":"2016-11-18T03:04:47","guid":{"rendered":"http:\/\/gazdasagportal.hu\/?p=86740"},"modified":"2016-11-17T13:21:12","modified_gmt":"2016-11-17T12:21:12","slug":"jelentos-beremeles-indulhat-a-versenyszferaban","status":"publish","type":"post","link":"https:\/\/gazdasagportal.hu\/index.php\/jelentos-beremeles-indulhat-a-versenyszferaban\/","title":{"rendered":"Jelent\u0151s b\u00e9remel\u00e9s indulhat a versenyszf\u00e9r\u00e1ban"},"content":{"rendered":"<p><strong>A Fidesz-frakci\u00f3 b\u00edzik abban, hogy a korm\u00e1ny, illetve a munkaad\u00f3k \u00e9s a munkav\u00e1llal\u00f3k \u00e9rdekk\u00e9pviseletei k\u00f6z\u00f6tti t\u00e1rgyal\u00e1sok eredm\u00e9nyesen z\u00e1rulnak, \u00e9s jelent\u0151s b\u00e9remel\u00e9s indulhat a versenyszf\u00e9r\u00e1ban is &#8211; mondta Hal\u00e1sz J\u00e1nos, frakci\u00f3sz\u00f3viv\u0151 cs\u00fct\u00f6rt\u00f6ki sajt\u00f3t\u00e1j\u00e9koztat\u00f3j\u00e1n.<\/strong><!--more--><\/p>\n<div class=\"ads-in-post1\"><div id=\"gazdasagportal.hu_fullbanner_wideboard\"><\/div>\r\n<\/div>\n<p>        &#8222;Magyarorsz\u00e1g er\u0151s\u00f6dik, \u00e9s ez lehet\u0151v\u00e9 teszi, hogy a magyar emberek b\u00e9re tov\u00e1bb emelkedjen. Miut\u00e1n a k\u00f6zszf\u00e9r\u00e1ban jelent\u0151s b\u00e9remel\u00e9sek kezd\u0151dtek, amelyek 2017-ben is folytat\u00f3dnak, b\u00edzunk abban, hogy a korm\u00e1ny, illetve a munkaad\u00f3k \u00e9s a munkav\u00e1llal\u00f3k \u00e9rdekk\u00e9pviseletei k\u00f6z\u00f6tti t\u00e1rgyal\u00e1sok eredm\u00e9nyesen z\u00e1rulnak \u00e9s jelent\u0151s b\u00e9remel\u00e9s indulhat a versenyszf\u00e9r\u00e1ban is&#8221; &#8211; mondta Hal\u00e1sz J\u00e1nos.<br \/>\n    K\u00f6z\u00f6lte: a korm\u00e1ny 15 sz\u00e1zal\u00e9kos minim\u00e1lb\u00e9r-n\u00f6vel\u00e9st \u00e9s 25 sz\u00e1zal\u00e9kos garant\u00e1lt b\u00e9rminimum-emel\u00e9st aj\u00e1nl j\u00f6v\u0151re, \u00e9s a b\u00e9remel\u00e9s a k\u00f6vetkez\u0151 \u00e9vekben is folytat\u00f3dhat, \u00edgy 5-6 \u00e9v alatt re\u00e1l\u00e9rt\u00e9ken ak\u00e1r a 40 sz\u00e1zal\u00e9kot is el\u00e9rheti.<br \/>\n    Hal\u00e1sz J\u00e1nos szerint ha a korm\u00e1ny \u00e9s az \u00e9rdekk\u00e9pviseletek megegyeznek a b\u00e9rmeg\u00e1llapod\u00e1sr\u00f3l \u00e9s a munkaad\u00f3k j\u00e1rul\u00e9k\u00e1nak cs\u00f6kkent\u00e9s\u00e9r\u0151l, akkor a korm\u00e1nyp\u00e1rtok k\u00e9szek ahhoz minden t\u00e1mogat\u00e1st megadni. Az a c\u00e9lunk, hogy a dolgoz\u00f3knak nagyobb megbecs\u00fcl\u00e9st ny\u00fajtsunk, a magyar v\u00e1llalkoz\u00e1sokat pedig kevesebb teherrel versenyk\u00e9pesebb\u00e9 tegy\u00fck &#8211; fogalmazott.<br \/>\n     Hangs\u00falyozta: a Fidesz-frakci\u00f3 fontosnak tartja, hogy egy nagy b\u00e9rmeg\u00e1llapod\u00e1s sz\u00fclessen a munkaad\u00f3k \u00e9s a munkav\u00e1llal\u00f3k \u00e9rdekk\u00e9pviseletei k\u00f6z\u00f6tt, amely t\u00f6bb \u00e9vre kisz\u00e1m\u00edthat\u00f3 \u00e9s jelent\u0151s b\u00e9remel\u00e9st garant\u00e1l a versenyszf\u00e9ra dolgoz\u00f3inak.<br \/>\n    K\u00fcl\u00f6n\u00f6sen fontosnak tartotta a minim\u00e1lb\u00e9r tov\u00e1bbi \u00e9s jelent\u0151s emel\u00e9s\u00e9t, mert &#8211; mint mondta &#8211; 750 ezer magyar munkav\u00e1llal\u00f3 a versenyszf\u00e9r\u00e1ban minim\u00e1lb\u00e9rt keres. Hozz\u00e1tette: a polg\u00e1ri korm\u00e1nyz\u00e1s \u00f3ta minden \u00e9vben volt minim\u00e1lb\u00e9remel\u00e9s, amelynek k\u00f6sz\u00f6nhet\u0151en hat \u00e9v alatt a minim\u00e1lb\u00e9r 51 sz\u00e1zal\u00e9kkal emelkedett.<br \/>\n    Hal\u00e1sz J\u00e1nos kit\u00e9rt arra is, hogy a k\u00f6zszf\u00e9r\u00e1ban is folytat\u00f3dnak a b\u00e9remel\u00e9sek, \u00edgy 2017-ben tov\u00e1bb n\u0151 a rend\u0151r\u00f6k, a katon\u00e1k, a pedag\u00f3gusok, az \u00e1pol\u00f3k, a szakorvosok, a fels\u0151oktat\u00e1si, a szoci\u00e1lis, a kultur\u00e1lis \u00e9s a megyei korm\u00e1nyhivatali dolgoz\u00f3k b\u00e9re.<br \/>\n    Ismertet\u00e9se szerint az eg\u00e9szs\u00e9g\u00fcgyi szakdolgoz\u00f3k b\u00e9re az idei 26 sz\u00e1zal\u00e9kos emel\u00e9s ut\u00e1n j\u00f6v\u0151 novemberben \u00fajabb 12 sz\u00e1zal\u00e9kkal n\u0151, \u00e9s 2019-re \u00e1tlagosan 65 sz\u00e1zal\u00e9kos b\u00e9remel\u00e9s val\u00f3sul meg kb. 78 ezer szakdolgoz\u00f3n\u00e1l, amelyre 2017 v\u00e9g\u00e9ig 100 milli\u00e1rd forintot ford\u00edtanak. Emellett &#8211; folytatta &#8211; a szakorvosok \u00e9s a k\u00f3rh\u00e1zi szakgy\u00f3gyszer\u00e9szek alapb\u00e9re az idei emel\u00e9s ut\u00e1n j\u00f6v\u0151re \u00fajabb 100 ezer forinttal n\u0151.<br \/>\n    A rendv\u00e9delmi dolgoz\u00f3k b\u00e9remel\u00e9s\u00e9r\u0151l elmondta: a tavalyi 30 sz\u00e1zal\u00e9kos \u00e9s az idei 5 sz\u00e1zal\u00e9kos n\u00f6veked\u00e9s ut\u00e1n 2017-ben \u00e9s 2018-ban \u00fajabb 5-5 sz\u00e1zal\u00e9kos emel\u00e9s k\u00f6vetkezik, amely 80-90 ezer embert \u00e9rint.<br \/>\n    Hal\u00e1sz J\u00e1nos besz\u00e1molt a 175 pedag\u00f3gust \u00e9rint\u0151 b\u00e9remel\u00e9si programr\u00f3l is, amelynek k\u00f6sz\u00f6nhet\u0151en 2013 \u00e9s 2017 k\u00f6z\u00f6tt 50 sz\u00e1zal\u00e9kkal emelkedik a tan\u00e1rok b\u00e9re, valamint kit\u00e9rt a k\u00f6z\u00e9pfok\u00fa v\u00e9gzetts\u00e9g\u0171 kisgyermeknevel\u0151k \u00e9s az oktat\u00e1st-nevel\u00e9st seg\u00edt\u0151 dolgoz\u00f3k b\u00e9rrendez\u00e9s\u00e9re is.<br \/>\n    K\u00f6z\u00f6lte: a szoci\u00e1lis \u00e1gazatban dolgoz\u00f3k b\u00e9rp\u00f3tl\u00e9k\u00e1ra \u00e9s b\u00e9rkieg\u00e9sz\u00edt\u00e9s\u00e9re eddig 60 milli\u00e1rd forintot ford\u00edtottak, j\u00f6v\u0151re pedig tov\u00e1bbi b\u00e9rrendez\u00e9s v\u00e1rhat\u00f3, amelyre 7,5 milli\u00e1rd forintot biztos\u00edt a 2017-es k\u00f6lts\u00e9gvet\u00e9s. Elmondta: a korm\u00e1nyhivatalok megyei szintj\u00e9n foglalkoztatottakn\u00e1l j\u00f6v\u0151 janu\u00e1r 1-j\u00e9t\u0151l 30 sz\u00e1zal\u00e9kos b\u00e9remel\u00e9s val\u00f3sul meg \u00e9s folytat\u00f3dik a fels\u0151oktat\u00e1sban \u00e9s a kultur\u00e1lis szf\u00e9r\u00e1ban dolgoz\u00f3k, illetve az ad\u00f3hat\u00f3s\u00e1g dolgoz\u00f3inak b\u00e9remel\u00e9se is. (MTI)<\/p>\n","protected":false},"excerpt":{"rendered":"<p>A Fidesz-frakci\u00f3 b\u00edzik abban, hogy a korm\u00e1ny, illetve a munkaad\u00f3k \u00e9s a munkav\u00e1llal\u00f3k \u00e9rdekk\u00e9pviseletei k\u00f6z\u00f6tti t\u00e1rgyal\u00e1sok eredm\u00e9nyesen z\u00e1rulnak, \u00e9s jelent\u0151s b\u00e9remel\u00e9s indulhat a versenyszf\u00e9r\u00e1ban is &#8211; mondta Hal\u00e1sz J\u00e1nos, frakci\u00f3sz\u00f3viv\u0151 cs\u00fct\u00f6rt\u00f6ki sajt\u00f3t\u00e1j\u00e9koztat\u00f3j\u00e1n.<\/p>\n","protected":false},"author":1,"featured_media":0,"comment_status":"open","ping_status":"closed","sticky":false,"template":"","format":"standard","meta":[],"categories":[19],"tags":[],"_links":{"self":[{"href":"https:\/\/gazdasagportal.hu\/index.php\/wp-json\/wp\/v2\/posts\/86740"}],"collection":[{"href":"https:\/\/gazdasagportal.hu\/index.php\/wp-json\/wp\/v2\/posts"}],"about":[{"href":"https:\/\/gazdasagportal.hu\/index.php\/wp-json\/wp\/v2\/types\/post"}],"author":[{"embeddable":true,"href":"https:\/\/gazdasagportal.hu\/index.php\/wp-json\/wp\/v2\/users\/1"}],"replies":[{"embeddable":true,"href":"https:\/\/gazdasagportal.hu\/index.php\/wp-json\/wp\/v2\/comments?post=86740"}],"version-history":[{"count":1,"href":"https:\/\/gazdasagportal.hu\/index.php\/wp-json\/wp\/v2\/posts\/86740\/revisions"}],"predecessor-version":[{"id":86741,"href":"https:\/\/gazdasagportal.hu\/index.php\/wp-json\/wp\/v2\/posts\/86740\/revisions\/86741"}],"wp:attachment":[{"href":"https:\/\/gazdasagportal.hu\/index.php\/wp-json\/wp\/v2\/media?parent=86740"}],"wp:term":[{"taxonomy":"category","embeddable":true,"href":"https:\/\/gazdasagportal.hu\/index.php\/wp-json\/wp\/v2\/categories?post=86740"},{"taxonomy":"post_tag","embeddable":true,"href":"https:\/\/gazdasagportal.hu\/index.php\/wp-json\/wp\/v2\/tags?post=86740"}],"curies":[{"name":"wp","href":"https:\/\/api.w.org\/{rel}","templated":true}]}}