{"id":86738,"date":"2016-11-17T12:58:23","date_gmt":"2016-11-17T11:58:23","guid":{"rendered":"http:\/\/gazdasagportal.hu\/?p=86738"},"modified":"2016-11-17T12:58:23","modified_gmt":"2016-11-17T11:58:23","slug":"orban-jovore-9-szazalekos-lesz-a-vallalati-nyeresegado","status":"publish","type":"post","link":"https:\/\/gazdasagportal.hu\/index.php\/orban-jovore-9-szazalekos-lesz-a-vallalati-nyeresegado\/","title":{"rendered":"Orb\u00e1n: j\u00f6v\u0151re 9 sz\u00e1zal\u00e9kos lesz a v\u00e1llalati nyeres\u00e9gad\u00f3"},"content":{"rendered":"<p><a href=\"https:\/\/gazdasagportal.hu\/wp-content\/uploads\/2016\/10\/ado.jpg\"><img decoding=\"async\" loading=\"lazy\" src=\"https:\/\/gazdasagportal.hu\/wp-content\/uploads\/2016\/10\/ado-1024x786.jpg\" alt=\"ado\" width=\"620\" height=\"476\" class=\"aligncenter size-large wp-image-85893\" srcset=\"https:\/\/gazdasagportal.hu\/wp-content\/uploads\/2016\/10\/ado-1024x786.jpg 1024w, https:\/\/gazdasagportal.hu\/wp-content\/uploads\/2016\/10\/ado-300x230.jpg 300w, https:\/\/gazdasagportal.hu\/wp-content\/uploads\/2016\/10\/ado-768x590.jpg 768w, https:\/\/gazdasagportal.hu\/wp-content\/uploads\/2016\/10\/ado.jpg 1172w\" sizes=\"(max-width: 620px) 100vw, 620px\" \/><\/a><br \/>\n<strong>J\u00f6v\u0151re egysz\u00e1mjegy\u0171, 9 sz\u00e1zal\u00e9kos \u00e9s ar\u00e1nyos lesz a v\u00e1llalati nyeres\u00e9gad\u00f3, ami egyar\u00e1nt vonatkozik a kis- \u00e9s k\u00f6z\u00e9pv\u00e1llalatokra \u00e9s a nagyv\u00e1llalatokra &#8211; jelentette be Orb\u00e1n Viktor minisztereln\u00f6k a Budapesten rendezett Region\u00e1lis Digit\u00e1lis Konferenci\u00e1n cs\u00fct\u00f6rt\u00f6k\u00f6n.<\/strong><!--more--><\/p>\n<div class=\"ads-in-post1\"><div id=\"gazdasagportal.hu_fullbanner_wideboard\"><\/div>\r\n<\/div>\n<p>    Hozz\u00e1tette, err\u0151l a szerdai korm\u00e1ny\u00fcl\u00e9sen a nemzetgazdas\u00e1gi miniszter el\u0151terjeszt\u00e9s\u00e9re \u00e9s a munkaad\u00f3kkal tartott kor\u00e1bbi egyeztet\u00e9sek alapj\u00e1n d\u00f6nt\u00f6ttek.     Elmondta, a minim\u00e1lb\u00e9r emel\u00e9ssel kapcsolatban azt k\u00e9rte a nemzetgazdas\u00e1gi minisztert\u0151l, hogy &#8222;menjen el a falig&#8221;, amit m\u00e9g a v\u00e1llalkoz\u00f3k k\u00e9pesek elviselni, olyan magasra pr\u00f3b\u00e1lja felvinni a magyar minim\u00e1lb\u00e9rt.(MTI)<\/p>\n","protected":false},"excerpt":{"rendered":"<p>J\u00f6v\u0151re egysz\u00e1mjegy\u0171, 9 sz\u00e1zal\u00e9kos \u00e9s ar\u00e1nyos lesz a v\u00e1llalati nyeres\u00e9gad\u00f3, ami egyar\u00e1nt vonatkozik a kis- \u00e9s k\u00f6z\u00e9pv\u00e1llalatokra \u00e9s a nagyv\u00e1llalatokra &#8211; jelentette be Orb\u00e1n Viktor minisztereln\u00f6k a Budapesten rendezett Region\u00e1lis Digit\u00e1lis Konferenci\u00e1n cs\u00fct\u00f6rt\u00f6k\u00f6n.<\/p>\n","protected":false},"author":1,"featured_media":85893,"comment_status":"open","ping_status":"closed","sticky":false,"template":"","format":"standard","meta":[],"categories":[403,146,20,19],"tags":[],"_links":{"self":[{"href":"https:\/\/gazdasagportal.hu\/index.php\/wp-json\/wp\/v2\/posts\/86738"}],"collection":[{"href":"https:\/\/gazdasagportal.hu\/index.php\/wp-json\/wp\/v2\/posts"}],"about":[{"href":"https:\/\/gazdasagportal.hu\/index.php\/wp-json\/wp\/v2\/types\/post"}],"author":[{"embeddable":true,"href":"https:\/\/gazdasagportal.hu\/index.php\/wp-json\/wp\/v2\/users\/1"}],"replies":[{"embeddable":true,"href":"https:\/\/gazdasagportal.hu\/index.php\/wp-json\/wp\/v2\/comments?post=86738"}],"version-history":[{"count":1,"href":"https:\/\/gazdasagportal.hu\/index.php\/wp-json\/wp\/v2\/posts\/86738\/revisions"}],"predecessor-version":[{"id":86739,"href":"https:\/\/gazdasagportal.hu\/index.php\/wp-json\/wp\/v2\/posts\/86738\/revisions\/86739"}],"wp:featuredmedia":[{"embeddable":true,"href":"https:\/\/gazdasagportal.hu\/index.php\/wp-json\/wp\/v2\/media\/85893"}],"wp:attachment":[{"href":"https:\/\/gazdasagportal.hu\/index.php\/wp-json\/wp\/v2\/media?parent=86738"}],"wp:term":[{"taxonomy":"category","embeddable":true,"href":"https:\/\/gazdasagportal.hu\/index.php\/wp-json\/wp\/v2\/categories?post=86738"},{"taxonomy":"post_tag","embeddable":true,"href":"https:\/\/gazdasagportal.hu\/index.php\/wp-json\/wp\/v2\/tags?post=86738"}],"curies":[{"name":"wp","href":"https:\/\/api.w.org\/{rel}","templated":true}]}}