{"id":86644,"date":"2016-11-15T04:46:00","date_gmt":"2016-11-15T03:46:00","guid":{"rendered":"http:\/\/gazdasagportal.hu\/?p=86644"},"modified":"2016-11-14T20:56:53","modified_gmt":"2016-11-14T19:56:53","slug":"115-terrorista-erkezett-menekultkent-ausztriaba","status":"publish","type":"post","link":"https:\/\/gazdasagportal.hu\/index.php\/115-terrorista-erkezett-menekultkent-ausztriaba\/","title":{"rendered":"115 terrorista \u00e9rkezett menek\u00fcltk\u00e9nt Ausztri\u00e1ba"},"content":{"rendered":"<p><strong>Eddig \u00f6sszesen 115 terrorista \u00e9rkezett menek\u00fcltk\u00e9nt Ausztri\u00e1ba &#8211; sz\u00e1molt be az \u00d6sterreich c\u00edm\u0171 napilap h\u00e9tf\u0151i sz\u00e1ma.<\/strong><!--more--><\/p>\n<div class=\"ads-in-post1\"><div id=\"gazdasagportal.hu_fullbanner_wideboard\"><\/div>\r\n<\/div>\n<p>    A lap Wolfgang Sobotka bel\u00fcgyminiszter k\u00f6zl\u00e9s\u00e9re hivatkozva azt \u00edrta, hogy a t\u00e1rca \u00f6sszesen mintegy 290 olyan Ausztri\u00e1ban tart\u00f3zkod\u00f3 szem\u00e9lyr\u0151l tud, aki iraki vagy sz\u00edriai h\u00e1bor\u00faban a sz\u00e9ls\u0151s\u00e9gesek oldal\u00e1n harcolt, vagy k\u00e9sz\u00fcl r\u00e9szt venni a fegyveres konfliktusban. Az \u00fajs\u00e1g szerint egy r\u00e9sz\u00fck szoci\u00e1lis seg\u00e9lyben, havi 840 eur\u00f3s t\u00e1mogat\u00e1sban is r\u00e9szes\u00fcl.<br \/>\n    A lap arr\u00f3l is \u00edr, hogy a miniszt\u00e9rium 44 olyan, kor\u00e1bban Ausztri\u00e1ban tart\u00f3zkod\u00f3 emberr\u0151l tud, aki az Iszl\u00e1m \u00c1llam (I\u00c1) terrorszervezethez csatlakozott \u00e9s a harcok sor\u00e1n \u00e9let\u00e9t vesztette. A hat\u00f3s\u00e1gok \u00f6tven ember kiutaz\u00e1s\u00e1t tudt\u00e1k megakad\u00e1lyozni, 87-r\u0151l pedig tudj\u00e1k, hogy m\u00e1r biztosan visszat\u00e9rtek Ausztri\u00e1ba.<br \/>\n    Az osztr\u00e1k bel\u00fcgyminiszt\u00e9rium \u00e1ltal k\u00f6z\u00f6lt legfrissebb adatok szerint okt\u00f3ber v\u00e9g\u00e9ig t\u00f6bb mint 30 ezer mened\u00e9kk\u00e9relmi elj\u00e1r\u00e1s indult meg, ami a meghat\u00e1rozott fels\u0151 hat\u00e1r 81 sz\u00e1zal\u00e9ka.<br \/>\n    A korm\u00e1ny kor\u00e1bbi d\u00f6nt\u00e9se \u00e9rtelm\u00e9ben id\u00e9n legfeljebb 37 500 mened\u00e9kk\u00e9relmi elj\u00e1r\u00e1s indulhat az orsz\u00e1gban. Amennyiben enn\u00e9l t\u00f6bben \u00e9rkeznek, akkor a belbiztons\u00e1g \u00e9s a k\u00f6zrend vesz\u00e9lyeztet\u00e9s\u00e9re hivatkozva bevezetik a sz\u00fcks\u00e9g\u00e1llapotot, \u00e9s Ausztria lez\u00e1rhatja a hat\u00e1rait.<br \/>\n    Tavaly mintegy 90 ezer mened\u00e9kk\u00e9relem \u00e9rkezett be az osztr\u00e1k hat\u00f3s\u00e1gokhoz, 2014-ben pedig 28 ezer.(MTI)<\/p>\n","protected":false},"excerpt":{"rendered":"<p>Eddig \u00f6sszesen 115 terrorista \u00e9rkezett menek\u00fcltk\u00e9nt Ausztri\u00e1ba &#8211; sz\u00e1molt be az \u00d6sterreich c\u00edm\u0171 napilap h\u00e9tf\u0151i sz\u00e1ma.<\/p>\n","protected":false},"author":1,"featured_media":0,"comment_status":"open","ping_status":"closed","sticky":false,"template":"","format":"standard","meta":[],"categories":[12],"tags":[],"_links":{"self":[{"href":"https:\/\/gazdasagportal.hu\/index.php\/wp-json\/wp\/v2\/posts\/86644"}],"collection":[{"href":"https:\/\/gazdasagportal.hu\/index.php\/wp-json\/wp\/v2\/posts"}],"about":[{"href":"https:\/\/gazdasagportal.hu\/index.php\/wp-json\/wp\/v2\/types\/post"}],"author":[{"embeddable":true,"href":"https:\/\/gazdasagportal.hu\/index.php\/wp-json\/wp\/v2\/users\/1"}],"replies":[{"embeddable":true,"href":"https:\/\/gazdasagportal.hu\/index.php\/wp-json\/wp\/v2\/comments?post=86644"}],"version-history":[{"count":1,"href":"https:\/\/gazdasagportal.hu\/index.php\/wp-json\/wp\/v2\/posts\/86644\/revisions"}],"predecessor-version":[{"id":86645,"href":"https:\/\/gazdasagportal.hu\/index.php\/wp-json\/wp\/v2\/posts\/86644\/revisions\/86645"}],"wp:attachment":[{"href":"https:\/\/gazdasagportal.hu\/index.php\/wp-json\/wp\/v2\/media?parent=86644"}],"wp:term":[{"taxonomy":"category","embeddable":true,"href":"https:\/\/gazdasagportal.hu\/index.php\/wp-json\/wp\/v2\/categories?post=86644"},{"taxonomy":"post_tag","embeddable":true,"href":"https:\/\/gazdasagportal.hu\/index.php\/wp-json\/wp\/v2\/tags?post=86644"}],"curies":[{"name":"wp","href":"https:\/\/api.w.org\/{rel}","templated":true}]}}