{"id":86639,"date":"2016-11-15T03:41:03","date_gmt":"2016-11-15T02:41:03","guid":{"rendered":"http:\/\/gazdasagportal.hu\/?p=86639"},"modified":"2016-11-14T20:52:13","modified_gmt":"2016-11-14T19:52:13","slug":"az-eszaki-sarkvidek-tersegeben-6-7-celsius-fokkal-mertek-melegebbet-iden-a-hosszu-tavu-atlagnal","status":"publish","type":"post","link":"https:\/\/gazdasagportal.hu\/index.php\/az-eszaki-sarkvidek-tersegeben-6-7-celsius-fokkal-mertek-melegebbet-iden-a-hosszu-tavu-atlagnal\/","title":{"rendered":"Az \u00c9szaki-sarkvid\u00e9k t\u00e9rs\u00e9g\u00e9ben 6-7 Celsius-fokkal m\u00e9rtek melegebbet id\u00e9n a hossz\u00fa t\u00e1v\u00fa \u00e1tlagn\u00e1l"},"content":{"rendered":"<p><strong>Az \u00c9szaki-sarkvid\u00e9khez k\u00f6zeli sz\u00e1razf\u00f6ldi ter\u00fcleteken 6-7 Celsius-fokkal m\u00e9rtek magasabb h\u0151m\u00e9rs\u00e9kletet id\u00e9n a hossz\u00fa t\u00e1v\u00fa \u00e1tlagn\u00e1l &#8211; der\u00fclt ki a Meteorol\u00f3giai Vil\u00e1gszervezet (WMO) friss jelent\u00e9s\u00e9b\u0151l, amelynek el\u0151rejelz\u00e9se szerint 90 sz\u00e1zal\u00e9k az es\u00e9ly r\u00e1, hogy az idei lesz az eddig m\u00e9rt legmelegebb \u00e9v a vil\u00e1gban.<\/strong><!--more--><\/p>\n<div class=\"ads-in-post1\"><div id=\"gazdasagportal.hu_fullbanner_wideboard\"><\/div>\r\n<\/div>\n<p>    A szakemberek szerint id\u00e9n janu\u00e1rt\u00f3l szeptemberig 1,2 Celsius-fokkal volt melegebb az \u00e1tlagh\u0151m\u00e9rs\u00e9klet az iparosod\u00e1s el\u0151ttihez k\u00e9pest, \u00e9s az \u00e9v h\u00e1tralev\u0151 r\u00e9sz\u00e9ben v\u00e1rhat\u00f3an el\u00e9g magas marad a glob\u00e1lis \u00e1tlagh\u0151m\u00e9rs\u00e9klet ahhoz, hogy megd\u0151lj\u00f6n az el\u0151z\u0151 \u00e9vi rekord &#8211; id\u00e9zi a jelent\u00e9st a BBC News.<br \/>\n    A glob\u00e1lis \u00e9ghajlatra vonatkoz\u00f3 2016-os el\u0151zetes jelent\u00e9st az ENSZ Marr\u00e1kesben zajl\u00f3 nemzetk\u00f6zi kl\u00edmakonferenci\u00e1j\u00e1hoz id\u0151z\u00edtve adt\u00e1k ki.<br \/>\n    A dokumentum szerint id\u00e9n janu\u00e1rt\u00f3l szeptemberig 0,88 Celsius-fokkal volt melegebb az \u00e9ves \u00e1tlagh\u0151m\u00e9rs\u00e9klet, mint a WMO \u00e1ltal viszony\u00edt\u00e1si alapk\u00e9nt haszn\u00e1lt 1961 \u00e9s 1990 k\u00f6z\u00f6tti id\u0151szakban. A 2015-\u00f6s \u00e9vben 0,77 Celsius-fokkal volt melegebb a glob\u00e1lis \u00e1tlagh\u0151m\u00e9rs\u00e9klet az 1961 \u00e9s 1990 k\u00f6z\u00f6tti \u00e1tlagn\u00e1l.<br \/>\n    Annak ellen\u00e9re, hogy m\u00e9g van h\u00e1tra az \u00e9vb\u0151l, az okt\u00f3beri adatok el\u0151zetes elemz\u00e9se azt mutatja, hogy a 2016-os \u00e9v is rekordd\u00f6nt\u0151 lesz, ak\u00e1rcsak a tavalyi. &#8222;Egy \u00fajabb \u00e9v, egy \u00fajabb rekord. A 2015-ben tapasztalt magas h\u0151m\u00e9rs\u00e9kletet v\u00e1rhat\u00f3an t\u00falsz\u00e1rnyalja a 2016-os \u00e9v&#8221; &#8211; mondta Petteri Taalas, a WMO f\u0151titk\u00e1ra.<br \/>\n    &#8222;Oroszorsz\u00e1g arktiszi r\u00e9sz\u00e9nek bizonyos ter\u00fcletein 6-7 Celsius-fokkal m\u00e9rtek magasabb h\u0151m\u00e9rs\u00e9kletet a hossz\u00fa t\u00e1v\u00fa \u00e1tlagn\u00e1l. Oroszorsz\u00e1g, Alaszka \u00e9s \u00c9szaknyugat-Kanada sz\u00e1mos arktiszi \u00e9s szubarktiszi t\u00e9rs\u00e9g\u00e9ben legal\u00e1bb 3 Celsius-fokkal volt melegebb az \u00e1tlagn\u00e1l&#8221; &#8211; tette hozz\u00e1 Taalas.<br \/>\n    A jelent\u00e9s szerint a l\u00e9gk\u00f6rben l\u00e9v\u0151 \u00fcvegh\u00e1zhat\u00e1s\u00fa g\u00e1zok mennyis\u00e9ge tov\u00e1bb n\u00f6vekszik 2016-ban. Az \u00e9szaki-sarki tengeri j\u00e9g nagym\u00e9rt\u00e9k\u0171 olvad\u00e1sa is folytat\u00f3dott, \u00e9s a gr\u00f6nlandi j\u00e9gtakar\u00f3 is korai olvad\u00e1snak indult id\u00e9n.<br \/>\n    A szak\u00e9rt\u0151k szerint a Csendes-\u00f3ce\u00e1n tr\u00f3pusi v\u00edzfelsz\u00edn\u00e9nek felmeleged\u00e9s\u00e9t okoz\u00f3 El Nino l\u00e9gk\u00f6ri jelens\u00e9g ugyan k\u00f6zrej\u00e1tszott 2015-ben \u00e9s 2016-ban is a glob\u00e1lis \u00e1tlagh\u0151m\u00e9rs\u00e9klet drasztikus emelked\u00e9s\u00e9ben, de az els\u0151dleges felel\u0151s tov\u00e1bbra is a sz\u00e9n-dioxid-kibocs\u00e1t\u00e1s.<br \/>\n    Taalas szerint a kl\u00edmav\u00e1ltoz\u00e1s miatt n\u00f6vekszik a sz\u00e9ls\u0151s\u00e9ges id\u0151j\u00e1r\u00e1si jelens\u00e9gek gyakoris\u00e1ga \u00e9s er\u0151ss\u00e9ge.<br \/>\n    A WMO elemz\u00e9se szerint az eddig m\u00e9rt 17 legforr\u00f3bb \u00e9vb\u0151l 16-ot az elm\u00falt egy \u00e9vsz\u00e1zadban m\u00e9rtek.(MTI)<\/p>\n","protected":false},"excerpt":{"rendered":"<p>Az \u00c9szaki-sarkvid\u00e9khez k\u00f6zeli sz\u00e1razf\u00f6ldi ter\u00fcleteken 6-7 Celsius-fokkal m\u00e9rtek magasabb h\u0151m\u00e9rs\u00e9kletet id\u00e9n a hossz\u00fa t\u00e1v\u00fa \u00e1tlagn\u00e1l &#8211; der\u00fclt ki a Meteorol\u00f3giai Vil\u00e1gszervezet (WMO) friss jelent\u00e9s\u00e9b\u0151l, amelynek el\u0151rejelz\u00e9se szerint 90 sz\u00e1zal\u00e9k az es\u00e9ly r\u00e1, hogy az idei lesz az eddig m\u00e9rt legmelegebb \u00e9v a vil\u00e1gban.<\/p>\n","protected":false},"author":1,"featured_media":0,"comment_status":"open","ping_status":"closed","sticky":false,"template":"","format":"standard","meta":[],"categories":[12],"tags":[],"_links":{"self":[{"href":"https:\/\/gazdasagportal.hu\/index.php\/wp-json\/wp\/v2\/posts\/86639"}],"collection":[{"href":"https:\/\/gazdasagportal.hu\/index.php\/wp-json\/wp\/v2\/posts"}],"about":[{"href":"https:\/\/gazdasagportal.hu\/index.php\/wp-json\/wp\/v2\/types\/post"}],"author":[{"embeddable":true,"href":"https:\/\/gazdasagportal.hu\/index.php\/wp-json\/wp\/v2\/users\/1"}],"replies":[{"embeddable":true,"href":"https:\/\/gazdasagportal.hu\/index.php\/wp-json\/wp\/v2\/comments?post=86639"}],"version-history":[{"count":1,"href":"https:\/\/gazdasagportal.hu\/index.php\/wp-json\/wp\/v2\/posts\/86639\/revisions"}],"predecessor-version":[{"id":86640,"href":"https:\/\/gazdasagportal.hu\/index.php\/wp-json\/wp\/v2\/posts\/86639\/revisions\/86640"}],"wp:attachment":[{"href":"https:\/\/gazdasagportal.hu\/index.php\/wp-json\/wp\/v2\/media?parent=86639"}],"wp:term":[{"taxonomy":"category","embeddable":true,"href":"https:\/\/gazdasagportal.hu\/index.php\/wp-json\/wp\/v2\/categories?post=86639"},{"taxonomy":"post_tag","embeddable":true,"href":"https:\/\/gazdasagportal.hu\/index.php\/wp-json\/wp\/v2\/tags?post=86639"}],"curies":[{"name":"wp","href":"https:\/\/api.w.org\/{rel}","templated":true}]}}