{"id":86637,"date":"2016-11-15T04:04:01","date_gmt":"2016-11-15T03:04:01","guid":{"rendered":"http:\/\/gazdasagportal.hu\/?p=86637"},"modified":"2016-11-15T09:29:01","modified_gmt":"2016-11-15T08:29:01","slug":"soros-gyorgy-es-mas-nagy-adomanyozok-tanacskoznak-a-demokrata-part-vezetoivel-hogy-mikent-kuzdjenek-trump-tervei-ellen","status":"publish","type":"post","link":"https:\/\/gazdasagportal.hu\/index.php\/soros-gyorgy-es-mas-nagy-adomanyozok-tanacskoznak-a-demokrata-part-vezetoivel-hogy-mikent-kuzdjenek-trump-tervei-ellen\/","title":{"rendered":"Soros Gy\u00f6rgy \u00e9s m\u00e1s nagy adom\u00e1nyoz\u00f3k tan\u00e1cskoznak a demokrata p\u00e1rt vezet\u0151ivel, hogy mik\u00e9nt k\u00fczdjenek Trump tervei ellen"},"content":{"rendered":"<p><a href=\"https:\/\/gazdasagportal.hu\/wp-content\/uploads\/2014\/08\/soros_gy.jpg\"><img decoding=\"async\" loading=\"lazy\" src=\"https:\/\/gazdasagportal.hu\/wp-content\/uploads\/2014\/08\/soros_gy.jpg\" alt=\"soros_gy\" width=\"600\" height=\"338\" class=\"aligncenter size-full wp-image-41784\" srcset=\"https:\/\/gazdasagportal.hu\/wp-content\/uploads\/2014\/08\/soros_gy.jpg 600w, https:\/\/gazdasagportal.hu\/wp-content\/uploads\/2014\/08\/soros_gy-300x169.jpg 300w\" sizes=\"(max-width: 600px) 100vw, 600px\" \/><\/a><strong>A Politico c\u00edm\u0171 amerikai lap tud\u00f3s\u00edt\u00e1sa szerint Soros Gy\u00f6rgy \u00e9s m\u00e1s nagy liber\u00e1lis adom\u00e1nyoz\u00f3k tan\u00e1cskoznak Washingtonban szakszervezeti vezet\u0151kkel \u00e9s a demokrata p\u00e1rt egyes k\u00e9pvisel\u0151ivel, hogy a k\u00f6vetkez\u0151 \u00e9vekben mik\u00e9nt vegy\u00e9k fel  harcot a megv\u00e1lasztott eln\u00f6k, Donald Trump terveivel, p\u00e9ld\u00e1ul az els\u0151 sz\u00e1z nap programj\u00e1val, amelyet az Obama-korszak eredm\u00e9nyei elleni sz\u00f6rny\u0171 t\u00e1mad\u00e1snak tartanak. <\/strong><!--more--><\/p>\n<div class=\"ads-in-post1\"><div id=\"gazdasagportal.hu_fullbanner_wideboard\"><\/div>\r\n<\/div>\n<p>    A washingtoni tan\u00e1cskoz\u00e1s a Politico szerint vas\u00e1rnap \u00e9jjel kezd\u0151d\u00f6tt egy sz\u00e1llod\u00e1ban, z\u00e1rt ajt\u00f3k k\u00f6z\u00f6tt \u00e9s v\u00e1rhat\u00f3an h\u00e1rom napig tart majd. Soros mellett a Demokrata P\u00e1rt, illetve Hillary Clinton kamp\u00e1ny\u00e1nak t\u00f6bb, d\u00fasgazdag liber\u00e1lis adom\u00e1nyoz\u00f3ja vesz r\u00e9szt rajta, de ott lesz Nancy Pelosi, a Demokrata P\u00e1rt kisebbs\u00e9gben l\u00e9v\u0151 k\u00e9pvisel\u0151i csoportj\u00e1nak vezet\u0151je, Elizabeth Warren massachusettsi szen\u00e1tor, a demokrat\u00e1k \u00fagynevezett balsz\u00e1rny\u00e1hoz sorolt politikus, vagy Keith Ellison, a Demokrata P\u00e1rt v\u00e1rhat\u00f3 vezet\u0151jek\u00e9nt eml\u00edtett minnesotai k\u00e9pvisel\u0151 is.<br \/>\n    A tan\u00e1cskoz\u00e1s az els\u0151 nagy \u00f6sszej\u00f6vetel\u00fck a demokrat\u00e1knak az\u00f3ta, hogy Hillary Clinton megbukott az eln\u00f6kv\u00e1laszt\u00e1son. A konferencia programj\u00e1b\u00f3l az rajzol\u00f3dik ki, hogy a liber\u00e1lisok teljes er\u0151bedob\u00e1ssal akarnak k\u00fczdeni Trump ellen: egyes szekci\u00f3\u00fcl\u00e9sek t\u00e9m\u00e1ja ugyanis az, hogy hogyan pr\u00f3b\u00e1lj\u00e1k meg kikezdeni, megakad\u00e1lyozni Donald Trump eln\u00f6ks\u00e9ge els\u0151 sz\u00e1z napj\u00e1nak programj\u00e1t, m\u00e1s szekci\u00f3\u00fcl\u00e9sek pedig m\u00e1r a k\u00e9t \u00e9v m\u00falva sorra ker\u00fcl\u0151, \u00fagynevezett f\u00e9lid\u0151s v\u00e1laszt\u00e1sokra \u00f6sszpontos\u00edtanak.<br \/>\n    A mostani tan\u00e1cskoz\u00e1st szervez\u0151 &#8211; a 2004-es eln\u00f6kv\u00e1laszt\u00e1s ut\u00e1n t\u00f6bbek k\u00f6z\u00f6tt Soros \u00e1ltal alap\u00edtott \u00e9s t\u00f6bb mint sz\u00e1z liber\u00e1lis milli\u00e1rdost t\u00f6m\u00f6r\u00edt\u0151 &#8211; Demokr\u00e1cia Sz\u00f6vets\u00e9g nev\u0171 adom\u00e1nyoz\u00f3i klub mostani l\u00e9tjogosults\u00e1g\u00e1r\u00f3l \u00e9s szerep\u00e9r\u0151l megoszlanak a v\u00e9lem\u00e9nyek, b\u00e1r a Politic\u00f3nak csak n\u00e9v n\u00e9lk\u00fcl akartak nyilatkozni err\u0151l. A demokrat\u00e1k egyik strat\u00e9g\u00e1ja szerint &#8222;nincs t\u00f6bbr\u0151l sz\u00f3, mint arr\u00f3l, hogy n\u00e9h\u00e1ny gazdag feh\u00e9r adom\u00e1nyoz\u00f3 \u00e9s szakszervezeti tiszts\u00e9gvisel\u0151 klubja \u00f6ssze\u00fcl, borozgat \u00e9s eml\u00e9keztet\u0151ket olvas fel, mik\u00f6zben a Demokrata P\u00e1rt porig \u00e9g&#8221;. Egy m\u00e1sik &#8211; szint\u00e9n neve elhallgat\u00e1s\u00e1t k\u00e9r\u0151 r\u00e9sztvev\u0151 &#8211; viszont arr\u00f3l besz\u00e9lt, hogy sem a Demokr\u00e1cia Sz\u00f6vets\u00e9gnek, sem \u00e1ltal\u00e1ban a Demokrata P\u00e1rtnak egy\u00e1ltal\u00e1n nincs sz\u00fcks\u00e9ge arra, hogy \u00fajra kital\u00e1lja, meghat\u00e1rozza \u00f6nmag\u00e1t, hanem ink\u00e1bb azt kell el\u00e9rni, hogy &#8222;a mieink nagyobb sz\u00e1mban menjenek el szavazni. Ehhez pedig olyan vonz\u00f3 jel\u00f6ltekre van sz\u00fcks\u00e9g, akik miatt a v\u00e1laszt\u00e1s napj\u00e1n elmennek voksolni&#8221;.<br \/>\n    Gara LaMarche, a Demokr\u00e1cia Sz\u00f6vets\u00e9g vezet\u0151je a vas\u00e1rnap este gy\u00fclekez\u0151 r\u00e9sztvev\u0151knek a vacsor\u00e1n elmondott besz\u00e9d\u00e9ben azonban azt mondta: igenis, napirenden van a korrekci\u00f3. &#8222;Egy v\u00e1laszt\u00e1st, amelyn\u00e9l gy\u0151zelemre sz\u00e1m\u00edtasz, csakis \u00fagy lehet elvesz\u00edteni, ha nagy hib\u00e1kat k\u00f6vetsz el a taktik\u00e1ban \u00e9s a strat\u00e9gi\u00e1ban&#8221; &#8211; fogalmazott LaMarche, aki szerint a korrekci\u00f3nak a d\u00fch \u00e9s az elkeseredetts\u00e9g ellen\u00e9re is an\u00e9lk\u00fcl kell megt\u00f6rt\u00e9nnie, hogy b\u0171nbakokat keresn\u00e9nek.<br \/>\n    A Demokr\u00e1cia Sz\u00f6vets\u00e9g 2005 \u00f3ta t\u00f6bb mint \u00f6tsz\u00e1zmilli\u00f3 doll\u00e1rt adom\u00e1nyozott olyan &#8211; a politikai baloldalon \u00e1ll\u00f3 &#8211; csoportoknak, mint a m\u00e9diafigyel\u00e9ssel foglalkoz\u00f3 Media Matrers, vagy a Clinton\u00e9khoz kifejezetten k\u00f6zel\u00e1ll\u00f3k\u00e9nt sz\u00e1mon tartott K\u00f6zpont az Amerikai Halad\u00e1s\u00e9rt (CAP), vagy a Catalist nev\u0171 adatb\u00e1ziskezel\u0151. A csoportok, illetve c\u00e9gek mindegyik\u00e9t a Clinton-h\u00e1zasp\u00e1rhoz k\u00f6zel\u00e1ll\u00f3 emberek ir\u00e1ny\u00edtj\u00e1k.         A Politico szerint a tan\u00e1cskoz\u00e1son kedden felsz\u00f3lal Soros Gy\u00f6rgy is, aki v\u00e1rhat\u00f3an a saj\u00e1t \u00e9lett\u00f6rt\u00e9net\u00e9t id\u00e9zi fel. A program szerint utal majd arra, hogy &#8222;\u00e9lt a n\u00e1cizmus alatt \u00e9s a kommunizmusban \u00e9s alap\u00edtv\u00e1nyait annak szenteli, hogy vil\u00e1gszerte megv\u00e9dje a ny\u00edlt t\u00e1rsadalmat, amely most az Egyes\u00fclt \u00c1llamokban is vesz\u00e9lybe ker\u00fclt&#8221;. LaMarche &#8211; aki kor\u00e1bban Soros Ny\u00edlt T\u00e1rsadalom alap\u00edtv\u00e1ny\u00e1n\u00e1l dolgozott &#8211; ugyanakkor a Politic\u00f3nak lesz\u00f6gezte, hogy Soros nem akarja a Trump ir\u00e1ny\u00edtotta Amerik\u00e1t a n\u00e1cizmushoz hasonl\u00edtani.(MTI)<\/p>\n","protected":false},"excerpt":{"rendered":"<p>A Politico c\u00edm\u0171 amerikai lap tud\u00f3s\u00edt\u00e1sa szerint Soros Gy\u00f6rgy \u00e9s m\u00e1s nagy liber\u00e1lis adom\u00e1nyoz\u00f3k tan\u00e1cskoznak Washingtonban szakszervezeti vezet\u0151kkel \u00e9s a demokrata p\u00e1rt egyes k\u00e9pvisel\u0151ivel, hogy a k\u00f6vetkez\u0151 \u00e9vekben mik\u00e9nt vegy\u00e9k fel harcot a megv\u00e1lasztott eln\u00f6k, Donald Trump terveivel, p\u00e9ld\u00e1ul az els\u0151 sz\u00e1z nap programj\u00e1val, amelyet az Obama-korszak eredm\u00e9nyei elleni sz\u00f6rny\u0171 t\u00e1mad\u00e1snak tartanak.<\/p>\n","protected":false},"author":1,"featured_media":41784,"comment_status":"open","ping_status":"closed","sticky":false,"template":"","format":"standard","meta":[],"categories":[403,146,4,246],"tags":[],"_links":{"self":[{"href":"https:\/\/gazdasagportal.hu\/index.php\/wp-json\/wp\/v2\/posts\/86637"}],"collection":[{"href":"https:\/\/gazdasagportal.hu\/index.php\/wp-json\/wp\/v2\/posts"}],"about":[{"href":"https:\/\/gazdasagportal.hu\/index.php\/wp-json\/wp\/v2\/types\/post"}],"author":[{"embeddable":true,"href":"https:\/\/gazdasagportal.hu\/index.php\/wp-json\/wp\/v2\/users\/1"}],"replies":[{"embeddable":true,"href":"https:\/\/gazdasagportal.hu\/index.php\/wp-json\/wp\/v2\/comments?post=86637"}],"version-history":[{"count":1,"href":"https:\/\/gazdasagportal.hu\/index.php\/wp-json\/wp\/v2\/posts\/86637\/revisions"}],"predecessor-version":[{"id":86638,"href":"https:\/\/gazdasagportal.hu\/index.php\/wp-json\/wp\/v2\/posts\/86637\/revisions\/86638"}],"wp:featuredmedia":[{"embeddable":true,"href":"https:\/\/gazdasagportal.hu\/index.php\/wp-json\/wp\/v2\/media\/41784"}],"wp:attachment":[{"href":"https:\/\/gazdasagportal.hu\/index.php\/wp-json\/wp\/v2\/media?parent=86637"}],"wp:term":[{"taxonomy":"category","embeddable":true,"href":"https:\/\/gazdasagportal.hu\/index.php\/wp-json\/wp\/v2\/categories?post=86637"},{"taxonomy":"post_tag","embeddable":true,"href":"https:\/\/gazdasagportal.hu\/index.php\/wp-json\/wp\/v2\/tags?post=86637"}],"curies":[{"name":"wp","href":"https:\/\/api.w.org\/{rel}","templated":true}]}}